{"id":5685,"date":"2023-06-30T16:01:20","date_gmt":"2023-06-30T16:01:20","guid":{"rendered":"https:\/\/revistaacropolis.com\/?p=5685"},"modified":"2023-06-30T16:22:05","modified_gmt":"2023-06-30T16:22:05","slug":"investigan-conflicto-de-interes-de-exauditor-por-rentar-edificio-a-contraloria-y-ocultar-propiedad","status":"publish","type":"post","link":"https:\/\/revistaacropolis.com\/index.php\/investigan-conflicto-de-interes-de-exauditor-por-rentar-edificio-a-contraloria-y-ocultar-propiedad\/politica\/","title":{"rendered":"Investigan conflicto de inter\u00e9s de exauditor por rentar edificio a Contralor\u00eda y ocultar propiedad"},"content":{"rendered":"\n<p>Por <strong>ocultar la propiedad de un edificio que renta a la Secretar\u00eda de la Contralor\u00eda estatal desde que era funcionario, el exauditor superior del estado Armando Rold\u00e1n Pimentel es investigado por conflicto de inter\u00e9s,<\/strong> indic\u00f3 al contralor de la entidad, \u00c1lvaro Bardales Ram\u00edrez.<\/p>\n\n\n\n<figure class=\"wp-block-pullquote\"><blockquote><p>Estamos trabajando bien fuerte en el tema del conflicto de inter\u00e9s. Lo estamos haciendo de manera conjunta Auditor\u00eda Superior del Estado de Hidalgo (ASEH), Secretar\u00eda de la Contralor\u00eda y otras instancias\u201d, afirm\u00f3.<\/p><\/blockquote><\/figure>\n\n\n\n<p>El 12 de junio pasado, <strong>Acr\u00f3polis Noticias public\u00f3 que en 2021 y 2022,&nbsp;la empresa Estrategias Corporativas de Alto Nivel S de RL de CV, representada en esos a\u00f1os por Margarita Mascar\u00faa Villareal, quien se desempe\u00f1aba como gerente general, arrend\u00f3 a la Contralor\u00eda<\/strong> -con C\u00e9sar Rom\u00e1n Mora Vel\u00e1zquez a la cabeza- un edificio de mil 533.64 metros cuadrados, ubicado en Zona Plateada, al gobierno estatal del expriista Omar Fayad Meneses, por un costo de 242 mil 315 pesos mensuales.<\/p>\n\n\n\n<figure class=\"wp-block-image size-full\"><img fetchpriority=\"high\" decoding=\"async\" width=\"919\" height=\"1024\" src=\"https:\/\/revistaacropolis.com\/wp-content\/uploads\/2023\/06\/image-16.png\" alt=\"\" class=\"wp-image-5687\" srcset=\"https:\/\/revistaacropolis.com\/wp-content\/uploads\/2023\/06\/image-16.png 919w, https:\/\/revistaacropolis.com\/wp-content\/uploads\/2023\/06\/image-16-269x300.png 269w, https:\/\/revistaacropolis.com\/wp-content\/uploads\/2023\/06\/image-16-768x856.png 768w, https:\/\/revistaacropolis.com\/wp-content\/uploads\/2023\/06\/image-16-538x600.png 538w\" sizes=\"(max-width: 919px) 100vw, 919px\" \/><\/figure>\n\n\n\n<p><strong>En 2023, ya durante la administraci\u00f3n del gobernador Julio Menchaca Salazar, la renta -por un a\u00f1o- disminuy\u00f3 a 230 mil 46 pesos mensuales<\/strong> sin impuestos. <strong>En esta ocasi\u00f3n quien firm\u00f3 el contrato como arrendador es Rold\u00e1n Pimentel,<\/strong> cuyo periodo en la ASEH dur\u00f3 del 14 de noviembre de 2017 al 31 de diciembre de 2022.&nbsp;<\/p>\n\n\n\n<p><strong><em>TAMBI\u00c9N PUEDES LEER: <\/em><\/strong> <a href=\"https:\/\/revistaacropolis.com\/index.php\/encargados-de-fiscalizar-gastan-mas-de-100-mil-en-rentas-exauditor-es-arrendador\/politica\/?fbclid=IwAR0N-V9Ba92oWsaU8hO7KVisa_gbAossAR95aN0EmcsgvniFDwN8UWwZjZc\">https:\/\/revistaacropolis.com\/index.php\/encargados-de-fiscalizar-gastan-mas-de-100-mil-en-rentas-exauditor-es-arrendador\/politica\/?fbclid=IwAR0N-V9Ba92oWsaU8hO7KVisa_gbAossAR95aN0EmcsgvniFDwN8UWwZjZc<\/a><\/p>\n\n\n\n<figure class=\"wp-block-embed is-type-wp-embed is-provider-acropolis wp-block-embed-acropolis\"><div class=\"wp-block-embed__wrapper\">\n<blockquote class=\"wp-embedded-content\" data-secret=\"NPgnkmX3k7\"><a href=\"https:\/\/revistaacropolis.com\/index.php\/hubo-conflicto-de-interes-en-renta-de-edificio-a-la-contraloria-por-parte-de-exauditor-valverde\/politica\/\">Hubo conflicto de inter\u00e9s en renta de edificio a la Contralor\u00eda por parte de exauditor: Valverde<\/a><\/blockquote><iframe class=\"wp-embedded-content\" sandbox=\"allow-scripts\" security=\"restricted\" style=\"position: absolute; clip: rect(1px, 1px, 1px, 1px);\" title=\"\u00abHubo conflicto de inter\u00e9s en renta de edificio a la Contralor\u00eda por parte de exauditor: Valverde\u00bb \u2014 ACR\u00d3POLIS\" src=\"https:\/\/revistaacropolis.com\/index.php\/hubo-conflicto-de-interes-en-renta-de-edificio-a-la-contraloria-por-parte-de-exauditor-valverde\/politica\/embed\/#?secret=UcuD5t2HqP#?secret=NPgnkmX3k7\" data-secret=\"NPgnkmX3k7\" width=\"600\" height=\"338\" frameborder=\"0\" marginwidth=\"0\" marginheight=\"0\" scrolling=\"no\"><\/iframe>\n<\/div><\/figure>\n\n\n\n<figure class=\"wp-block-image size-large\"><img decoding=\"async\" width=\"1024\" height=\"577\" src=\"https:\/\/revistaacropolis.com\/wp-content\/uploads\/2023\/06\/30-2-1024x577.png\" alt=\"\" class=\"wp-image-5688\" srcset=\"https:\/\/revistaacropolis.com\/wp-content\/uploads\/2023\/06\/30-2-1024x577.png 1024w, https:\/\/revistaacropolis.com\/wp-content\/uploads\/2023\/06\/30-2-300x169.png 300w, https:\/\/revistaacropolis.com\/wp-content\/uploads\/2023\/06\/30-2-768x433.png 768w, https:\/\/revistaacropolis.com\/wp-content\/uploads\/2023\/06\/30-2-1536x865.png 1536w, https:\/\/revistaacropolis.com\/wp-content\/uploads\/2023\/06\/30-2-600x338.png 600w, https:\/\/revistaacropolis.com\/wp-content\/uploads\/2023\/06\/30-2.png 1640w\" sizes=\"(max-width: 1024px) 100vw, 1024px\" \/><\/figure>\n\n\n\n<p>Bardales Ram\u00edrez <strong>confirm\u00f3 que el otrora encargado de fiscalizar el uso de los recursos p\u00fablicos que reciben los entes p\u00fablicos de la entidad es propietario del edificio que renta la Secretar\u00eda de la Contralor\u00eda para oficinas<\/strong> del Despacho, Direcci\u00f3n General de Administraci\u00f3n, Direcci\u00f3n de Responsabilidades y Situaci\u00f3n Patrimonial, Direcci\u00f3n General de Pol\u00edticas de Transparencia y Direcci\u00f3n General de \u00d3rganos de Control y Vigilancia.<\/p>\n\n\n\n<p>Consider\u00f3 que<strong> en dos o tres semanas presentar\u00e1n los resultados<\/strong> de la indagatoria contra Rold\u00e1n Pimentel.<\/p>\n\n\n\n<div class=\"wp-block-query is-layout-flow wp-block-query-is-layout-flow\"><ul class=\"wp-block-post-template is-layout-flow wp-block-post-template-is-layout-flow\"><li class=\"wp-block-post post-23409 post type-post status-publish format-standard has-post-thumbnail hentry category-sociedad tag-cecilia-del-rayo-vargas-chacon tag-desayuno-empresarial tag-hidalgo tag-paola-cruz tag-redmuem tag-silvino-lopez-tovar\">\n\n<div class=\"wp-block-columns are-vertically-aligned-center is-layout-flex wp-container-core-columns-is-layout-9d6595d7 wp-block-columns-is-layout-flex\">\n<div class=\"wp-block-column is-vertically-aligned-center is-layout-flow wp-block-column-is-layout-flow\" style=\"flex-basis:25%\"><figure class=\"wp-block-post-featured-image\"><a href=\"https:\/\/revistaacropolis.com\/index.php\/redmuem-hidalgo-fortalece-su-comunidad-empresarial-en-desayuno-exclusivo\/sociedad\/\" target=\"_self\"  ><img decoding=\"async\" width=\"2049\" height=\"1152\" src=\"https:\/\/revistaacropolis.com\/wp-content\/uploads\/2026\/04\/Portadas-Paginas-web-2026-04-30T125532.404.png\" class=\"attachment-post-thumbnail size-post-thumbnail wp-post-image\" alt=\"Redmuem Hidalgo fortalece su comunidad empresarial en desayuno exclusivo\" style=\"object-fit:cover;\" srcset=\"https:\/\/revistaacropolis.com\/wp-content\/uploads\/2026\/04\/Portadas-Paginas-web-2026-04-30T125532.404.png 2049w, https:\/\/revistaacropolis.com\/wp-content\/uploads\/2026\/04\/Portadas-Paginas-web-2026-04-30T125532.404-300x169.png 300w, https:\/\/revistaacropolis.com\/wp-content\/uploads\/2026\/04\/Portadas-Paginas-web-2026-04-30T125532.404-1024x576.png 1024w, https:\/\/revistaacropolis.com\/wp-content\/uploads\/2026\/04\/Portadas-Paginas-web-2026-04-30T125532.404-768x432.png 768w, https:\/\/revistaacropolis.com\/wp-content\/uploads\/2026\/04\/Portadas-Paginas-web-2026-04-30T125532.404-1536x864.png 1536w, https:\/\/revistaacropolis.com\/wp-content\/uploads\/2026\/04\/Portadas-Paginas-web-2026-04-30T125532.404-600x337.png 600w\" sizes=\"(max-width: 2049px) 100vw, 2049px\" \/><\/a><\/figure><\/div>\n\n\n\n<div class=\"wp-block-column is-vertically-aligned-center is-layout-flow wp-block-column-is-layout-flow\" style=\"flex-basis:75%\"><h2 class=\"wp-block-post-title has-small-font-size\"><a href=\"https:\/\/revistaacropolis.com\/index.php\/redmuem-hidalgo-fortalece-su-comunidad-empresarial-en-desayuno-exclusivo\/sociedad\/\" target=\"_self\" >Redmuem Hidalgo fortalece su comunidad empresarial en desayuno exclusivo<\/a><\/h2><\/div>\n<\/div>\n\n<\/li><li class=\"wp-block-post post-23402 post type-post status-publish format-standard has-post-thumbnail hentry category-sociedad tag-cristhian-martinez tag-feria-del-helado-artesanal-2026 tag-hidalgo tag-tula-de-allende tag-turismo\">\n\n<div class=\"wp-block-columns are-vertically-aligned-center is-layout-flex wp-container-core-columns-is-layout-9d6595d7 wp-block-columns-is-layout-flex\">\n<div class=\"wp-block-column is-vertically-aligned-center is-layout-flow wp-block-column-is-layout-flow\" style=\"flex-basis:25%\"><figure class=\"wp-block-post-featured-image\"><a href=\"https:\/\/revistaacropolis.com\/index.php\/impulsa-cristhian-martinez-el-turismo-la-cultura-y-la-gastronomia-con-la-feria-del-helado-artesanal-2026\/sociedad\/\" target=\"_self\"  ><img loading=\"lazy\" decoding=\"async\" width=\"2049\" height=\"1152\" src=\"https:\/\/revistaacropolis.com\/wp-content\/uploads\/2026\/04\/Portadas-Paginas-web-2026-04-29T124657.299.png\" class=\"attachment-post-thumbnail size-post-thumbnail wp-post-image\" alt=\"Impulsa Cristhian Mart\u00ednez el turismo, la cultura y la gastronom\u00eda con la Feria del Helado Artesanal 2026\" style=\"object-fit:cover;\" srcset=\"https:\/\/revistaacropolis.com\/wp-content\/uploads\/2026\/04\/Portadas-Paginas-web-2026-04-29T124657.299.png 2049w, https:\/\/revistaacropolis.com\/wp-content\/uploads\/2026\/04\/Portadas-Paginas-web-2026-04-29T124657.299-300x169.png 300w, https:\/\/revistaacropolis.com\/wp-content\/uploads\/2026\/04\/Portadas-Paginas-web-2026-04-29T124657.299-1024x576.png 1024w, https:\/\/revistaacropolis.com\/wp-content\/uploads\/2026\/04\/Portadas-Paginas-web-2026-04-29T124657.299-768x432.png 768w, https:\/\/revistaacropolis.com\/wp-content\/uploads\/2026\/04\/Portadas-Paginas-web-2026-04-29T124657.299-1536x864.png 1536w, https:\/\/revistaacropolis.com\/wp-content\/uploads\/2026\/04\/Portadas-Paginas-web-2026-04-29T124657.299-600x337.png 600w\" sizes=\"(max-width: 2049px) 100vw, 2049px\" \/><\/a><\/figure><\/div>\n\n\n\n<div class=\"wp-block-column is-vertically-aligned-center is-layout-flow wp-block-column-is-layout-flow\" style=\"flex-basis:75%\"><h2 class=\"wp-block-post-title has-small-font-size\"><a href=\"https:\/\/revistaacropolis.com\/index.php\/impulsa-cristhian-martinez-el-turismo-la-cultura-y-la-gastronomia-con-la-feria-del-helado-artesanal-2026\/sociedad\/\" target=\"_self\" >Impulsa Cristhian Mart\u00ednez el turismo, la cultura y la gastronom\u00eda con la Feria del Helado Artesanal 2026<\/a><\/h2><\/div>\n<\/div>\n\n<\/li><\/ul><\/div>\n\n\n\n<p>Dijo que <strong>la Oficial\u00eda Mayor,<\/strong> encabezada por Orlando \u00c1ngeles P\u00e9rez, que firm\u00f3 el 2 de enero pasado el contrato para renovar el arrendamiento del edificio marcado con el n\u00famero 301, <strong>mantiene suspendidos los pagos al exfuncionario.<\/strong><\/p>\n\n\n\n<figure class=\"wp-block-pullquote\"><blockquote><p>Si estamos trabajando enserio (\u2026) Es parte de la investigaci\u00f3n (la suspensi\u00f3n de los pagos)\u201d, asever\u00f3.<\/p><\/blockquote><\/figure>\n","protected":false},"excerpt":{"rendered":"<p>Por ocultar la propiedad de un edificio que renta a la Secretar\u00eda de la Contralor\u00eda estatal desde que era funcionario, el exauditor superior del estado Armando Rold\u00e1n Pimentel es investigado&hellip; <\/p>\n","protected":false},"author":4,"featured_media":5686,"comment_status":"closed","ping_status":"closed","sticky":false,"template":"","format":"standard","meta":{"two_page_speed":[],"_joinchat":[],"footnotes":""},"categories":[1],"tags":[1468,1257,129],"class_list":["post-5685","post","type-post","status-publish","format-standard","has-post-thumbnail","hentry","category-politica","tag-armando-roldan","tag-conflicto-de-interes","tag-contraloria"],"_links":{"self":[{"href":"https:\/\/revistaacropolis.com\/index.php\/wp-json\/wp\/v2\/posts\/5685","targetHints":{"allow":["GET"]}}],"collection":[{"href":"https:\/\/revistaacropolis.com\/index.php\/wp-json\/wp\/v2\/posts"}],"about":[{"href":"https:\/\/revistaacropolis.com\/index.php\/wp-json\/wp\/v2\/types\/post"}],"author":[{"embeddable":true,"href":"https:\/\/revistaacropolis.com\/index.php\/wp-json\/wp\/v2\/users\/4"}],"replies":[{"embeddable":true,"href":"https:\/\/revistaacropolis.com\/index.php\/wp-json\/wp\/v2\/comments?post=5685"}],"version-history":[{"count":3,"href":"https:\/\/revistaacropolis.com\/index.php\/wp-json\/wp\/v2\/posts\/5685\/revisions"}],"predecessor-version":[{"id":5698,"href":"https:\/\/revistaacropolis.com\/index.php\/wp-json\/wp\/v2\/posts\/5685\/revisions\/5698"}],"wp:featuredmedia":[{"embeddable":true,"href":"https:\/\/revistaacropolis.com\/index.php\/wp-json\/wp\/v2\/media\/5686"}],"wp:attachment":[{"href":"https:\/\/revistaacropolis.com\/index.php\/wp-json\/wp\/v2\/media?parent=5685"}],"wp:term":[{"taxonomy":"category","embeddable":true,"href":"https:\/\/revistaacropolis.com\/index.php\/wp-json\/wp\/v2\/categories?post=5685"},{"taxonomy":"post_tag","embeddable":true,"href":"https:\/\/revistaacropolis.com\/index.php\/wp-json\/wp\/v2\/tags?post=5685"}],"curies":[{"name":"wp","href":"https:\/\/api.w.org\/{rel}","templated":true}]}}