{"id":5699,"date":"2023-06-30T18:15:43","date_gmt":"2023-06-30T18:15:43","guid":{"rendered":"https:\/\/revistaacropolis.com\/?p=5699"},"modified":"2023-06-30T18:15:46","modified_gmt":"2023-06-30T18:15:46","slug":"quiere-papelero-176-mdp-para-surtir-550-mil-paquetes-de-utiles-escolares","status":"publish","type":"post","link":"https:\/\/revistaacropolis.com\/index.php\/quiere-papelero-176-mdp-para-surtir-550-mil-paquetes-de-utiles-escolares\/sociedad\/","title":{"rendered":"Quiere papelero 176 mdp para surtir 550 mil paquetes de \u00fatiles escolares"},"content":{"rendered":"\n<p><strong>Grupo Papelero Guti\u00e9rrez es el \u00fanico participante interesado en la licitaci\u00f3n EA-913003989-N116-2023 para la compra de m\u00e1s de 500 paquetes de \u00fatiles<\/strong> escolares para estudiantes de escuelas p\u00fablicas de de nivel b\u00e1sico, para la cual realiz\u00f3 <strong>una propuesta de 176 millones 55 mil 476.20 pesos.<\/strong><\/p>\n\n\n\n<p>De acuerdo con la presentaci\u00f3n y apertura de proposiciones, realizada ayer, <strong>la empresa representada por Mireya Rivera Alquicia es la \u00fanica que realiz\u00f3 una oferta econ\u00f3mica.<\/strong><\/p>\n\n\n\n<p>El fallo del concurso convocado por la Oficial\u00eda Mayor, a solicitud de la Secretar\u00eda de Educaci\u00f3n P\u00fablica de Hidalgo (SEPH), se llevar\u00e1 a cabo el pr\u00f3ximo 3 de julio.<\/p>\n\n\n\n<p>El concurso est\u00e1 integrado por <strong>11 partidas para adquirir 553 mil 66 paquetes escolares.<\/strong><\/p>\n\n\n\n<p>El convocante <strong>requiere 230 paquetes<\/strong> <strong>de \u201cCAI\u201d,<\/strong> integrados por cajas de pa\u00f1uelos, algod\u00f3n, toallas h\u00famedas, pomada para rozaduras, peine, loci\u00f3n corporal, crema, jab\u00f3n, pintura vin\u00edlica, pincel, toallas desinfectantes, gel, entre otros art\u00edculos.\u00a0Asimismo, <strong>mil 934 para educaci\u00f3n inicial ind\u00edgena integrado,<\/strong> con art\u00edculos similares al primero.<\/p>\n\n\n\n<p><strong>Para maternal y preescolar \u201cCAI SEPH Y CAI Estatales\u201d,\u00a0la oficial\u00eda requiere mil 214 paquetes<\/strong> que contengan pasta dental infantil, jab\u00f3n antibacterial, batas de arte, marcadores, colores de madera, pegamento, marcadores, tijeras, crayolas, entre otros materiales escolares.<\/p>\n\n\n\n<p>Para<strong> preescolar general, Aprendiendo en el Hospital Conafe e ind\u00edgena,\u00a0se requieren 89 mil 325 dotaciones<\/strong> para primero, segundo y tercer grado, que contengan cartulinas y colores, entre otros, as\u00ed como 144 mil 359 para el mismo sector, con cuadernos, l\u00e1pices, colores, sacapuntas, tijeras, reglas y gomas.<\/p>\n\n\n\n<p>En <strong>\u201cprimaria alta\u201d, de cuarto y sexto grado,\u00a0adquirir\u00e1n 102 mil 718 paquetes, <\/strong>que incluyan juego de geometr\u00eda y lapiceros, adem\u00e1s de <strong>51 mil 89 piezas para quinto grado.<\/strong><\/p>\n\n\n\n<div class=\"wp-block-query is-layout-flow wp-block-query-is-layout-flow\"><ul class=\"wp-block-post-template is-layout-flow wp-block-post-template-is-layout-flow\"><li class=\"wp-block-post post-23409 post type-post status-publish format-standard has-post-thumbnail hentry category-sociedad tag-cecilia-del-rayo-vargas-chacon tag-desayuno-empresarial tag-hidalgo tag-paola-cruz tag-redmuem tag-silvino-lopez-tovar\">\n\n<div class=\"wp-block-columns are-vertically-aligned-center is-layout-flex wp-container-core-columns-is-layout-9d6595d7 wp-block-columns-is-layout-flex\">\n<div class=\"wp-block-column is-vertically-aligned-center is-layout-flow wp-block-column-is-layout-flow\" style=\"flex-basis:25%\"><figure class=\"wp-block-post-featured-image\"><a href=\"https:\/\/revistaacropolis.com\/index.php\/redmuem-hidalgo-fortalece-su-comunidad-empresarial-en-desayuno-exclusivo\/sociedad\/\" target=\"_self\"  ><img fetchpriority=\"high\" decoding=\"async\" width=\"2049\" height=\"1152\" src=\"https:\/\/revistaacropolis.com\/wp-content\/uploads\/2026\/04\/Portadas-Paginas-web-2026-04-30T125532.404.png\" class=\"attachment-post-thumbnail size-post-thumbnail wp-post-image\" alt=\"Redmuem Hidalgo fortalece su comunidad empresarial en desayuno exclusivo\" style=\"object-fit:cover;\" srcset=\"https:\/\/revistaacropolis.com\/wp-content\/uploads\/2026\/04\/Portadas-Paginas-web-2026-04-30T125532.404.png 2049w, https:\/\/revistaacropolis.com\/wp-content\/uploads\/2026\/04\/Portadas-Paginas-web-2026-04-30T125532.404-300x169.png 300w, https:\/\/revistaacropolis.com\/wp-content\/uploads\/2026\/04\/Portadas-Paginas-web-2026-04-30T125532.404-1024x576.png 1024w, https:\/\/revistaacropolis.com\/wp-content\/uploads\/2026\/04\/Portadas-Paginas-web-2026-04-30T125532.404-768x432.png 768w, https:\/\/revistaacropolis.com\/wp-content\/uploads\/2026\/04\/Portadas-Paginas-web-2026-04-30T125532.404-1536x864.png 1536w, https:\/\/revistaacropolis.com\/wp-content\/uploads\/2026\/04\/Portadas-Paginas-web-2026-04-30T125532.404-600x337.png 600w\" sizes=\"(max-width: 2049px) 100vw, 2049px\" \/><\/a><\/figure><\/div>\n\n\n\n<div class=\"wp-block-column is-vertically-aligned-center has-small-font-size is-layout-flow wp-block-column-is-layout-flow\" style=\"flex-basis:75%\"><h2 class=\"wp-block-post-title has-small-font-size\"><a href=\"https:\/\/revistaacropolis.com\/index.php\/redmuem-hidalgo-fortalece-su-comunidad-empresarial-en-desayuno-exclusivo\/sociedad\/\" target=\"_self\" >Redmuem Hidalgo fortalece su comunidad empresarial en desayuno exclusivo<\/a><\/h2><\/div>\n<\/div>\n\n<\/li><li class=\"wp-block-post post-23402 post type-post status-publish format-standard has-post-thumbnail hentry category-sociedad tag-cristhian-martinez tag-feria-del-helado-artesanal-2026 tag-hidalgo tag-tula-de-allende tag-turismo\">\n\n<div class=\"wp-block-columns are-vertically-aligned-center is-layout-flex wp-container-core-columns-is-layout-9d6595d7 wp-block-columns-is-layout-flex\">\n<div class=\"wp-block-column is-vertically-aligned-center is-layout-flow wp-block-column-is-layout-flow\" style=\"flex-basis:25%\"><figure class=\"wp-block-post-featured-image\"><a href=\"https:\/\/revistaacropolis.com\/index.php\/impulsa-cristhian-martinez-el-turismo-la-cultura-y-la-gastronomia-con-la-feria-del-helado-artesanal-2026\/sociedad\/\" target=\"_self\"  ><img decoding=\"async\" width=\"2049\" height=\"1152\" src=\"https:\/\/revistaacropolis.com\/wp-content\/uploads\/2026\/04\/Portadas-Paginas-web-2026-04-29T124657.299.png\" class=\"attachment-post-thumbnail size-post-thumbnail wp-post-image\" alt=\"Impulsa Cristhian Mart\u00ednez el turismo, la cultura y la gastronom\u00eda con la Feria del Helado Artesanal 2026\" style=\"object-fit:cover;\" srcset=\"https:\/\/revistaacropolis.com\/wp-content\/uploads\/2026\/04\/Portadas-Paginas-web-2026-04-29T124657.299.png 2049w, https:\/\/revistaacropolis.com\/wp-content\/uploads\/2026\/04\/Portadas-Paginas-web-2026-04-29T124657.299-300x169.png 300w, https:\/\/revistaacropolis.com\/wp-content\/uploads\/2026\/04\/Portadas-Paginas-web-2026-04-29T124657.299-1024x576.png 1024w, https:\/\/revistaacropolis.com\/wp-content\/uploads\/2026\/04\/Portadas-Paginas-web-2026-04-29T124657.299-768x432.png 768w, https:\/\/revistaacropolis.com\/wp-content\/uploads\/2026\/04\/Portadas-Paginas-web-2026-04-29T124657.299-1536x864.png 1536w, https:\/\/revistaacropolis.com\/wp-content\/uploads\/2026\/04\/Portadas-Paginas-web-2026-04-29T124657.299-600x337.png 600w\" sizes=\"(max-width: 2049px) 100vw, 2049px\" \/><\/a><\/figure><\/div>\n\n\n\n<div class=\"wp-block-column is-vertically-aligned-center has-small-font-size is-layout-flow wp-block-column-is-layout-flow\" style=\"flex-basis:75%\"><h2 class=\"wp-block-post-title has-small-font-size\"><a href=\"https:\/\/revistaacropolis.com\/index.php\/impulsa-cristhian-martinez-el-turismo-la-cultura-y-la-gastronomia-con-la-feria-del-helado-artesanal-2026\/sociedad\/\" target=\"_self\" >Impulsa Cristhian Mart\u00ednez el turismo, la cultura y la gastronom\u00eda con la Feria del Helado Artesanal 2026<\/a><\/h2><\/div>\n<\/div>\n\n<\/li><\/ul><\/div>\n\n\n\n<p>Para <strong>secundaria general, t\u00e9cnica, telesecundaria y Conafe, en primer grado escolar, la SEPH requiri\u00f3 54 mil 615 paquetes,<\/strong> as\u00ed como <strong>106 mil 41 para segundo y tercer grado.<\/strong> Estos, adem\u00e1s de\u00a0\u00fatiles, cuadernos y escuadras, contendr\u00e1n diccionarios espa\u00f1ol-ingl\u00e9s e ingl\u00e9s-espa\u00f1ol en el primer caso.<\/p>\n\n\n\n<p>Para preescolar y primaria (primero a tercer grado)\u00a0en educaci\u00f3n especial se requieren 335 piezas, as\u00ed como mil 206 paquetes para primaria (cuarto a sexto)\u00a0y telesecundaria en en la misma modalidad.<\/p>\n","protected":false},"excerpt":{"rendered":"<p>Grupo Papelero Guti\u00e9rrez es el \u00fanico participante interesado en la licitaci\u00f3n EA-913003989-N116-2023 para la compra de m\u00e1s de 500 paquetes de \u00fatiles escolares para estudiantes de escuelas p\u00fablicas de de&hellip; <\/p>\n","protected":false},"author":4,"featured_media":5700,"comment_status":"closed","ping_status":"closed","sticky":false,"template":"","format":"standard","meta":{"two_page_speed":[],"_joinchat":[],"footnotes":""},"categories":[57],"tags":[205,95,1412],"class_list":["post-5699","post","type-post","status-publish","format-standard","has-post-thumbnail","hentry","category-sociedad","tag-licitacion","tag-ssph","tag-utiles-escolares"],"_links":{"self":[{"href":"https:\/\/revistaacropolis.com\/index.php\/wp-json\/wp\/v2\/posts\/5699","targetHints":{"allow":["GET"]}}],"collection":[{"href":"https:\/\/revistaacropolis.com\/index.php\/wp-json\/wp\/v2\/posts"}],"about":[{"href":"https:\/\/revistaacropolis.com\/index.php\/wp-json\/wp\/v2\/types\/post"}],"author":[{"embeddable":true,"href":"https:\/\/revistaacropolis.com\/index.php\/wp-json\/wp\/v2\/users\/4"}],"replies":[{"embeddable":true,"href":"https:\/\/revistaacropolis.com\/index.php\/wp-json\/wp\/v2\/comments?post=5699"}],"version-history":[{"count":1,"href":"https:\/\/revistaacropolis.com\/index.php\/wp-json\/wp\/v2\/posts\/5699\/revisions"}],"predecessor-version":[{"id":5701,"href":"https:\/\/revistaacropolis.com\/index.php\/wp-json\/wp\/v2\/posts\/5699\/revisions\/5701"}],"wp:featuredmedia":[{"embeddable":true,"href":"https:\/\/revistaacropolis.com\/index.php\/wp-json\/wp\/v2\/media\/5700"}],"wp:attachment":[{"href":"https:\/\/revistaacropolis.com\/index.php\/wp-json\/wp\/v2\/media?parent=5699"}],"wp:term":[{"taxonomy":"category","embeddable":true,"href":"https:\/\/revistaacropolis.com\/index.php\/wp-json\/wp\/v2\/categories?post=5699"},{"taxonomy":"post_tag","embeddable":true,"href":"https:\/\/revistaacropolis.com\/index.php\/wp-json\/wp\/v2\/tags?post=5699"}],"curies":[{"name":"wp","href":"https:\/\/api.w.org\/{rel}","templated":true}]}}