{"id":5841,"date":"2023-07-04T21:34:00","date_gmt":"2023-07-04T21:34:00","guid":{"rendered":"https:\/\/revistaacropolis.com\/?p=5841"},"modified":"2023-07-04T21:34:04","modified_gmt":"2023-07-04T21:34:04","slug":"cambio-de-elevadores-del-palacio-de-gobierno-costara-5-9-mdp","status":"publish","type":"post","link":"https:\/\/revistaacropolis.com\/index.php\/cambio-de-elevadores-del-palacio-de-gobierno-costara-5-9-mdp\/sociedad\/","title":{"rendered":"Cambio de elevadores del palacio de gobierno costar\u00e1 5.9 mdp"},"content":{"rendered":"\n<p>El cambio de los <strong>elevadores del palacio de gobierno, los cuales actualmente fallan, tendr\u00e1 un costo de 5.9 millones de pesos,<\/strong> de acuerdo con informaci\u00f3n del fallo de la licitaci\u00f3n p\u00fablica EO-SIPDUSN48-2023 que emiti\u00f3 la Secretar\u00eda de Infraestructura P\u00fablica y Desarrollo Urbano Sostenible (SIPDUS) de Hidalgo.<\/p>\n\n\n\n<p>Seg\u00fan el documento, <strong>el \u00fanico contratista que particip\u00f3 en la convocatoria fue Hugo Cornejo Hern\u00e1ndez,<\/strong> con una propuesta econ\u00f3mica de 5 millones 925 mil 977.18 pesos.<\/p>\n\n\n\n<p>De acuerdo con las bases, los servicios que se contrataron son +el retiro, suministro, instalaci\u00f3n y puesta en marcha de elevadores de pasajeros de seis paradas con capacidad m\u00e1xima de 1000 kilogramos cada uno,* para el inmueble ubicado en Pachuca.<\/p>\n\n\n\n<p>Estos tambi\u00e9n incluyen<strong> la adquisici\u00f3n y sustituci\u00f3n de puertas, botoneras, cabinas de acero inoxidable,<\/strong> maquinaria y sistema de desplazamiento en medidas adecuadas a los cubos existentes al interior del inmueble.<\/p>\n\n\n\n<p>TAMBI\u00c9N PUEDES LEER: <a href=\"https:\/\/revistaacropolis.com\/index.php\/licitacion-cambio-de-elevadores-del-palacio-de-gobierno-uno-no-sirve\/politica\/\">https:\/\/revistaacropolis.com\/index.php\/licitacion-cambio-de-elevadores-del-palacio-de-gobierno-uno-no-sirve\/politica\/<\/a><\/p>\n\n\n\n<p>Se desmantelar\u00e1n los elevadores existentes, lo cual incluye el desmontaje y retiro de la m\u00e1quina, con su polea, freno y bancada, del limitador de velocidad y su cableado, del tablero de control, del arn\u00e9s de conexiones el\u00e9ctricas, del cable viajero de conexi\u00f3n a cabina, de las botoneras de llamadas de piso y de los indicadores de posici\u00f3n, de los cables de acero tractores, de la cabina, del operador de la puerta de cabina, del chasis de p\u00f3rtico de la cabina, del marco de contrapeso, de las pesas del contrapeso, de las puertas de piso, de las gu\u00edas de cabina, de los soportes de gu\u00edas, de las gu\u00edas de contrapeso, de los soportes de gu\u00edas de contrapeso, as\u00ed como la limpieza de cuarto de m\u00e1quinas, del foso y el retiro de escombros y basura que se genere por el desmontaje de todo.<\/p>\n\n\n\n<div class=\"wp-block-query is-layout-flow wp-block-query-is-layout-flow\"><ul class=\"wp-block-post-template is-layout-flow wp-block-post-template-is-layout-flow\"><li class=\"wp-block-post post-23409 post type-post status-publish format-standard has-post-thumbnail hentry category-sociedad tag-cecilia-del-rayo-vargas-chacon tag-desayuno-empresarial tag-hidalgo tag-paola-cruz tag-redmuem tag-silvino-lopez-tovar\">\n\n<div class=\"wp-block-columns are-vertically-aligned-center is-layout-flex wp-container-core-columns-is-layout-9d6595d7 wp-block-columns-is-layout-flex\">\n<div class=\"wp-block-column is-vertically-aligned-center is-layout-flow wp-block-column-is-layout-flow\" style=\"flex-basis:25%\"><figure class=\"wp-block-post-featured-image\"><a href=\"https:\/\/revistaacropolis.com\/index.php\/redmuem-hidalgo-fortalece-su-comunidad-empresarial-en-desayuno-exclusivo\/sociedad\/\" target=\"_self\"  ><img fetchpriority=\"high\" decoding=\"async\" width=\"2049\" height=\"1152\" src=\"https:\/\/revistaacropolis.com\/wp-content\/uploads\/2026\/04\/Portadas-Paginas-web-2026-04-30T125532.404.png\" class=\"attachment-post-thumbnail size-post-thumbnail wp-post-image\" alt=\"Redmuem Hidalgo fortalece su comunidad empresarial en desayuno exclusivo\" style=\"object-fit:cover;\" srcset=\"https:\/\/revistaacropolis.com\/wp-content\/uploads\/2026\/04\/Portadas-Paginas-web-2026-04-30T125532.404.png 2049w, https:\/\/revistaacropolis.com\/wp-content\/uploads\/2026\/04\/Portadas-Paginas-web-2026-04-30T125532.404-300x169.png 300w, https:\/\/revistaacropolis.com\/wp-content\/uploads\/2026\/04\/Portadas-Paginas-web-2026-04-30T125532.404-1024x576.png 1024w, https:\/\/revistaacropolis.com\/wp-content\/uploads\/2026\/04\/Portadas-Paginas-web-2026-04-30T125532.404-768x432.png 768w, https:\/\/revistaacropolis.com\/wp-content\/uploads\/2026\/04\/Portadas-Paginas-web-2026-04-30T125532.404-1536x864.png 1536w, https:\/\/revistaacropolis.com\/wp-content\/uploads\/2026\/04\/Portadas-Paginas-web-2026-04-30T125532.404-600x337.png 600w\" sizes=\"(max-width: 2049px) 100vw, 2049px\" \/><\/a><\/figure><\/div>\n\n\n\n<div class=\"wp-block-column is-vertically-aligned-center is-layout-flow wp-block-column-is-layout-flow\" style=\"flex-basis:75%\"><h2 class=\"wp-block-post-title has-small-font-size\"><a href=\"https:\/\/revistaacropolis.com\/index.php\/redmuem-hidalgo-fortalece-su-comunidad-empresarial-en-desayuno-exclusivo\/sociedad\/\" target=\"_self\" >Redmuem Hidalgo fortalece su comunidad empresarial en desayuno exclusivo<\/a><\/h2><\/div>\n<\/div>\n\n<\/li><li class=\"wp-block-post post-23402 post type-post status-publish format-standard has-post-thumbnail hentry category-sociedad tag-cristhian-martinez tag-feria-del-helado-artesanal-2026 tag-hidalgo tag-tula-de-allende tag-turismo\">\n\n<div class=\"wp-block-columns are-vertically-aligned-center is-layout-flex wp-container-core-columns-is-layout-9d6595d7 wp-block-columns-is-layout-flex\">\n<div class=\"wp-block-column is-vertically-aligned-center is-layout-flow wp-block-column-is-layout-flow\" style=\"flex-basis:25%\"><figure class=\"wp-block-post-featured-image\"><a href=\"https:\/\/revistaacropolis.com\/index.php\/impulsa-cristhian-martinez-el-turismo-la-cultura-y-la-gastronomia-con-la-feria-del-helado-artesanal-2026\/sociedad\/\" target=\"_self\"  ><img decoding=\"async\" width=\"2049\" height=\"1152\" src=\"https:\/\/revistaacropolis.com\/wp-content\/uploads\/2026\/04\/Portadas-Paginas-web-2026-04-29T124657.299.png\" class=\"attachment-post-thumbnail size-post-thumbnail wp-post-image\" alt=\"Impulsa Cristhian Mart\u00ednez el turismo, la cultura y la gastronom\u00eda con la Feria del Helado Artesanal 2026\" style=\"object-fit:cover;\" srcset=\"https:\/\/revistaacropolis.com\/wp-content\/uploads\/2026\/04\/Portadas-Paginas-web-2026-04-29T124657.299.png 2049w, https:\/\/revistaacropolis.com\/wp-content\/uploads\/2026\/04\/Portadas-Paginas-web-2026-04-29T124657.299-300x169.png 300w, https:\/\/revistaacropolis.com\/wp-content\/uploads\/2026\/04\/Portadas-Paginas-web-2026-04-29T124657.299-1024x576.png 1024w, https:\/\/revistaacropolis.com\/wp-content\/uploads\/2026\/04\/Portadas-Paginas-web-2026-04-29T124657.299-768x432.png 768w, https:\/\/revistaacropolis.com\/wp-content\/uploads\/2026\/04\/Portadas-Paginas-web-2026-04-29T124657.299-1536x864.png 1536w, https:\/\/revistaacropolis.com\/wp-content\/uploads\/2026\/04\/Portadas-Paginas-web-2026-04-29T124657.299-600x337.png 600w\" sizes=\"(max-width: 2049px) 100vw, 2049px\" \/><\/a><\/figure><\/div>\n\n\n\n<div class=\"wp-block-column is-vertically-aligned-center is-layout-flow wp-block-column-is-layout-flow\" style=\"flex-basis:75%\"><h2 class=\"wp-block-post-title has-small-font-size\"><a href=\"https:\/\/revistaacropolis.com\/index.php\/impulsa-cristhian-martinez-el-turismo-la-cultura-y-la-gastronomia-con-la-feria-del-helado-artesanal-2026\/sociedad\/\" target=\"_self\" >Impulsa Cristhian Mart\u00ednez el turismo, la cultura y la gastronom\u00eda con la Feria del Helado Artesanal 2026<\/a><\/h2><\/div>\n<\/div>\n\n<\/li><\/ul><\/div>\n\n\n\n<p>Tambi\u00e9n se <strong>realizar\u00e1 la adecuaci\u00f3n para la correcta instalaci\u00f3n de los nuevos sistemas de transporte vertical y el suministro e instalaci\u00f3n de los nuevos aparatos<\/strong> de traslado de personas al interior del Palacio de Gobierno.<\/p>\n","protected":false},"excerpt":{"rendered":"<p>El cambio de los elevadores del palacio de gobierno, los cuales actualmente fallan, tendr\u00e1 un costo de 5.9 millones de pesos, de acuerdo con informaci\u00f3n del fallo de la licitaci\u00f3n&hellip; <\/p>\n","protected":false},"author":9,"featured_media":5842,"comment_status":"closed","ping_status":"closed","sticky":false,"template":"","format":"standard","meta":{"two_page_speed":[],"_joinchat":[],"footnotes":""},"categories":[57],"tags":[1357,600,308],"class_list":["post-5841","post","type-post","status-publish","format-standard","has-post-thumbnail","hentry","category-sociedad","tag-elevadores","tag-obras","tag-palacio-de-gobierno"],"_links":{"self":[{"href":"https:\/\/revistaacropolis.com\/index.php\/wp-json\/wp\/v2\/posts\/5841","targetHints":{"allow":["GET"]}}],"collection":[{"href":"https:\/\/revistaacropolis.com\/index.php\/wp-json\/wp\/v2\/posts"}],"about":[{"href":"https:\/\/revistaacropolis.com\/index.php\/wp-json\/wp\/v2\/types\/post"}],"author":[{"embeddable":true,"href":"https:\/\/revistaacropolis.com\/index.php\/wp-json\/wp\/v2\/users\/9"}],"replies":[{"embeddable":true,"href":"https:\/\/revistaacropolis.com\/index.php\/wp-json\/wp\/v2\/comments?post=5841"}],"version-history":[{"count":1,"href":"https:\/\/revistaacropolis.com\/index.php\/wp-json\/wp\/v2\/posts\/5841\/revisions"}],"predecessor-version":[{"id":5843,"href":"https:\/\/revistaacropolis.com\/index.php\/wp-json\/wp\/v2\/posts\/5841\/revisions\/5843"}],"wp:featuredmedia":[{"embeddable":true,"href":"https:\/\/revistaacropolis.com\/index.php\/wp-json\/wp\/v2\/media\/5842"}],"wp:attachment":[{"href":"https:\/\/revistaacropolis.com\/index.php\/wp-json\/wp\/v2\/media?parent=5841"}],"wp:term":[{"taxonomy":"category","embeddable":true,"href":"https:\/\/revistaacropolis.com\/index.php\/wp-json\/wp\/v2\/categories?post=5841"},{"taxonomy":"post_tag","embeddable":true,"href":"https:\/\/revistaacropolis.com\/index.php\/wp-json\/wp\/v2\/tags?post=5841"}],"curies":[{"name":"wp","href":"https:\/\/api.w.org\/{rel}","templated":true}]}}