{"id":5899,"date":"2023-07-06T21:06:51","date_gmt":"2023-07-06T21:06:51","guid":{"rendered":"https:\/\/revistaacropolis.com\/?p=5899"},"modified":"2023-07-07T01:16:21","modified_gmt":"2023-07-07T01:16:21","slug":"con-burros-tablajeros-encaran-a-regidor-por-decir-que-venden-carne-contaminada-en-rastro-de-pachuca","status":"publish","type":"post","link":"https:\/\/revistaacropolis.com\/index.php\/con-burros-tablajeros-encaran-a-regidor-por-decir-que-venden-carne-contaminada-en-rastro-de-pachuca\/politica\/","title":{"rendered":"Con burros, tablajeros encaran a regidor por decir que venden carne contaminada en rastro de Pachuca"},"content":{"rendered":"\n<p>Con <strong>burros y mandas con diversos se\u00f1alamientos, tablajeros del rastro municipal de Pachuca protestaron en Casa Rule contra el regidor de Morena, Ricardo Islas Salinas, a quien acusaron de extorsi\u00f3n y de difamarlo<\/strong> por decir que venden carne contaminada, lo que les ha ocasionado p\u00e9rdida en sus ingresos, dijeron.<\/p>\n\n\n\n<figure class=\"wp-block-pullquote\"><blockquote><p>Hemos sido perseguidos en una campa\u00f1a de desprestigio para todos nosotros, y con eso econ\u00f3micamente ha bajado mucho las ventas\u201d, dijo Joel Hern\u00e1ndez Otamendi, presidente de la Asociaci\u00f3n de C\u00e1rnicos de la Zona Metropolitana de Pachuca.<\/p><\/blockquote><\/figure>\n\n\n\n<figure class=\"wp-block-image size-large\"><img fetchpriority=\"high\" decoding=\"async\" width=\"1024\" height=\"577\" src=\"https:\/\/revistaacropolis.com\/wp-content\/uploads\/2023\/07\/6-4-1024x577.png\" alt=\"\" class=\"wp-image-5901\" srcset=\"https:\/\/revistaacropolis.com\/wp-content\/uploads\/2023\/07\/6-4-1024x577.png 1024w, https:\/\/revistaacropolis.com\/wp-content\/uploads\/2023\/07\/6-4-300x169.png 300w, https:\/\/revistaacropolis.com\/wp-content\/uploads\/2023\/07\/6-4-768x433.png 768w, https:\/\/revistaacropolis.com\/wp-content\/uploads\/2023\/07\/6-4-1536x865.png 1536w, https:\/\/revistaacropolis.com\/wp-content\/uploads\/2023\/07\/6-4-600x338.png 600w, https:\/\/revistaacropolis.com\/wp-content\/uploads\/2023\/07\/6-4.png 1640w\" sizes=\"(max-width: 1024px) 100vw, 1024px\" \/><\/figure>\n\n\n\n<p>Indic\u00f3 que <strong>en el rastro trabajan 60 personas y de manera indirecta impacta a 400, entre menuderos, tablajeros y expendedores de c\u00e1rnicos, que son afectados por \u201cla lengua tan suelta\u201d del asamble\u00edsta,<\/strong> a quien se\u00f1ala de desacreditarlos y ver \u201cpor sus intereses propios\u201d.<\/p>\n\n\n\n<p>Sostuvo que interpondr\u00e1n una demanda civil, pues el edil dijo que en el rastro se vende carne contaminada. <strong>Agreg\u00f3 que hay dos carpetas de investigaci\u00f3n contra el morenista por da\u00f1o moral, espionaje, cohecho y abuso de autoridad.<\/strong><\/p>\n\n\n\n<p>Asimismo, asever\u00f3 que el asamble\u00edsta busc\u00f3 extorsionados para qu\u00e9 continuar\u00e1n con el comodato para el uso del rastro.<\/p>\n\n\n\n<figure class=\"wp-block-image size-large\"><img decoding=\"async\" width=\"1024\" height=\"577\" src=\"https:\/\/revistaacropolis.com\/wp-content\/uploads\/2023\/07\/6-5-1024x577.png\" alt=\"\" class=\"wp-image-5902\" srcset=\"https:\/\/revistaacropolis.com\/wp-content\/uploads\/2023\/07\/6-5-1024x577.png 1024w, https:\/\/revistaacropolis.com\/wp-content\/uploads\/2023\/07\/6-5-300x169.png 300w, https:\/\/revistaacropolis.com\/wp-content\/uploads\/2023\/07\/6-5-768x433.png 768w, https:\/\/revistaacropolis.com\/wp-content\/uploads\/2023\/07\/6-5-1536x865.png 1536w, https:\/\/revistaacropolis.com\/wp-content\/uploads\/2023\/07\/6-5-600x338.png 600w, https:\/\/revistaacropolis.com\/wp-content\/uploads\/2023\/07\/6-5.png 1640w\" sizes=\"(max-width: 1024px) 100vw, 1024px\" \/><\/figure>\n\n\n\n<blockquote class=\"wp-block-quote is-layout-flow wp-block-quote-is-layout-flow\">\n<p>Nosotros s\u00ed tenemos pruebas, no como \u00e9l, que habla sin fundamento, nada m\u00e1s habla porque Dios le dio boca y as\u00ed no se vale\u201d, expuso.<\/p>\n<\/blockquote>\n\n\n\n<p>El representante asegur\u00f3 que <strong>cuentan con un veterinario que certifica la calidad de la carne que se comercia en Pachuca, misma que insistieron en que se comercia en buenas condiciones.<\/strong><\/p>\n\n\n\n<p>Los quejosos tambi\u00e9n exigieron una soluci\u00f3n a su solicitud para seguir contando con el comodato del rastro, el cual se venci\u00f3 desde 2020.<\/p>\n\n\n\n<p>Tras finalizar la sesi\u00f3n de Cabildo que se desarrollaba a la par de la protesta, <strong>el regidor de Morena asegur\u00f3 que la acci\u00f3n fue un acto de \u201cdesesperaci\u00f3n\u201d de los administradores<\/strong> \u201cporque ya se les acab\u00f3 la mina que ten\u00edan ah\u00ed\u201d.<\/p>\n\n\n\n<figure class=\"wp-block-image size-large\"><img decoding=\"async\" width=\"1024\" height=\"577\" src=\"https:\/\/revistaacropolis.com\/wp-content\/uploads\/2023\/07\/6-6-1-1024x577.png\" alt=\"\" class=\"wp-image-5906\" srcset=\"https:\/\/revistaacropolis.com\/wp-content\/uploads\/2023\/07\/6-6-1-1024x577.png 1024w, https:\/\/revistaacropolis.com\/wp-content\/uploads\/2023\/07\/6-6-1-300x169.png 300w, https:\/\/revistaacropolis.com\/wp-content\/uploads\/2023\/07\/6-6-1-768x433.png 768w, https:\/\/revistaacropolis.com\/wp-content\/uploads\/2023\/07\/6-6-1-1536x865.png 1536w, https:\/\/revistaacropolis.com\/wp-content\/uploads\/2023\/07\/6-6-1-600x338.png 600w, https:\/\/revistaacropolis.com\/wp-content\/uploads\/2023\/07\/6-6-1.png 1640w\" sizes=\"(max-width: 1024px) 100vw, 1024px\" \/><\/figure>\n\n\n\n<p>El regidor neg\u00f3 que haya extorsionado a los tabaqueros y cuestion\u00f3 si el veterinario del matadero animal est\u00e1 certificados.<\/p>\n\n\n\n<p>Asever\u00f3 que existe un dictamen de que <strong>en la sala de refrigeraci\u00f3n no funcionan los ventiladores, en lo cual basa su dicho de que hay carne de mala calidad. <\/strong>Insisti\u00f3 en que hay corrupci\u00f3n y desv\u00edos de 50 millones de pesos.<\/p>\n\n\n\n<p>El edil acus\u00f3 que luego de la muerte de un trabajador del rastro \u201cnadie dijo nada\u201d.<\/p>\n\n\n\n<p>Islas Salinas expuso que las dos propuestas de empresas que buscaban tener el comodato fueron rechazadas y en enviada al Comit\u00e9 de Concesiones, por lo que emitir\u00e1 una licitaci\u00f3n p\u00fablica nacional para concursarlo.<\/p>\n\n\n\n<p><strong>ENCARAN A ISLAS SALINAS EN CABILDO<\/strong><\/p>\n\n\n\n<p>Posteriormente, <strong>los tablajeros subieron a la sala de Cabildo para recriminar al asamble\u00edsta y exigirle que se retracte de sus acusaciones,<\/strong> adem\u00e1s de llamarlo \u201cignorante\u201d sobre la situaci\u00f3n jur\u00eddica que persiste tras el vencimiento del comodato.<\/p>\n\n\n\n<p>Tras increparlo mientras pretend\u00eda retirarse, <strong>se llev\u00f3 a cabo una reuni\u00f3n con un grupo de 10 tablajero, \u00e9l y autoridades municipales.<\/strong><\/p>\n\n\n\n<p>Al finalizar, Hern\u00e1ndez <strong>Otamendi afirm\u00f3 que en la reuni\u00f3n acordaron que Islas Salinas borrara de sus redes sociales las publicaciones que ha hecho contra del rastro,<\/strong> las cuales consider\u00f3 como \u201cbasura\u201d.<\/p>\n\n\n\n<figure class=\"wp-block-image size-large\"><img loading=\"lazy\" decoding=\"async\" width=\"1024\" height=\"577\" src=\"https:\/\/revistaacropolis.com\/wp-content\/uploads\/2023\/07\/6-7-1024x577.png\" alt=\"\" class=\"wp-image-5908\" srcset=\"https:\/\/revistaacropolis.com\/wp-content\/uploads\/2023\/07\/6-7-1024x577.png 1024w, https:\/\/revistaacropolis.com\/wp-content\/uploads\/2023\/07\/6-7-300x169.png 300w, https:\/\/revistaacropolis.com\/wp-content\/uploads\/2023\/07\/6-7-768x433.png 768w, https:\/\/revistaacropolis.com\/wp-content\/uploads\/2023\/07\/6-7-1536x865.png 1536w, https:\/\/revistaacropolis.com\/wp-content\/uploads\/2023\/07\/6-7-600x338.png 600w, https:\/\/revistaacropolis.com\/wp-content\/uploads\/2023\/07\/6-7.png 1640w\" sizes=\"(max-width: 1024px) 100vw, 1024px\" \/><\/figure>\n\n\n\n<figure class=\"wp-block-pullquote\"><blockquote><p>Est\u00e1 haciendo un pacto con nosotros que de que va a bajar toda esa informaci\u00f3n que \u00e9l subi\u00f3 y va a hacer frente en los juzgados con las demandas que se tienen mientras que el ayuntamiento resuelve la situaci\u00f3n del rastro, para que siga operando o no operando\u201d, expuso.<\/p><\/blockquote><\/figure>\n\n\n\n<p>El representante dijo que <strong>antes de que se emita la licitaci\u00f3n p\u00fablica -que se encuentra en comisiones- acordaron tener una pl\u00e1tica con el presidente municipal, Sergio Ba\u00f1os Rubio.<\/strong><\/p>\n\n\n\n<p>Expuso que su agrupaci\u00f3n tiene intenci\u00f3n de participar en el concurso para mantener el comodato, aunque <strong>dijo que no est\u00e1n \u201ccasados con el rastro\u201d.<\/strong><\/p>\n\n\n\n<div class=\"wp-block-query is-layout-flow wp-block-query-is-layout-flow\"><ul class=\"wp-block-post-template is-layout-flow wp-block-post-template-is-layout-flow\"><li class=\"wp-block-post post-23409 post type-post status-publish format-standard has-post-thumbnail hentry category-sociedad tag-cecilia-del-rayo-vargas-chacon tag-desayuno-empresarial tag-hidalgo tag-paola-cruz tag-redmuem tag-silvino-lopez-tovar\">\n\n<div class=\"wp-block-columns are-vertically-aligned-center is-layout-flex wp-container-core-columns-is-layout-9d6595d7 wp-block-columns-is-layout-flex\">\n<div class=\"wp-block-column is-vertically-aligned-center is-layout-flow wp-block-column-is-layout-flow\" style=\"flex-basis:25%\"><figure class=\"wp-block-post-featured-image\"><a href=\"https:\/\/revistaacropolis.com\/index.php\/redmuem-hidalgo-fortalece-su-comunidad-empresarial-en-desayuno-exclusivo\/sociedad\/\" target=\"_self\"  ><img loading=\"lazy\" decoding=\"async\" width=\"2049\" height=\"1152\" src=\"https:\/\/revistaacropolis.com\/wp-content\/uploads\/2026\/04\/Portadas-Paginas-web-2026-04-30T125532.404.png\" class=\"attachment-post-thumbnail size-post-thumbnail wp-post-image\" alt=\"Redmuem Hidalgo fortalece su comunidad empresarial en desayuno exclusivo\" style=\"object-fit:cover;\" srcset=\"https:\/\/revistaacropolis.com\/wp-content\/uploads\/2026\/04\/Portadas-Paginas-web-2026-04-30T125532.404.png 2049w, https:\/\/revistaacropolis.com\/wp-content\/uploads\/2026\/04\/Portadas-Paginas-web-2026-04-30T125532.404-300x169.png 300w, https:\/\/revistaacropolis.com\/wp-content\/uploads\/2026\/04\/Portadas-Paginas-web-2026-04-30T125532.404-1024x576.png 1024w, https:\/\/revistaacropolis.com\/wp-content\/uploads\/2026\/04\/Portadas-Paginas-web-2026-04-30T125532.404-768x432.png 768w, https:\/\/revistaacropolis.com\/wp-content\/uploads\/2026\/04\/Portadas-Paginas-web-2026-04-30T125532.404-1536x864.png 1536w, https:\/\/revistaacropolis.com\/wp-content\/uploads\/2026\/04\/Portadas-Paginas-web-2026-04-30T125532.404-600x337.png 600w\" sizes=\"(max-width: 2049px) 100vw, 2049px\" \/><\/a><\/figure><\/div>\n\n\n\n<div class=\"wp-block-column is-vertically-aligned-center is-layout-flow wp-block-column-is-layout-flow\" style=\"flex-basis:75%\"><h2 class=\"wp-block-post-title has-small-font-size\"><a href=\"https:\/\/revistaacropolis.com\/index.php\/redmuem-hidalgo-fortalece-su-comunidad-empresarial-en-desayuno-exclusivo\/sociedad\/\" target=\"_self\" >Redmuem Hidalgo fortalece su comunidad empresarial en desayuno exclusivo<\/a><\/h2><\/div>\n<\/div>\n\n<\/li><li class=\"wp-block-post post-23402 post type-post status-publish format-standard has-post-thumbnail hentry category-sociedad tag-cristhian-martinez tag-feria-del-helado-artesanal-2026 tag-hidalgo tag-tula-de-allende tag-turismo\">\n\n<div class=\"wp-block-columns are-vertically-aligned-center is-layout-flex wp-container-core-columns-is-layout-9d6595d7 wp-block-columns-is-layout-flex\">\n<div class=\"wp-block-column is-vertically-aligned-center is-layout-flow wp-block-column-is-layout-flow\" style=\"flex-basis:25%\"><figure class=\"wp-block-post-featured-image\"><a href=\"https:\/\/revistaacropolis.com\/index.php\/impulsa-cristhian-martinez-el-turismo-la-cultura-y-la-gastronomia-con-la-feria-del-helado-artesanal-2026\/sociedad\/\" target=\"_self\"  ><img loading=\"lazy\" decoding=\"async\" width=\"2049\" height=\"1152\" src=\"https:\/\/revistaacropolis.com\/wp-content\/uploads\/2026\/04\/Portadas-Paginas-web-2026-04-29T124657.299.png\" class=\"attachment-post-thumbnail size-post-thumbnail wp-post-image\" alt=\"Impulsa Cristhian Mart\u00ednez el turismo, la cultura y la gastronom\u00eda con la Feria del Helado Artesanal 2026\" style=\"object-fit:cover;\" srcset=\"https:\/\/revistaacropolis.com\/wp-content\/uploads\/2026\/04\/Portadas-Paginas-web-2026-04-29T124657.299.png 2049w, https:\/\/revistaacropolis.com\/wp-content\/uploads\/2026\/04\/Portadas-Paginas-web-2026-04-29T124657.299-300x169.png 300w, https:\/\/revistaacropolis.com\/wp-content\/uploads\/2026\/04\/Portadas-Paginas-web-2026-04-29T124657.299-1024x576.png 1024w, https:\/\/revistaacropolis.com\/wp-content\/uploads\/2026\/04\/Portadas-Paginas-web-2026-04-29T124657.299-768x432.png 768w, https:\/\/revistaacropolis.com\/wp-content\/uploads\/2026\/04\/Portadas-Paginas-web-2026-04-29T124657.299-1536x864.png 1536w, https:\/\/revistaacropolis.com\/wp-content\/uploads\/2026\/04\/Portadas-Paginas-web-2026-04-29T124657.299-600x337.png 600w\" sizes=\"(max-width: 2049px) 100vw, 2049px\" \/><\/a><\/figure><\/div>\n\n\n\n<div class=\"wp-block-column is-vertically-aligned-center is-layout-flow wp-block-column-is-layout-flow\" style=\"flex-basis:75%\"><h2 class=\"wp-block-post-title has-small-font-size\"><a href=\"https:\/\/revistaacropolis.com\/index.php\/impulsa-cristhian-martinez-el-turismo-la-cultura-y-la-gastronomia-con-la-feria-del-helado-artesanal-2026\/sociedad\/\" target=\"_self\" >Impulsa Cristhian Mart\u00ednez el turismo, la cultura y la gastronom\u00eda con la Feria del Helado Artesanal 2026<\/a><\/h2><\/div>\n<\/div>\n\n<\/li><\/ul><\/div>\n\n\n\n<p>Sin embargo, asever\u00f3 que <strong>no permitir\u00edan que \u201cpersonas de fuera\u201d operen el centro de matanza animal,<\/strong> pues dijo que \u201cPachuca es de los pachuque\u00f1os\u201d.<\/p>\n\n\n\n<blockquote class=\"wp-block-quote is-layout-flow wp-block-quote-is-layout-flow\">\n<p>Si llega una persona for\u00e1nea, pues va a venir con miras a ganar el merado de la carne, entonces todos los compa\u00f1eros que est\u00e1n aqu\u00ed presente, en d\u00f3nde quedan\u201d, expres\u00f3.<\/p>\n<\/blockquote>\n","protected":false},"excerpt":{"rendered":"<p>Con burros y mandas con diversos se\u00f1alamientos, tablajeros del rastro municipal de Pachuca protestaron en Casa Rule contra el regidor de Morena, Ricardo Islas Salinas, a quien acusaron de extorsi\u00f3n&hellip; <\/p>\n","protected":false},"author":4,"featured_media":5900,"comment_status":"closed","ping_status":"closed","sticky":false,"template":"","format":"standard","meta":{"two_page_speed":[],"_joinchat":[],"footnotes":""},"categories":[1],"tags":[91,1511,1512],"class_list":["post-5899","post","type-post","status-publish","format-standard","has-post-thumbnail","hentry","category-politica","tag-pachuca","tag-rastro","tag-ricardo-islas"],"_links":{"self":[{"href":"https:\/\/revistaacropolis.com\/index.php\/wp-json\/wp\/v2\/posts\/5899","targetHints":{"allow":["GET"]}}],"collection":[{"href":"https:\/\/revistaacropolis.com\/index.php\/wp-json\/wp\/v2\/posts"}],"about":[{"href":"https:\/\/revistaacropolis.com\/index.php\/wp-json\/wp\/v2\/types\/post"}],"author":[{"embeddable":true,"href":"https:\/\/revistaacropolis.com\/index.php\/wp-json\/wp\/v2\/users\/4"}],"replies":[{"embeddable":true,"href":"https:\/\/revistaacropolis.com\/index.php\/wp-json\/wp\/v2\/comments?post=5899"}],"version-history":[{"count":4,"href":"https:\/\/revistaacropolis.com\/index.php\/wp-json\/wp\/v2\/posts\/5899\/revisions"}],"predecessor-version":[{"id":5964,"href":"https:\/\/revistaacropolis.com\/index.php\/wp-json\/wp\/v2\/posts\/5899\/revisions\/5964"}],"wp:featuredmedia":[{"embeddable":true,"href":"https:\/\/revistaacropolis.com\/index.php\/wp-json\/wp\/v2\/media\/5900"}],"wp:attachment":[{"href":"https:\/\/revistaacropolis.com\/index.php\/wp-json\/wp\/v2\/media?parent=5899"}],"wp:term":[{"taxonomy":"category","embeddable":true,"href":"https:\/\/revistaacropolis.com\/index.php\/wp-json\/wp\/v2\/categories?post=5899"},{"taxonomy":"post_tag","embeddable":true,"href":"https:\/\/revistaacropolis.com\/index.php\/wp-json\/wp\/v2\/tags?post=5899"}],"curies":[{"name":"wp","href":"https:\/\/api.w.org\/{rel}","templated":true}]}}