{"id":6197,"date":"2023-07-13T15:22:34","date_gmt":"2023-07-13T15:22:34","guid":{"rendered":"https:\/\/revistaacropolis.com\/?p=6197"},"modified":"2023-07-13T15:22:40","modified_gmt":"2023-07-13T15:22:40","slug":"decir-que-no-fui-militante-otra-torpeza-politica-del-pri-de-hoy-responde-felix-tras-negarle-renuncia","status":"publish","type":"post","link":"https:\/\/revistaacropolis.com\/index.php\/decir-que-no-fui-militante-otra-torpeza-politica-del-pri-de-hoy-responde-felix-tras-negarle-renuncia\/politica\/","title":{"rendered":"Decir que no fui militante, otra \u00abtorpeza pol\u00edtica del PRI  de hoy\u00bb, responde Felix tras \u00abnegarle\u00bb renuncia"},"content":{"rendered":"\n<p>Luego de que la dirigencia estatal del <strong>Partido Revolucionario Institucional (PRI) afirm\u00f3 que su renuncia no proced\u00eda porque no est\u00e1 registrado como militante, el presidente municipal de Mineral de la Reforma, Israel Felix Soto, sostuvo que la contestaci\u00f3n es \u201cuna m\u00e1s de las torpezas pol\u00edticas\u201d<\/strong> que ha cometido \u201cel PRI de hoy\u201d, que no reconoce \u201csus fallas\u201d.<\/p>\n\n\n\n<p>Tras la presentaci\u00f3n de la ExpoFeria Mineral de la Reforma 2024, <strong>el edil ahora sin partido dijo que desde hace muchos a\u00f1os particip\u00f3 en el tricolor <\/strong>como consejero pol\u00edtico municipal, estatal y nacional, as\u00ed como integrantes del Frente Juvenil y la La Confederaci\u00f3n Nacional de Organizaciones Populares (CNOP).<\/p>\n\n\n\n<p>El pasado viernes, la dirigencia que encabeza Marco Antonio Mendoza Bustamante <strong>inform\u00f3 que el 23 de junio la Comisi\u00f3n Estatal de Justicia Partidaria, que encabeza C\u00e9sar Jim\u00e9nez, recibi\u00f3 un escrito signado por el edil mineralreformense,<\/strong> en el que manifiesta su intenci\u00f3n de renunciar al tricolor.<\/p>\n\n\n\n<p>No obstante, dijo que,\u00a0una vez hecha la consulta al padr\u00f3n partidista registrado ante el Instituto Nacional Electora (INE)l, <strong>se verific\u00f3 que \u201cno existe registro\u201d como militante de Felix Soto, quien aspir\u00f3 a obtener la candidata priista por la gubernatura de Hidalgo en 2022.<\/strong><\/p>\n\n\n\n<blockquote class=\"wp-block-quote is-layout-flow wp-block-quote-is-layout-flow\">\n<p>Quise hacer mi salida del PRI como alguien profesional, como siempre he tratado de ser respetuoso con mis compa\u00f1eros, que ahora son mis excompa\u00f1eros (\u2026) yo no iba a salir vitupereando ni golpeando ni a haciendo alarde de que ya me voy\u201d, expuso el alcalde.<\/p>\n<\/blockquote>\n\n\n\n<p>Acus\u00f3 que las actuales dirigencia estatal y nacional del PRI h<strong>an alejado al partido \u201cde sus principios b\u00e1sicos\u201d.<\/strong><\/p>\n\n\n\n<p>Cuestionado <strong>si se sumara al Grupo Plural Independiente, que encabeza el exgobernador Omar Fayad Meneses -del cual es cercano- junto a expriista, o a alg\u00fan partido pol\u00edtico,<\/strong> el presidente municipal evadi\u00f3 responder y dijo que \u00e9l \u201cseguir\u00e1 trabajando por la transformaci\u00f3n de Mineral de la Reforma\u201d.<\/p>\n\n\n\n<figure class=\"wp-block-pullquote\"><blockquote><p>Hoy contamos no con u grupo pol\u00edtico, no contamos con una estructura pol\u00edtica, contamos con muchos amigos alrededor del estado que nos respalda\u201d, asever\u00f3.<\/p><\/blockquote><\/figure>\n\n\n\n<p>Afirm\u00f3 que continuar\u00e1 al frente de la organizaci\u00f3n de presidentes municipales que encabeza hasta que termine su mandato.<\/p>\n","protected":false},"excerpt":{"rendered":"<p>Luego de que la dirigencia estatal del Partido Revolucionario Institucional (PRI) afirm\u00f3 que su renuncia no proced\u00eda porque no est\u00e1 registrado como militante, el presidente municipal de Mineral de la&hellip; <\/p>\n","protected":false},"author":4,"featured_media":6198,"comment_status":"closed","ping_status":"closed","sticky":false,"template":"","format":"standard","meta":{"two_page_speed":[],"_joinchat":[],"footnotes":""},"categories":[1],"tags":[1413,122,1429],"class_list":["post-6197","post","type-post","status-publish","format-standard","has-post-thumbnail","hentry","category-politica","tag-felix","tag-pri","tag-renuncia"],"_links":{"self":[{"href":"https:\/\/revistaacropolis.com\/index.php\/wp-json\/wp\/v2\/posts\/6197","targetHints":{"allow":["GET"]}}],"collection":[{"href":"https:\/\/revistaacropolis.com\/index.php\/wp-json\/wp\/v2\/posts"}],"about":[{"href":"https:\/\/revistaacropolis.com\/index.php\/wp-json\/wp\/v2\/types\/post"}],"author":[{"embeddable":true,"href":"https:\/\/revistaacropolis.com\/index.php\/wp-json\/wp\/v2\/users\/4"}],"replies":[{"embeddable":true,"href":"https:\/\/revistaacropolis.com\/index.php\/wp-json\/wp\/v2\/comments?post=6197"}],"version-history":[{"count":1,"href":"https:\/\/revistaacropolis.com\/index.php\/wp-json\/wp\/v2\/posts\/6197\/revisions"}],"predecessor-version":[{"id":6199,"href":"https:\/\/revistaacropolis.com\/index.php\/wp-json\/wp\/v2\/posts\/6197\/revisions\/6199"}],"wp:featuredmedia":[{"embeddable":true,"href":"https:\/\/revistaacropolis.com\/index.php\/wp-json\/wp\/v2\/media\/6198"}],"wp:attachment":[{"href":"https:\/\/revistaacropolis.com\/index.php\/wp-json\/wp\/v2\/media?parent=6197"}],"wp:term":[{"taxonomy":"category","embeddable":true,"href":"https:\/\/revistaacropolis.com\/index.php\/wp-json\/wp\/v2\/categories?post=6197"},{"taxonomy":"post_tag","embeddable":true,"href":"https:\/\/revistaacropolis.com\/index.php\/wp-json\/wp\/v2\/tags?post=6197"}],"curies":[{"name":"wp","href":"https:\/\/api.w.org\/{rel}","templated":true}]}}