{"id":620,"date":"2023-02-13T19:16:59","date_gmt":"2023-02-13T19:16:59","guid":{"rendered":"https:\/\/revistaacropolis.com\/?p=620"},"modified":"2023-02-14T02:56:09","modified_gmt":"2023-02-14T02:56:09","slug":"dice-banos-que-analiza-llamado-del-pri-a-votar-vs-reforma-electoral-de-menchaca","status":"publish","type":"post","link":"https:\/\/revistaacropolis.com\/index.php\/dice-banos-que-analiza-llamado-del-pri-a-votar-vs-reforma-electoral-de-menchaca\/politica\/","title":{"rendered":"Dice Ba\u00f1os que \u00abanaliza\u00bb llamado del PRI a votar vs reforma electoral de Menchaca"},"content":{"rendered":"\n<p>Tras el llamado del presidente nacional del Partido Revolucionario Institucional (PRI), Alejando Moreno C\u00e1rdenas, Alito, a los cabildos tricolores a votar en contra de la reforma electoral del gobernador Julio Menchaca Salazar, el alcalde Sergio Ba\u00f1os dio que <strong>est\u00e1 \u00abanalizando\u00bb la solicitud de su dirigente.<\/strong><\/p>\n\n\n\n<p>[su_quote cite=\u00bbHoy lo m\u00e1s importante es que las familias pachuque\u00f1as tengan buenos resultados por parte de los miembros del Cabildo; analizaremos y votaremos conforme se debe de hacer. Hoy no haya colores&#8217;, afirm\u00f3 en conferencia de prensa\u00bb][\/su_quote]<\/p>\n\n\n\n<p>Al insistirle sobre su postura, el edi de extracci\u00f3n priista respondi\u00f3: <strong>\u00abEstoy analizandolo y ustedes lo van a ver en la Asamblea\u00bb.<\/strong><\/p>\n\n\n\n<p>Reiter\u00f3 que el tema se debe analizar <strong>\u00abmuy bien\u00bb<\/strong> en <strong>\u00abbeneficio del estado de Hidalgo y de las familias pachuque\u00f1as\u00bb.<\/strong><\/p>\n\n\n\n<p>La reforma constitucional avalada el pasado diciembre <strong>prev\u00e9 una gobernatura de dos a\u00f1os en 2028 para que a partir de 2030<\/strong> los comicios estatales se empatan con los federales. Asimismo, regresa a las alcald\u00edas de tres a\u00f1os, con opci\u00f3n a una reelecci\u00f3n.<\/p>\n\n\n\n<p>Ba\u00f1os Rubio <strong>afirm\u00f3 que no ha tenido acercamiento con del gobernador Julio Menchaca Salazar<\/strong> para abordar el tema de la reforma electoral ni tampoco un llamado del mandatario morenista a sancionar la favor.<\/p>\n\n\n\n<p>De acuerdo con Servicios Legislativos del Congreso local, <strong>hasta el viernes pasado 28 ayuntamientos hab\u00edan aprobado las modificaciones constitucionales;<\/strong> entre ellos, ayuntamientos de filiaci\u00f3n pri\u00edsta.<\/p>\n\n\n\n<p>Adem\u00e1s de Alito Morena, el presidente estatal del PRI, Julio Valera Piedras, <strong>exhort\u00f3 todos los cabildos y alcaldes emanados de su partido a no avalar la reforma electoral <\/strong>de Menchaca Salazar.<\/p>\n\n\n\n<p>Seg\u00fan el Comit\u00e9 Directivo Estatal tricolor, una gubernatura de dos a\u00f1os, como lo contempla el decreto, <strong>requiere mucha inversi\u00f3n innecesaria<\/strong>, adem\u00e1s de que ese tiempo<strong> no es suficiente para establecer al Poder Ejecutivo.<\/strong><\/p>\n\n\n\n<p>Para que la reforma constitucional sea v\u00e1lida, <strong>se requiere el aval de al menos 43 ayuntamientos.<\/strong><\/p>\n","protected":false},"excerpt":{"rendered":"<p>Tras el llamado del presidente nacional del Partido Revolucionario Institucional (PRI), Alejando Moreno C\u00e1rdenas, Alito, a los cabildos tricolores a votar en contra de la reforma electoral del gobernador Julio&hellip; <\/p>\n","protected":false},"author":4,"featured_media":621,"comment_status":"closed","ping_status":"closed","sticky":false,"template":"","format":"standard","meta":{"two_page_speed":[],"_joinchat":[],"footnotes":""},"categories":[1],"tags":[109,91,122],"class_list":["post-620","post","type-post","status-publish","format-standard","has-post-thumbnail","hentry","category-politica","tag-banos","tag-pachuca","tag-pri"],"_links":{"self":[{"href":"https:\/\/revistaacropolis.com\/index.php\/wp-json\/wp\/v2\/posts\/620","targetHints":{"allow":["GET"]}}],"collection":[{"href":"https:\/\/revistaacropolis.com\/index.php\/wp-json\/wp\/v2\/posts"}],"about":[{"href":"https:\/\/revistaacropolis.com\/index.php\/wp-json\/wp\/v2\/types\/post"}],"author":[{"embeddable":true,"href":"https:\/\/revistaacropolis.com\/index.php\/wp-json\/wp\/v2\/users\/4"}],"replies":[{"embeddable":true,"href":"https:\/\/revistaacropolis.com\/index.php\/wp-json\/wp\/v2\/comments?post=620"}],"version-history":[{"count":2,"href":"https:\/\/revistaacropolis.com\/index.php\/wp-json\/wp\/v2\/posts\/620\/revisions"}],"predecessor-version":[{"id":653,"href":"https:\/\/revistaacropolis.com\/index.php\/wp-json\/wp\/v2\/posts\/620\/revisions\/653"}],"wp:featuredmedia":[{"embeddable":true,"href":"https:\/\/revistaacropolis.com\/index.php\/wp-json\/wp\/v2\/media\/621"}],"wp:attachment":[{"href":"https:\/\/revistaacropolis.com\/index.php\/wp-json\/wp\/v2\/media?parent=620"}],"wp:term":[{"taxonomy":"category","embeddable":true,"href":"https:\/\/revistaacropolis.com\/index.php\/wp-json\/wp\/v2\/categories?post=620"},{"taxonomy":"post_tag","embeddable":true,"href":"https:\/\/revistaacropolis.com\/index.php\/wp-json\/wp\/v2\/tags?post=620"}],"curies":[{"name":"wp","href":"https:\/\/api.w.org\/{rel}","templated":true}]}}