{"id":6412,"date":"2023-07-18T19:32:04","date_gmt":"2023-07-18T19:32:04","guid":{"rendered":"https:\/\/revistaacropolis.com\/?p=6412"},"modified":"2023-07-18T19:32:06","modified_gmt":"2023-07-18T19:32:06","slug":"emprende-tula-cruzada-en-favorde-un-adecuado-manejo-de-basura","status":"publish","type":"post","link":"https:\/\/revistaacropolis.com\/index.php\/emprende-tula-cruzada-en-favorde-un-adecuado-manejo-de-basura\/sociedad\/comunicados\/","title":{"rendered":"Emprende Tula cruzada en favorde un adecuado manejo de basura"},"content":{"rendered":"\n<p>El Gobierno de Tula de Allende hizo un llamado a la poblaci\u00f3n a ser parte de la cruzada \u00abTula Limpia: Responsabilidad Colectiva\u00bb. El prop\u00f3sito es evitar tirar basura en las calles en todo momento, pero fundamentalmente durante esta temporada de lluvias.<\/p>\n\n\n\n<p>La administraci\u00f3n p\u00fablica que encabeza Manuel Hern\u00e1ndez Badillo, subray\u00f3 que, la acumulaci\u00f3n de desechos en las v\u00edas p\u00fablicas representa un grave problema que propicia anegaciones en diversos puntos de nuestra comunidad.<\/p>\n\n\n\n<figure class=\"wp-block-image size-large\"><img fetchpriority=\"high\" decoding=\"async\" width=\"1024\" height=\"682\" src=\"https:\/\/revistaacropolis.com\/wp-content\/uploads\/2023\/07\/WhatsApp-Image-2023-07-18-at-11.28.24-AM-1024x682.jpeg\" alt=\"\" class=\"wp-image-6414\" srcset=\"https:\/\/revistaacropolis.com\/wp-content\/uploads\/2023\/07\/WhatsApp-Image-2023-07-18-at-11.28.24-AM-1024x682.jpeg 1024w, https:\/\/revistaacropolis.com\/wp-content\/uploads\/2023\/07\/WhatsApp-Image-2023-07-18-at-11.28.24-AM-300x200.jpeg 300w, https:\/\/revistaacropolis.com\/wp-content\/uploads\/2023\/07\/WhatsApp-Image-2023-07-18-at-11.28.24-AM-768x512.jpeg 768w, https:\/\/revistaacropolis.com\/wp-content\/uploads\/2023\/07\/WhatsApp-Image-2023-07-18-at-11.28.24-AM-1536x1023.jpeg 1536w, https:\/\/revistaacropolis.com\/wp-content\/uploads\/2023\/07\/WhatsApp-Image-2023-07-18-at-11.28.24-AM-600x400.jpeg 600w, https:\/\/revistaacropolis.com\/wp-content\/uploads\/2023\/07\/WhatsApp-Image-2023-07-18-at-11.28.24-AM.jpeg 1600w\" sizes=\"(max-width: 1024px) 100vw, 1024px\" \/><\/figure>\n\n\n\n<p>Record\u00f3 que, es responsabilidad de todos mantener nuestra ciudad limpia y segura y ello implica tomar medidas para prevenir situaciones adversas que tarde o temprano afectan a cada uno de los habitantes.<\/p>\n\n\n\n<p>La basura arrojada en las calles obstruye los drenajes pluviales y dificulta el flujo adecuado del agua, generando anegaciones que afectan a nuestras familias, comercios y espacios p\u00fablicos.<\/p>\n\n\n\n<p>\u00abHacemos un llamado a la conciencia ciudadana y a la colaboraci\u00f3n de cada uno de nuestros habitantes. Tomemos acci\u00f3n y marquemos la diferencia\u00bb, demand\u00f3 la Presidencia municipal.<\/p>\n\n\n\n<p>El aporte social en esta cruzada consiste, b\u00e1sicamente, en:<br>Utilizar los contenedores de basura correctamente: Aseg\u00farate de desechar sus residuos en los contenedores y no dejar bolsas de basura en la v\u00eda p\u00fablica.<\/p>\n\n\n\n<p>Asegur\u00f3 que cada uno de nosotros tiene el deber social de ser responsable con nuestros desechos.<br>Convoc\u00f3 a siempre llevar consigo una bolsa para la basura cuando est\u00e9s fuera de casa y desecha tus residuos en lugares designados.<\/p>\n\n\n\n<p>Educaci\u00f3n y concienciaci\u00f3n: Comparte esta informaci\u00f3n con tu familia, amigos y vecinos. Explica los riesgos y consecuencias de tirar basura en las calles durante la temporada de lluvias.<\/p>\n\n\n\n<figure class=\"wp-block-image size-large\"><img decoding=\"async\" width=\"1024\" height=\"682\" src=\"https:\/\/revistaacropolis.com\/wp-content\/uploads\/2023\/07\/WhatsApp-Image-2023-07-18-at-11.28.25-AM-2-1024x682.jpeg\" alt=\"\" class=\"wp-image-6415\" srcset=\"https:\/\/revistaacropolis.com\/wp-content\/uploads\/2023\/07\/WhatsApp-Image-2023-07-18-at-11.28.25-AM-2-1024x682.jpeg 1024w, https:\/\/revistaacropolis.com\/wp-content\/uploads\/2023\/07\/WhatsApp-Image-2023-07-18-at-11.28.25-AM-2-300x200.jpeg 300w, https:\/\/revistaacropolis.com\/wp-content\/uploads\/2023\/07\/WhatsApp-Image-2023-07-18-at-11.28.25-AM-2-768x512.jpeg 768w, https:\/\/revistaacropolis.com\/wp-content\/uploads\/2023\/07\/WhatsApp-Image-2023-07-18-at-11.28.25-AM-2-1536x1023.jpeg 1536w, https:\/\/revistaacropolis.com\/wp-content\/uploads\/2023\/07\/WhatsApp-Image-2023-07-18-at-11.28.25-AM-2-600x400.jpeg 600w, https:\/\/revistaacropolis.com\/wp-content\/uploads\/2023\/07\/WhatsApp-Image-2023-07-18-at-11.28.25-AM-2.jpeg 1600w\" sizes=\"(max-width: 1024px) 100vw, 1024px\" \/><\/figure>\n\n\n\n<p>La colaboraci\u00f3n y el compromiso de todos son fundamentales para mantener nuestra ciudad limpia y prevenir anegaciones. Recuerda, cada acci\u00f3n individual suma y contribuye a un bienestar colectivo.<\/p>\n\n\n\n<p>El Gobierno Municipal de Tula de Allende, se compromete a tomar medidas para promover la limpieza y conciencia ambiental en nuestra comunidad.<\/p>\n\n\n\n<p>Nunca m\u00e1s en Tula de Allende tragedias como la de 2021.<\/p>\n","protected":false},"excerpt":{"rendered":"<p>El Gobierno de Tula de Allende hizo un llamado a la poblaci\u00f3n a ser parte de la cruzada \u00abTula Limpia: Responsabilidad Colectiva\u00bb. El prop\u00f3sito es evitar tirar basura en las&hellip; <\/p>\n","protected":false},"author":4,"featured_media":6413,"comment_status":"closed","ping_status":"closed","sticky":false,"template":"","format":"standard","meta":{"two_page_speed":[],"_joinchat":[],"footnotes":""},"categories":[86],"tags":[],"class_list":["post-6412","post","type-post","status-publish","format-standard","has-post-thumbnail","hentry","category-comunicados"],"_links":{"self":[{"href":"https:\/\/revistaacropolis.com\/index.php\/wp-json\/wp\/v2\/posts\/6412","targetHints":{"allow":["GET"]}}],"collection":[{"href":"https:\/\/revistaacropolis.com\/index.php\/wp-json\/wp\/v2\/posts"}],"about":[{"href":"https:\/\/revistaacropolis.com\/index.php\/wp-json\/wp\/v2\/types\/post"}],"author":[{"embeddable":true,"href":"https:\/\/revistaacropolis.com\/index.php\/wp-json\/wp\/v2\/users\/4"}],"replies":[{"embeddable":true,"href":"https:\/\/revistaacropolis.com\/index.php\/wp-json\/wp\/v2\/comments?post=6412"}],"version-history":[{"count":1,"href":"https:\/\/revistaacropolis.com\/index.php\/wp-json\/wp\/v2\/posts\/6412\/revisions"}],"predecessor-version":[{"id":6416,"href":"https:\/\/revistaacropolis.com\/index.php\/wp-json\/wp\/v2\/posts\/6412\/revisions\/6416"}],"wp:featuredmedia":[{"embeddable":true,"href":"https:\/\/revistaacropolis.com\/index.php\/wp-json\/wp\/v2\/media\/6413"}],"wp:attachment":[{"href":"https:\/\/revistaacropolis.com\/index.php\/wp-json\/wp\/v2\/media?parent=6412"}],"wp:term":[{"taxonomy":"category","embeddable":true,"href":"https:\/\/revistaacropolis.com\/index.php\/wp-json\/wp\/v2\/categories?post=6412"},{"taxonomy":"post_tag","embeddable":true,"href":"https:\/\/revistaacropolis.com\/index.php\/wp-json\/wp\/v2\/tags?post=6412"}],"curies":[{"name":"wp","href":"https:\/\/api.w.org\/{rel}","templated":true}]}}