{"id":6500,"date":"2023-07-20T22:19:13","date_gmt":"2023-07-20T22:19:13","guid":{"rendered":"https:\/\/revistaacropolis.com\/?p=6500"},"modified":"2023-07-20T22:19:15","modified_gmt":"2023-07-20T22:19:15","slug":"cada-octubre-promoveran-la-voluntad-anticipada-en-hidalgo","status":"publish","type":"post","link":"https:\/\/revistaacropolis.com\/index.php\/cada-octubre-promoveran-la-voluntad-anticipada-en-hidalgo\/politica\/","title":{"rendered":"Cada octubre promover\u00e1n la voluntad anticipada en Hidalgo"},"content":{"rendered":"\n<p>En octubre de cada a\u00f1o en Hidalgo se promover\u00e1n <strong>las \u201cbondades\u201d de la voluntad anticipada, que es la decisi\u00f3n que puede tomar una persona con capacidad de ejercicio para ser sometida o no a tratamientos o procedimientos m\u00e9dicos<\/strong> que pretenden prolongar artificialmente su vida cuando sufre una enfermedad en etapa termina.<\/p>\n\n\n\n<p>Esto, tras la firma de convenio que realiz\u00f3 el Congreso local y autoridades del gobierno estatal. Durante el acto, el diputado local Timoteo L\u00f3pez P\u00e9rez, presidente de la Comisi\u00f3n de Adultos Mayores, <strong>explic\u00f3 que la Organizaci\u00f3n Mundial de la Salud (OMS) define la enfermedad en etapa terminal como la que carece de tratamiento espec\u00edfico curativo o capaz de retrasar su evoluci\u00f3n.<\/strong><\/p>\n\n\n\n<p>Refiri\u00f3 que actualmente es posible suscribir un formato de voluntad anticipada, protegiendo la dignidad de la persona. <strong>Explic\u00f3 que este documento debe suscribirse ante notario p\u00fablico y podr\u00e1 realizarlo cualquier persona con capacidad de ejercicio y en pleno uso de sus facultades mentales que manifieste la petici\u00f3n libre, consciente, seria, inequ\u00edvoca y reiterada de no someterse a procedimientos m\u00e9dicos <\/strong>que propicien obstinaci\u00f3n m\u00e9dica; es decir, los utilizados para mantener vivo a un enfermo en etapa terminal.<\/p>\n\n\n\n<p>L\u00f3pez P\u00e9rez inform\u00f3 que en 2011 se emiti\u00f3 la Ley de Voluntad Anticipada del estado y que solo 14 de las 32 entidades del pa\u00eds cuentan con esta normatividad. Adem\u00e1s, <strong>se\u00f1al\u00f3 que solo la Ciudad de M\u00e9xico e Hidalgo han firmado este convenio, con el cual se establecer\u00e1 en el estado en octubre de cada a\u00f1o el mes de voluntad anticipada.<\/strong><\/p>\n\n\n\n<figure class=\"wp-block-pullquote\"><blockquote><p>Pretendemos promover una pol\u00edtica p\u00fablica mediante la difusi\u00f3n de sus bondades y la capacitaci\u00f3n de la sociedad y de los profesionales de la salud, para que cada d\u00eda llegue a m\u00e1s familias para su bienestar integral, concientizando a las personas a que no tienen que esperar a tener una enfermedad terminal para firmar y obtener este documento ante notario p\u00fablico y se brinden todas las facilidades necesarias para su otorgamiento, dando mayor certeza jur\u00eddica a dichos actos\u201d, mencion\u00f3.<\/p><\/blockquote><\/figure>\n\n\n\n<p>Lidia Patricia Mart\u00ednez G\u00f3mez, presidenta del Colegio de Notarios de Hidalgo, <strong>refiri\u00f3 que con la firma del convenio los notarios p\u00fablicos elaborar\u00e1n el documento de voluntad anticipada, en el que cualquier persona mayor de 18 a\u00f1os, con capacidad de ejercicio y en pleno uso de sus facultades mentales, podr\u00e1 manifestar de forma libre,<\/strong> consciente e inequ\u00edvoca la decisi\u00f3n de aceptar medidas terap\u00e9uticas, incluyendo cuidados paliativos, y rechazar tratamientos extraordinarios que la sit\u00faen en una obstinaci\u00f3n terap\u00e9utica, as\u00ed como decidir qui\u00e9n ser\u00e1 su representante, que vigilar\u00e1 que se cumplan lo estipulado en el documento.<\/p>\n\n\n\n<div class=\"wp-block-query is-layout-flow wp-block-query-is-layout-flow\"><ul class=\"wp-block-post-template is-layout-flow wp-block-post-template-is-layout-flow\"><li class=\"wp-block-post post-23409 post type-post status-publish format-standard has-post-thumbnail hentry category-sociedad tag-cecilia-del-rayo-vargas-chacon tag-desayuno-empresarial tag-hidalgo tag-paola-cruz tag-redmuem tag-silvino-lopez-tovar\">\n\n<div class=\"wp-block-columns are-vertically-aligned-center is-layout-flex wp-container-core-columns-is-layout-9d6595d7 wp-block-columns-is-layout-flex\">\n<div class=\"wp-block-column is-vertically-aligned-center is-layout-flow wp-block-column-is-layout-flow\" style=\"flex-basis:25%\"><figure class=\"wp-block-post-featured-image\"><a href=\"https:\/\/revistaacropolis.com\/index.php\/redmuem-hidalgo-fortalece-su-comunidad-empresarial-en-desayuno-exclusivo\/sociedad\/\" target=\"_self\"  ><img fetchpriority=\"high\" decoding=\"async\" width=\"2049\" height=\"1152\" src=\"https:\/\/revistaacropolis.com\/wp-content\/uploads\/2026\/04\/Portadas-Paginas-web-2026-04-30T125532.404.png\" class=\"attachment-post-thumbnail size-post-thumbnail wp-post-image\" alt=\"Redmuem Hidalgo fortalece su comunidad empresarial en desayuno exclusivo\" style=\"object-fit:cover;\" srcset=\"https:\/\/revistaacropolis.com\/wp-content\/uploads\/2026\/04\/Portadas-Paginas-web-2026-04-30T125532.404.png 2049w, https:\/\/revistaacropolis.com\/wp-content\/uploads\/2026\/04\/Portadas-Paginas-web-2026-04-30T125532.404-300x169.png 300w, https:\/\/revistaacropolis.com\/wp-content\/uploads\/2026\/04\/Portadas-Paginas-web-2026-04-30T125532.404-1024x576.png 1024w, https:\/\/revistaacropolis.com\/wp-content\/uploads\/2026\/04\/Portadas-Paginas-web-2026-04-30T125532.404-768x432.png 768w, https:\/\/revistaacropolis.com\/wp-content\/uploads\/2026\/04\/Portadas-Paginas-web-2026-04-30T125532.404-1536x864.png 1536w, https:\/\/revistaacropolis.com\/wp-content\/uploads\/2026\/04\/Portadas-Paginas-web-2026-04-30T125532.404-600x337.png 600w\" sizes=\"(max-width: 2049px) 100vw, 2049px\" \/><\/a><\/figure><\/div>\n\n\n\n<div class=\"wp-block-column is-vertically-aligned-center is-layout-flow wp-block-column-is-layout-flow\" style=\"flex-basis:75%\"><h2 class=\"wp-block-post-title has-small-font-size\"><a href=\"https:\/\/revistaacropolis.com\/index.php\/redmuem-hidalgo-fortalece-su-comunidad-empresarial-en-desayuno-exclusivo\/sociedad\/\" target=\"_self\" >Redmuem Hidalgo fortalece su comunidad empresarial en desayuno exclusivo<\/a><\/h2><\/div>\n<\/div>\n\n<\/li><li class=\"wp-block-post post-23402 post type-post status-publish format-standard has-post-thumbnail hentry category-sociedad tag-cristhian-martinez tag-feria-del-helado-artesanal-2026 tag-hidalgo tag-tula-de-allende tag-turismo\">\n\n<div class=\"wp-block-columns are-vertically-aligned-center is-layout-flex wp-container-core-columns-is-layout-9d6595d7 wp-block-columns-is-layout-flex\">\n<div class=\"wp-block-column is-vertically-aligned-center is-layout-flow wp-block-column-is-layout-flow\" style=\"flex-basis:25%\"><figure class=\"wp-block-post-featured-image\"><a href=\"https:\/\/revistaacropolis.com\/index.php\/impulsa-cristhian-martinez-el-turismo-la-cultura-y-la-gastronomia-con-la-feria-del-helado-artesanal-2026\/sociedad\/\" target=\"_self\"  ><img decoding=\"async\" width=\"2049\" height=\"1152\" src=\"https:\/\/revistaacropolis.com\/wp-content\/uploads\/2026\/04\/Portadas-Paginas-web-2026-04-29T124657.299.png\" class=\"attachment-post-thumbnail size-post-thumbnail wp-post-image\" alt=\"Impulsa Cristhian Mart\u00ednez el turismo, la cultura y la gastronom\u00eda con la Feria del Helado Artesanal 2026\" style=\"object-fit:cover;\" srcset=\"https:\/\/revistaacropolis.com\/wp-content\/uploads\/2026\/04\/Portadas-Paginas-web-2026-04-29T124657.299.png 2049w, https:\/\/revistaacropolis.com\/wp-content\/uploads\/2026\/04\/Portadas-Paginas-web-2026-04-29T124657.299-300x169.png 300w, https:\/\/revistaacropolis.com\/wp-content\/uploads\/2026\/04\/Portadas-Paginas-web-2026-04-29T124657.299-1024x576.png 1024w, https:\/\/revistaacropolis.com\/wp-content\/uploads\/2026\/04\/Portadas-Paginas-web-2026-04-29T124657.299-768x432.png 768w, https:\/\/revistaacropolis.com\/wp-content\/uploads\/2026\/04\/Portadas-Paginas-web-2026-04-29T124657.299-1536x864.png 1536w, https:\/\/revistaacropolis.com\/wp-content\/uploads\/2026\/04\/Portadas-Paginas-web-2026-04-29T124657.299-600x337.png 600w\" sizes=\"(max-width: 2049px) 100vw, 2049px\" \/><\/a><\/figure><\/div>\n\n\n\n<div class=\"wp-block-column is-vertically-aligned-center is-layout-flow wp-block-column-is-layout-flow\" style=\"flex-basis:75%\"><h2 class=\"wp-block-post-title has-small-font-size\"><a href=\"https:\/\/revistaacropolis.com\/index.php\/impulsa-cristhian-martinez-el-turismo-la-cultura-y-la-gastronomia-con-la-feria-del-helado-artesanal-2026\/sociedad\/\" target=\"_self\" >Impulsa Cristhian Mart\u00ednez el turismo, la cultura y la gastronom\u00eda con la Feria del Helado Artesanal 2026<\/a><\/h2><\/div>\n<\/div>\n\n<\/li><\/ul><\/div>\n\n\n\n<figure class=\"wp-block-pullquote\"><blockquote><p>De manera que, con la firma del mismo se previenen escenarios futuros y la persona expresa c\u00f3mo desea vivir su \u00faltima etapa, sobre todo con la seguridad y la certeza de que se garantizar\u00e1 una vida digna hasta el final, se respetar\u00e1n nuestras decisiones y se evitar\u00e1n conflictos familiares o disputas legales en momentos de crisis\u201d, dijo.<\/p><\/blockquote><\/figure>\n\n\n\n<p>Mar\u00eda Zorayda Robles Barrera, secretaria de Salud estatal, dijo que la voluntad anticipada no es prolonga ni acortar la vida, <strong>sino que respeta el momento natural de la perdida de la vida, y favorece la atenci\u00f3n y los cuidados paliativos al final de la vida. Adem\u00e1s, subray\u00f3 que no es lo mismo que la eutanasia.<\/strong><\/p>\n","protected":false},"excerpt":{"rendered":"<p>En octubre de cada a\u00f1o en Hidalgo se promover\u00e1n las \u201cbondades\u201d de la voluntad anticipada, que es la decisi\u00f3n que puede tomar una persona con capacidad de ejercicio para ser&hellip; <\/p>\n","protected":false},"author":9,"featured_media":6503,"comment_status":"closed","ping_status":"closed","sticky":false,"template":"","format":"standard","meta":{"two_page_speed":[],"_joinchat":[],"footnotes":""},"categories":[1,57],"tags":[245,89,1620],"class_list":["post-6500","post","type-post","status-publish","format-standard","has-post-thumbnail","hentry","category-politica","category-sociedad","tag-congreso","tag-hidalgo","tag-voluntad-anticipada"],"_links":{"self":[{"href":"https:\/\/revistaacropolis.com\/index.php\/wp-json\/wp\/v2\/posts\/6500","targetHints":{"allow":["GET"]}}],"collection":[{"href":"https:\/\/revistaacropolis.com\/index.php\/wp-json\/wp\/v2\/posts"}],"about":[{"href":"https:\/\/revistaacropolis.com\/index.php\/wp-json\/wp\/v2\/types\/post"}],"author":[{"embeddable":true,"href":"https:\/\/revistaacropolis.com\/index.php\/wp-json\/wp\/v2\/users\/9"}],"replies":[{"embeddable":true,"href":"https:\/\/revistaacropolis.com\/index.php\/wp-json\/wp\/v2\/comments?post=6500"}],"version-history":[{"count":2,"href":"https:\/\/revistaacropolis.com\/index.php\/wp-json\/wp\/v2\/posts\/6500\/revisions"}],"predecessor-version":[{"id":6504,"href":"https:\/\/revistaacropolis.com\/index.php\/wp-json\/wp\/v2\/posts\/6500\/revisions\/6504"}],"wp:featuredmedia":[{"embeddable":true,"href":"https:\/\/revistaacropolis.com\/index.php\/wp-json\/wp\/v2\/media\/6503"}],"wp:attachment":[{"href":"https:\/\/revistaacropolis.com\/index.php\/wp-json\/wp\/v2\/media?parent=6500"}],"wp:term":[{"taxonomy":"category","embeddable":true,"href":"https:\/\/revistaacropolis.com\/index.php\/wp-json\/wp\/v2\/categories?post=6500"},{"taxonomy":"post_tag","embeddable":true,"href":"https:\/\/revistaacropolis.com\/index.php\/wp-json\/wp\/v2\/tags?post=6500"}],"curies":[{"name":"wp","href":"https:\/\/api.w.org\/{rel}","templated":true}]}}