{"id":6512,"date":"2023-07-21T01:44:10","date_gmt":"2023-07-21T01:44:10","guid":{"rendered":"https:\/\/revistaacropolis.com\/?p=6512"},"modified":"2023-07-21T01:45:06","modified_gmt":"2023-07-21T01:45:06","slug":"por-incumplimiento-a-peticiones-movimiento-por-reapertura-total-del-mexe-protesta-frente-a-la-seph","status":"publish","type":"post","link":"https:\/\/revistaacropolis.com\/index.php\/por-incumplimiento-a-peticiones-movimiento-por-reapertura-total-del-mexe-protesta-frente-a-la-seph\/politica\/","title":{"rendered":"Por incumplimiento a peticiones, movimiento por reapertura total del Mexe protesta frente a la SEPH"},"content":{"rendered":"\n<p>El Movimiento de Lucha para la Reapertura del <strong>Mexe realiz\u00f3 un bloqueo vial del bulevar Felipe \u00c1ngeles, a la altura de la Secretar\u00eda de Educaci\u00f3n P\u00fablica de Hidalgo (SEPH), ante el incumplimiento de sus demandas -algunas promesas presidenciales-, entre las que se encuentran la reapertura total del normal rural Luis Villarreal<\/strong> y el internado.\u00a0<\/p>\n\n\n\n<p>Durante su protesta, insistieron en que <strong>no se ha atendido su petici\u00f3n de reubicar el Colegio de Estudios Cient\u00edficos y Tecnol\u00f3gicos del Estado de Hidalgo (Cecyteh), <\/strong>que se encuentran en las instalaciones de la normal,<strong> <\/strong> a San Juan Tepa.<\/p>\n\n\n\n<p>Entre sus reclamos tambi\u00e9n<strong> se encuentra la operaci\u00f3n de la escuela con plantilla incompleta <\/strong>y que la <strong>remodelaci\u00f3n del casco, que califican como \u201cdestrucci\u00f3n, \u00abva muy lenta\u201d.\u00a0<\/strong><\/p>\n\n\n\n<figure class=\"wp-block-image\"><img decoding=\"async\" src=\"blob:https:\/\/revistaacropolis.com\/addfa6b9-99bb-4dcb-98f9-621df15424e3\" alt=\"\"\/><\/figure>\n\n\n\n<p>Los quesos insistieron <strong>en el incumplimientos de la mesa tripartita<\/strong> entre las autoridades estatal, federal y el movimiento nacional por la reapertura.<\/p>\n\n\n\n<p>Adem\u00e1s, acusaron a Mario Ch\u00e1vez Campos, responsable de las normales en todo el pa\u00eds, de buscar \u00abfracturar su movimiento\u201d.<\/p>\n\n\n\n<p>Tras la protesta, <strong>Daniel Fragoso Torres, subsecretario de Educaci\u00f3n Media Superior y Superior de la SEPH, asever\u00f3 que \u00abhay un plan estrat\u00e9gico\u00bb<\/strong> para atender y avanzar en la resoluci\u00f3n de sus demandas.<\/p>\n\n\n\n<p>Dijo que en agosto iniciar\u00e1n clases en \u201clas nuevas instalaciones\u00bb, las cuales, dijo, tiene un avance de 45 por ciento, as\u00ed como con personal administrativo y educativo necesario.<\/p>\n\n\n\n<p>En entrevista previa a la manifestaci\u00f3n de este jueves , <strong>el secretario de Educaci\u00f3n P\u00fablica de Hidalgo, NativIdad Castrej\u00f3n Valdez, asegur\u00f3 que las aulas, comedor y el \u00e1rea acad\u00e9micas estar\u00e1n listas\u00a0<\/strong> antes del arranque del ciclo escolar. \u00a0<\/p>\n\n\n\n<figure class=\"wp-block-pullquote\"><blockquote><p>No se hab\u00eda proyectado, es un compromiso que est\u00e1 estipulado en el contrato, luego a los chicos les da por estar de ingenieros\u00bb, dijo.<\/p><\/blockquote><\/figure>\n\n\n\n<p>Sobre el tema del <strong>internado, el funcionario agreg\u00f3 que a\u00fan se encuentra en pl\u00e1ticas<\/strong> con la federaci\u00f3n, pues no es un tema que ya est\u00e9 resuelto.<\/p>\n\n\n\n<p>De la solicitud de reubicaci\u00f3n de las instalaciones del Cecyteh, se\u00f1al\u00f3 que es un tema que \u00abse debe revisar socialmente\u201d de manera integral. Por ello, dijo, todav\u00eda est\u00e1n en negociaciones.<\/p>\n","protected":false},"excerpt":{"rendered":"<p>El Movimiento de Lucha para la Reapertura del Mexe realiz\u00f3 un bloqueo vial del bulevar Felipe \u00c1ngeles, a la altura de la Secretar\u00eda de Educaci\u00f3n P\u00fablica de Hidalgo (SEPH), ante&hellip; <\/p>\n","protected":false},"author":4,"featured_media":6513,"comment_status":"closed","ping_status":"closed","sticky":false,"template":"","format":"standard","meta":{"two_page_speed":[],"_joinchat":[],"footnotes":""},"categories":[1],"tags":[222,220,119],"class_list":["post-6512","post","type-post","status-publish","format-standard","has-post-thumbnail","hentry","category-politica","tag-internado","tag-mexe","tag-seph"],"_links":{"self":[{"href":"https:\/\/revistaacropolis.com\/index.php\/wp-json\/wp\/v2\/posts\/6512","targetHints":{"allow":["GET"]}}],"collection":[{"href":"https:\/\/revistaacropolis.com\/index.php\/wp-json\/wp\/v2\/posts"}],"about":[{"href":"https:\/\/revistaacropolis.com\/index.php\/wp-json\/wp\/v2\/types\/post"}],"author":[{"embeddable":true,"href":"https:\/\/revistaacropolis.com\/index.php\/wp-json\/wp\/v2\/users\/4"}],"replies":[{"embeddable":true,"href":"https:\/\/revistaacropolis.com\/index.php\/wp-json\/wp\/v2\/comments?post=6512"}],"version-history":[{"count":3,"href":"https:\/\/revistaacropolis.com\/index.php\/wp-json\/wp\/v2\/posts\/6512\/revisions"}],"predecessor-version":[{"id":6517,"href":"https:\/\/revistaacropolis.com\/index.php\/wp-json\/wp\/v2\/posts\/6512\/revisions\/6517"}],"wp:featuredmedia":[{"embeddable":true,"href":"https:\/\/revistaacropolis.com\/index.php\/wp-json\/wp\/v2\/media\/6513"}],"wp:attachment":[{"href":"https:\/\/revistaacropolis.com\/index.php\/wp-json\/wp\/v2\/media?parent=6512"}],"wp:term":[{"taxonomy":"category","embeddable":true,"href":"https:\/\/revistaacropolis.com\/index.php\/wp-json\/wp\/v2\/categories?post=6512"},{"taxonomy":"post_tag","embeddable":true,"href":"https:\/\/revistaacropolis.com\/index.php\/wp-json\/wp\/v2\/tags?post=6512"}],"curies":[{"name":"wp","href":"https:\/\/api.w.org\/{rel}","templated":true}]}}