{"id":6618,"date":"2023-07-24T23:28:11","date_gmt":"2023-07-24T23:28:11","guid":{"rendered":"https:\/\/revistaacropolis.com\/?p=6618"},"modified":"2023-07-25T05:31:15","modified_gmt":"2023-07-25T05:31:15","slug":"exoficial-mayor-imputado-por-contratos-fantasma-para-gel-covid-y-software-santiago-nieto","status":"publish","type":"post","link":"https:\/\/revistaacropolis.com\/index.php\/exoficial-mayor-imputado-por-contratos-fantasma-para-gel-covid-y-software-santiago-nieto\/politica\/","title":{"rendered":"Exoficial Mayor, imputado por contratos fantasma para gel Covid y software: Santiago Nieto"},"content":{"rendered":"\n<p>El encargado de <strong>la Procuradur\u00eda General de Justicia de Hidalgo (PGJH), Santiago Nieto Castillo, afirm\u00f3 que la imputaci\u00f3n por peculado contra el exoficial Mayor Martiniano Vega Orozco, quien se encuentra en prisi\u00f3n preventiva en espera de que se defina su situaci\u00f3n legal, corresponde a dos contratos<\/strong> de servicios que nunca se entregaron.<\/p>\n\n\n\n<p>El primero, dijo en entrevista con Milenio Televisi\u00f3n, <strong>se trata de la adquisici\u00f3n de 34 mil litros de gel, por la contingencia del Covid-19, por 18 millones de pesos,<\/strong> que fueron pagados, pero nunca se recibi\u00f3 el servicio.<\/p>\n\n\n\n<p>Asimismo, por <strong>la contrataci\u00f3n de un software para dar seguimiento a la construcci\u00f3n de obras por 12 millones de pesos, a la empresa Aktaion Digital SA de CV,<\/strong> que nunca se llev\u00f3 a cabo.<\/p>\n\n\n\n<p>Agreg\u00f3 que la investigaci\u00f3n contra el exfuncionario de Omar Fayad Meneses, detenido la noche del viernes pasado, forma parte del modelo denominado Estafa Siniestra, a trav\u00e9s del cual la PGJH tiene registro de alrededor de 2 mil millones de pesos desviados con empresas fachada, autoridades estatales y municipales.<\/p>\n\n\n\n<p>TAMBI\u00c9N PUEDES LEER: <a href=\"https:\/\/revistaacropolis.com\/index.php\/dictan-prision-preventiva-a-exoficial-mayor-de-fayad\/politica\/\">https:\/\/revistaacropolis.com\/index.php\/dictan-prision-preventiva-a-exoficial-mayor-de-fayad\/politica\/<\/a><\/p>\n\n\n\n<p><strong>Esos recursos, dijo, fueron utilizados para el enriquecimiento il\u00edcito de funcionarios de la pasada administraci\u00f3n y posiblemente para cuestiones electorales.<\/strong><\/p>\n\n\n\n<figure class=\"wp-block-pullquote\"><blockquote><p>Era importante este caso porque es el primero de los tres secretarios de Estado (de Fayad Meneses) con los que tiene \u00f3rden de aprehensi\u00f3n, que se encuentran en este momento pr\u00f3fugo de la justicia, con las cuentas congeladas por parte de la Unidad de Inteligencia Financiera y adem\u00e1s con ficha roja para Interpol\u201d, expuso.<\/p><\/blockquote><\/figure>\n\n\n\n<p>Agreg\u00f3 que <strong>promover\u00e1n demandas de extinci\u00f3n de dominio<\/strong> para poder recuperar el dinero desviado.<\/p>\n\n\n\n<p>Nieto Castillo indic\u00f3 que el exoficial Mayor del gobierno 2016-2022 <strong>tiene otra orden de aprehensi\u00f3n en contra.<\/strong><\/p>\n\n\n\n<p>Record\u00f3 que uno de los \u201coperadores\u201d del exfuncionario estatal se encuentra vinculado a proceso por otro contrato de 144 millones de pesos con Aktaion Digital SA de CV, la cual denomin\u00f3 como \u201cempresa fachada\u201d.<\/p>\n\n\n\n<blockquote class=\"wp-block-quote is-layout-flow wp-block-quote-is-layout-flow\">\n<p>Vamos a seguir con esa ruta (\u2026) no se trata de ninguna persecuci\u00f3n pol\u00edtica, se trata que devuelvan a la poblaci\u00f3n de Hidalgo lo que se llevaron\u201d, expres\u00f3.<\/p>\n<\/blockquote>\n\n\n\n<div class=\"wp-block-query is-layout-flow wp-block-query-is-layout-flow\"><ul class=\"wp-block-post-template is-layout-flow wp-block-post-template-is-layout-flow\"><li class=\"wp-block-post post-23409 post type-post status-publish format-standard has-post-thumbnail hentry category-sociedad tag-cecilia-del-rayo-vargas-chacon tag-desayuno-empresarial tag-hidalgo tag-paola-cruz tag-redmuem tag-silvino-lopez-tovar\">\n\n<div class=\"wp-block-columns are-vertically-aligned-center is-layout-flex wp-container-core-columns-is-layout-9d6595d7 wp-block-columns-is-layout-flex\">\n<div class=\"wp-block-column is-vertically-aligned-center is-layout-flow wp-block-column-is-layout-flow\" style=\"flex-basis:25%\"><figure class=\"wp-block-post-featured-image\"><a href=\"https:\/\/revistaacropolis.com\/index.php\/redmuem-hidalgo-fortalece-su-comunidad-empresarial-en-desayuno-exclusivo\/sociedad\/\" target=\"_self\"  ><img fetchpriority=\"high\" decoding=\"async\" width=\"2049\" height=\"1152\" src=\"https:\/\/revistaacropolis.com\/wp-content\/uploads\/2026\/04\/Portadas-Paginas-web-2026-04-30T125532.404.png\" class=\"attachment-post-thumbnail size-post-thumbnail wp-post-image\" alt=\"Redmuem Hidalgo fortalece su comunidad empresarial en desayuno exclusivo\" style=\"object-fit:cover;\" srcset=\"https:\/\/revistaacropolis.com\/wp-content\/uploads\/2026\/04\/Portadas-Paginas-web-2026-04-30T125532.404.png 2049w, https:\/\/revistaacropolis.com\/wp-content\/uploads\/2026\/04\/Portadas-Paginas-web-2026-04-30T125532.404-300x169.png 300w, https:\/\/revistaacropolis.com\/wp-content\/uploads\/2026\/04\/Portadas-Paginas-web-2026-04-30T125532.404-1024x576.png 1024w, https:\/\/revistaacropolis.com\/wp-content\/uploads\/2026\/04\/Portadas-Paginas-web-2026-04-30T125532.404-768x432.png 768w, https:\/\/revistaacropolis.com\/wp-content\/uploads\/2026\/04\/Portadas-Paginas-web-2026-04-30T125532.404-1536x864.png 1536w, https:\/\/revistaacropolis.com\/wp-content\/uploads\/2026\/04\/Portadas-Paginas-web-2026-04-30T125532.404-600x337.png 600w\" sizes=\"(max-width: 2049px) 100vw, 2049px\" \/><\/a><\/figure><\/div>\n\n\n\n<div class=\"wp-block-column is-vertically-aligned-center has-small-font-size is-layout-flow wp-block-column-is-layout-flow\" style=\"flex-basis:75%\"><h2 class=\"wp-block-post-title has-small-font-size\"><a href=\"https:\/\/revistaacropolis.com\/index.php\/redmuem-hidalgo-fortalece-su-comunidad-empresarial-en-desayuno-exclusivo\/sociedad\/\" target=\"_self\" >Redmuem Hidalgo fortalece su comunidad empresarial en desayuno exclusivo<\/a><\/h2><\/div>\n<\/div>\n\n<\/li><li class=\"wp-block-post post-23402 post type-post status-publish format-standard has-post-thumbnail hentry category-sociedad tag-cristhian-martinez tag-feria-del-helado-artesanal-2026 tag-hidalgo tag-tula-de-allende tag-turismo\">\n\n<div class=\"wp-block-columns are-vertically-aligned-center is-layout-flex wp-container-core-columns-is-layout-9d6595d7 wp-block-columns-is-layout-flex\">\n<div class=\"wp-block-column is-vertically-aligned-center is-layout-flow wp-block-column-is-layout-flow\" style=\"flex-basis:25%\"><figure class=\"wp-block-post-featured-image\"><a href=\"https:\/\/revistaacropolis.com\/index.php\/impulsa-cristhian-martinez-el-turismo-la-cultura-y-la-gastronomia-con-la-feria-del-helado-artesanal-2026\/sociedad\/\" target=\"_self\"  ><img decoding=\"async\" width=\"2049\" height=\"1152\" src=\"https:\/\/revistaacropolis.com\/wp-content\/uploads\/2026\/04\/Portadas-Paginas-web-2026-04-29T124657.299.png\" class=\"attachment-post-thumbnail size-post-thumbnail wp-post-image\" alt=\"Impulsa Cristhian Mart\u00ednez el turismo, la cultura y la gastronom\u00eda con la Feria del Helado Artesanal 2026\" style=\"object-fit:cover;\" srcset=\"https:\/\/revistaacropolis.com\/wp-content\/uploads\/2026\/04\/Portadas-Paginas-web-2026-04-29T124657.299.png 2049w, https:\/\/revistaacropolis.com\/wp-content\/uploads\/2026\/04\/Portadas-Paginas-web-2026-04-29T124657.299-300x169.png 300w, https:\/\/revistaacropolis.com\/wp-content\/uploads\/2026\/04\/Portadas-Paginas-web-2026-04-29T124657.299-1024x576.png 1024w, https:\/\/revistaacropolis.com\/wp-content\/uploads\/2026\/04\/Portadas-Paginas-web-2026-04-29T124657.299-768x432.png 768w, https:\/\/revistaacropolis.com\/wp-content\/uploads\/2026\/04\/Portadas-Paginas-web-2026-04-29T124657.299-1536x864.png 1536w, https:\/\/revistaacropolis.com\/wp-content\/uploads\/2026\/04\/Portadas-Paginas-web-2026-04-29T124657.299-600x337.png 600w\" sizes=\"(max-width: 2049px) 100vw, 2049px\" \/><\/a><\/figure><\/div>\n\n\n\n<div class=\"wp-block-column is-vertically-aligned-center has-small-font-size is-layout-flow wp-block-column-is-layout-flow\" style=\"flex-basis:75%\"><h2 class=\"wp-block-post-title has-small-font-size\"><a href=\"https:\/\/revistaacropolis.com\/index.php\/impulsa-cristhian-martinez-el-turismo-la-cultura-y-la-gastronomia-con-la-feria-del-helado-artesanal-2026\/sociedad\/\" target=\"_self\" >Impulsa Cristhian Mart\u00ednez el turismo, la cultura y la gastronom\u00eda con la Feria del Helado Artesanal 2026<\/a><\/h2><\/div>\n<\/div>\n\n<\/li><\/ul><\/div>\n\n\n\n<p><strong>DatoAcro<\/strong><br>-V\u00edctor Eloy Porras Oaxaca, exdirector de Recursos Materiales y Servicios de la Oficial\u00eda Mayor, se encuentra vinculado a proceso por su presunta responsabilidad en el delito de peculado por m\u00e1s de 18 millones de pesos.<\/p>\n","protected":false},"excerpt":{"rendered":"<p>El encargado de la Procuradur\u00eda General de Justicia de Hidalgo (PGJH), Santiago Nieto Castillo, afirm\u00f3 que la imputaci\u00f3n por peculado contra el exoficial Mayor Martiniano Vega Orozco, quien se encuentra&hellip; <\/p>\n","protected":false},"author":4,"featured_media":6619,"comment_status":"closed","ping_status":"closed","sticky":false,"template":"","format":"standard","meta":{"two_page_speed":[],"_joinchat":[],"footnotes":""},"categories":[1],"tags":[1231,1645,236],"class_list":["post-6618","post","type-post","status-publish","format-standard","has-post-thumbnail","hentry","category-politica","tag-covid","tag-exoficial-mayor","tag-santiago-nieto"],"_links":{"self":[{"href":"https:\/\/revistaacropolis.com\/index.php\/wp-json\/wp\/v2\/posts\/6618","targetHints":{"allow":["GET"]}}],"collection":[{"href":"https:\/\/revistaacropolis.com\/index.php\/wp-json\/wp\/v2\/posts"}],"about":[{"href":"https:\/\/revistaacropolis.com\/index.php\/wp-json\/wp\/v2\/types\/post"}],"author":[{"embeddable":true,"href":"https:\/\/revistaacropolis.com\/index.php\/wp-json\/wp\/v2\/users\/4"}],"replies":[{"embeddable":true,"href":"https:\/\/revistaacropolis.com\/index.php\/wp-json\/wp\/v2\/comments?post=6618"}],"version-history":[{"count":2,"href":"https:\/\/revistaacropolis.com\/index.php\/wp-json\/wp\/v2\/posts\/6618\/revisions"}],"predecessor-version":[{"id":6632,"href":"https:\/\/revistaacropolis.com\/index.php\/wp-json\/wp\/v2\/posts\/6618\/revisions\/6632"}],"wp:featuredmedia":[{"embeddable":true,"href":"https:\/\/revistaacropolis.com\/index.php\/wp-json\/wp\/v2\/media\/6619"}],"wp:attachment":[{"href":"https:\/\/revistaacropolis.com\/index.php\/wp-json\/wp\/v2\/media?parent=6618"}],"wp:term":[{"taxonomy":"category","embeddable":true,"href":"https:\/\/revistaacropolis.com\/index.php\/wp-json\/wp\/v2\/categories?post=6618"},{"taxonomy":"post_tag","embeddable":true,"href":"https:\/\/revistaacropolis.com\/index.php\/wp-json\/wp\/v2\/tags?post=6618"}],"curies":[{"name":"wp","href":"https:\/\/api.w.org\/{rel}","templated":true}]}}