{"id":6624,"date":"2023-07-25T03:27:29","date_gmt":"2023-07-25T03:27:29","guid":{"rendered":"https:\/\/revistaacropolis.com\/?p=6624"},"modified":"2023-07-25T03:29:52","modified_gmt":"2023-07-25T03:29:52","slug":"medida-de-no-renovar-permisos-de-comercio-en-via-publica-para-poner-orden-y-temporalidad-banos","status":"publish","type":"post","link":"https:\/\/revistaacropolis.com\/index.php\/medida-de-no-renovar-permisos-de-comercio-en-via-publica-para-poner-orden-y-temporalidad-banos\/politica\/","title":{"rendered":"Medida de no renovar permisos de comercio en v\u00eda p\u00fablica, para \u201cponer orden\u201d y temporalidad: Ba\u00f1os"},"content":{"rendered":"\n<p>Luego de que <strong>el Cabildo de Pachuca aprob\u00f3 no renovar los permisos de comercio en v\u00eda p\u00fablica otorgados por el Concejo Interino Municipal en 2020, el alcalde Sergio Ba\u00f1os Rubio afirm\u00f3 que la medida se tom\u00f3 \u201cpara ponerles orden\u201d <\/strong>y un tiempo determinados.<\/p>\n\n\n\n<p>Sostuvo que <strong>los permisos no pueden ser de forma \u201cpermanente\u201d, como afirm\u00f3 que fueron expedidos por el ayuntamiento,<\/strong> durante el periodo de gobierno de Tania Meza Escorza, actual secretaria de Cultural de Hidalgo.<\/p>\n\n\n\n<figure class=\"wp-block-pullquote\"><blockquote><p>Hay es donde nosotros, a trav\u00e9s de la Asamblea, le est\u00e1n poniendo orden, le est\u00e1 poniendo tiempo determinado (sic)\u201d, expuso tras afirmar que est\u00e1n trabajando el tema \u201cen mesas de comisi\u00f3n\u201d.\u00a0<\/p><\/blockquote><\/figure>\n\n\n\n<p>El edil sostuvo que <strong>se encuentra analizando que los permisos que da el municipio sean por seis meses.<\/strong><\/p>\n\n\n\n<p>Cuestionado sobre si esos comerciantes, de los cuales el ayuntamiento no cuenta con un padr\u00f3n, podr\u00e1n solicitar otro permiso, dijo que primero tienen que acercarse, pues alguno no se quieren empadronar.<\/p>\n\n\n\n<p>Insisti\u00f3 en que est\u00e1n haciendo el inventario y analizan, a trav\u00e9s de su base de datos, del n\u00famero de los comerciantes que est\u00e1n pagando derechos.<\/p>\n\n\n\n<p>\u201cHay muchos que desgraciadamente no est\u00e1n llegando a poner sus papeles en orden y por eso mismo seguiremos yendo, si ellos no van, la administraci\u00f3n tiene que poner su chamba y tiene que aplicar el orden\u201d, dijo.<\/p>\n\n\n\n<figure class=\"wp-block-image size-large\"><img fetchpriority=\"high\" decoding=\"async\" width=\"1024\" height=\"682\" src=\"https:\/\/revistaacropolis.com\/wp-content\/uploads\/2023\/07\/WhatsApp-Image-2023-07-24-at-12.23.21-1024x682.jpeg\" alt=\"\" class=\"wp-image-6626\" srcset=\"https:\/\/revistaacropolis.com\/wp-content\/uploads\/2023\/07\/WhatsApp-Image-2023-07-24-at-12.23.21-1024x682.jpeg 1024w, https:\/\/revistaacropolis.com\/wp-content\/uploads\/2023\/07\/WhatsApp-Image-2023-07-24-at-12.23.21-300x200.jpeg 300w, https:\/\/revistaacropolis.com\/wp-content\/uploads\/2023\/07\/WhatsApp-Image-2023-07-24-at-12.23.21-768x512.jpeg 768w, https:\/\/revistaacropolis.com\/wp-content\/uploads\/2023\/07\/WhatsApp-Image-2023-07-24-at-12.23.21-600x400.jpeg 600w, https:\/\/revistaacropolis.com\/wp-content\/uploads\/2023\/07\/WhatsApp-Image-2023-07-24-at-12.23.21.jpeg 1280w\" sizes=\"(max-width: 1024px) 100vw, 1024px\" \/><\/figure>\n\n\n\n<p>Asever\u00f3 que el ayuntamiento <strong>est\u00e1 buscando un espacio \u00abque dignifique las ventas de todas estas personas\u201d<\/strong> y\u00a0 \u201cno cortarles sus ingresos\u201d.<\/p>\n\n\n\n<p>Juan Luis Lomeli Plascencia,<strong> secretario de Servicios Municipales, agreg\u00f3 que la Comisi\u00f3n de Comercio y Abasto, que coordina el morenista Ricardo Salinas Islas, propone la revocaci\u00f3n de los permisos<\/strong> <strong>que se dieron en el Consejo Interino Municipal.<\/strong><\/p>\n\n\n\n<p>Afirm\u00f3 que <strong>la Direcci\u00f3n de Comercio y Abasto ha entrado \u201cen di\u00e1logo\u201d para saber cu\u00e1l es el giro del comercio en v\u00eda p\u00fablica <\/strong>y las medidas de sus espacios, lo cual no est\u00e1 estipulado en la Ley de Ingresos.<\/p>\n\n\n\n<figure class=\"wp-block-pullquote\"><blockquote><p>Precisamente se est\u00e1 trabajando para que el pr\u00f3ximo a\u00f1o pueden quedar todas esa especificaciones bien contempladas (en los cobros que estipula la esa ley)\u201d, expreso.\u00a0<\/p><\/blockquote><\/figure>\n\n\n\n<p>\u201cEn los pr\u00f3ximos d\u00edas, pr\u00f3ximas semanas, se estar\u00e1 trabajando en una fase para hacer el levantamiento del padr\u00f3n. Esto nos va a llevar a tener datos m\u00e1s espec\u00edficos, que podamos tener informaci\u00f3n m\u00e1s fidedigna y que podamos (&#8230;) ofrecerles establecimientos m\u00e1s formales y m\u00e1s seguros\u201d, agreg\u00f3.\u00a0\u00a0<\/p>\n\n\n\n<h3 class=\"wp-block-heading\"><strong>DatoAcro<\/strong><\/h3>\n\n\n\n<p><em>-Lomel\u00ed Plascencia dijo que hasta el momento 474 comerciantes se han regularizado, de m\u00e1s de mil que, calculan, operan en la ciudad.<\/em><\/p>\n","protected":false},"excerpt":{"rendered":"<p>Luego de que el Cabildo de Pachuca aprob\u00f3 no renovar los permisos de comercio en v\u00eda p\u00fablica otorgados por el Concejo Interino Municipal en 2020, el alcalde Sergio Ba\u00f1os Rubio&hellip; <\/p>\n","protected":false},"author":4,"featured_media":6625,"comment_status":"closed","ping_status":"closed","sticky":false,"template":"","format":"standard","meta":{"two_page_speed":[],"_joinchat":[],"footnotes":""},"categories":[1],"tags":[1447,91],"class_list":["post-6624","post","type-post","status-publish","format-standard","has-post-thumbnail","hentry","category-politica","tag-comerciantes","tag-pachuca"],"_links":{"self":[{"href":"https:\/\/revistaacropolis.com\/index.php\/wp-json\/wp\/v2\/posts\/6624","targetHints":{"allow":["GET"]}}],"collection":[{"href":"https:\/\/revistaacropolis.com\/index.php\/wp-json\/wp\/v2\/posts"}],"about":[{"href":"https:\/\/revistaacropolis.com\/index.php\/wp-json\/wp\/v2\/types\/post"}],"author":[{"embeddable":true,"href":"https:\/\/revistaacropolis.com\/index.php\/wp-json\/wp\/v2\/users\/4"}],"replies":[{"embeddable":true,"href":"https:\/\/revistaacropolis.com\/index.php\/wp-json\/wp\/v2\/comments?post=6624"}],"version-history":[{"count":2,"href":"https:\/\/revistaacropolis.com\/index.php\/wp-json\/wp\/v2\/posts\/6624\/revisions"}],"predecessor-version":[{"id":6628,"href":"https:\/\/revistaacropolis.com\/index.php\/wp-json\/wp\/v2\/posts\/6624\/revisions\/6628"}],"wp:featuredmedia":[{"embeddable":true,"href":"https:\/\/revistaacropolis.com\/index.php\/wp-json\/wp\/v2\/media\/6625"}],"wp:attachment":[{"href":"https:\/\/revistaacropolis.com\/index.php\/wp-json\/wp\/v2\/media?parent=6624"}],"wp:term":[{"taxonomy":"category","embeddable":true,"href":"https:\/\/revistaacropolis.com\/index.php\/wp-json\/wp\/v2\/categories?post=6624"},{"taxonomy":"post_tag","embeddable":true,"href":"https:\/\/revistaacropolis.com\/index.php\/wp-json\/wp\/v2\/tags?post=6624"}],"curies":[{"name":"wp","href":"https:\/\/api.w.org\/{rel}","templated":true}]}}