{"id":6665,"date":"2023-07-26T03:44:19","date_gmt":"2023-07-26T03:44:19","guid":{"rendered":"https:\/\/revistaacropolis.com\/?p=6665"},"modified":"2023-07-26T03:45:18","modified_gmt":"2023-07-26T03:45:18","slug":"hay-cargada-involuntaria-hacia-xochitl-galvez-por-amlo-y-empresarios-preciado","status":"publish","type":"post","link":"https:\/\/revistaacropolis.com\/index.php\/hay-cargada-involuntaria-hacia-xochitl-galvez-por-amlo-y-empresarios-preciado\/politica\/","title":{"rendered":"Hay cargada involuntaria hacia X\u00f3chitl G\u00e1lvez por AMLO y empresarios: Preciado\u00a0"},"content":{"rendered":"\n<p>Los <strong>empresarios y Andr\u00e9s Manuel L\u00f3pez Obrador, presidente de M\u00e9xico, \u201celigieron\u201d a X\u00f3chitl G\u00e1lvez Ru\u00edz como la candidata de la oposici\u00f3n, asever\u00f3 Jorge Luis Preciado Rodr\u00edguez, <\/strong>uno de los aspirantes a ser responsable del Frente Amplio por M\u00e9xico (FAM).<\/p>\n\n\n\n<p>Previo a su visita a la sede del Comit\u00e9 Ejecutivo Estatal del Partido Acci\u00f3n Nacional (PAN) en Hidalgo, <strong>el exsenador consider\u00f3 que no hay piso parejo en la contienda del FAM, lo cual calific\u00f3 como \u201cuna cargada involuntaria\u201d.<\/strong><\/p>\n\n\n\n<figure class=\"wp-block-pullquote\"><blockquote><p>No, claro que no (hay piso parejo). Pero tampoco veo una cargada voluntaria. Hay empresarios que decidieron r\u00e1pido con qui\u00e9n irse, el primero que eligi\u00f3 fue el presidente del pa\u00eds, por supuesto \u00e9l escogi\u00f3 a X\u00f3chitl y al escogerla la hizo popular, y todos aquellos que no quieren al presidente o lo denostan, pues la vieron como una opci\u00f3n de poderla utilizar para enfrentarla a Andr\u00e9s Manuel.<\/p><\/blockquote><\/figure>\n\n\n\n<p>\u201cYo creo que hasta el candidato de la oposici\u00f3n lo est\u00e1 escogiendo el presidente del pa\u00eds y yo creo que por alguna raz\u00f3n la escogi\u00f3 a ella y no a otro, yo creo que algo sabe \u00e9l que no sabemos los dem\u00e1s\u201d, mencion\u00f3 en entrevista con medios de comunicaci\u00f3n.<\/p>\n\n\n\n<p>Preciado Rodr\u00edguez refiri\u00f3 que est\u00e1 cerca de juntar las 150 mil firmas que pide el Frente Amplio para competir por la candidatura presidencial y se dijo \u201cconfiado\u201d de ganar la encuesta que realizar\u00e1n en agosto y la elecci\u00f3n interna del 3 de septiembre.<\/p>\n\n\n\n<p>Asimismo, <strong>consider\u00f3 que el PAN est\u00e1 siendo \u201cparejo\u201d con sus aspirantes <\/strong>e indic\u00f3 que los comit\u00e9s estatales les est\u00e1n abriendo las puertas para platicar con la militancia e informarles de sus propuestas.<\/p>\n\n\n\n<p>Como parte de estas giras en las entidades, <strong>ma\u00f1ana G\u00e1lvez Ru\u00edz visitar\u00e1 Hidalgo y tambi\u00e9n estar\u00e1 en la sede del partido albiazul de Pachuca.<\/strong><\/p>\n","protected":false},"excerpt":{"rendered":"<p>Los empresarios y Andr\u00e9s Manuel L\u00f3pez Obrador, presidente de M\u00e9xico, \u201celigieron\u201d a X\u00f3chitl G\u00e1lvez Ru\u00edz como la candidata de la oposici\u00f3n, asever\u00f3 Jorge Luis Preciado Rodr\u00edguez, uno de los aspirantes&hellip; <\/p>\n","protected":false},"author":4,"featured_media":6666,"comment_status":"closed","ping_status":"closed","sticky":false,"template":"","format":"standard","meta":{"two_page_speed":[],"_joinchat":[],"footnotes":""},"categories":[1],"tags":[46,151,1501],"class_list":["post-6665","post","type-post","status-publish","format-standard","has-post-thumbnail","hentry","category-politica","tag-amlo","tag-pan","tag-xochitl-galvez"],"_links":{"self":[{"href":"https:\/\/revistaacropolis.com\/index.php\/wp-json\/wp\/v2\/posts\/6665","targetHints":{"allow":["GET"]}}],"collection":[{"href":"https:\/\/revistaacropolis.com\/index.php\/wp-json\/wp\/v2\/posts"}],"about":[{"href":"https:\/\/revistaacropolis.com\/index.php\/wp-json\/wp\/v2\/types\/post"}],"author":[{"embeddable":true,"href":"https:\/\/revistaacropolis.com\/index.php\/wp-json\/wp\/v2\/users\/4"}],"replies":[{"embeddable":true,"href":"https:\/\/revistaacropolis.com\/index.php\/wp-json\/wp\/v2\/comments?post=6665"}],"version-history":[{"count":1,"href":"https:\/\/revistaacropolis.com\/index.php\/wp-json\/wp\/v2\/posts\/6665\/revisions"}],"predecessor-version":[{"id":6667,"href":"https:\/\/revistaacropolis.com\/index.php\/wp-json\/wp\/v2\/posts\/6665\/revisions\/6667"}],"wp:featuredmedia":[{"embeddable":true,"href":"https:\/\/revistaacropolis.com\/index.php\/wp-json\/wp\/v2\/media\/6666"}],"wp:attachment":[{"href":"https:\/\/revistaacropolis.com\/index.php\/wp-json\/wp\/v2\/media?parent=6665"}],"wp:term":[{"taxonomy":"category","embeddable":true,"href":"https:\/\/revistaacropolis.com\/index.php\/wp-json\/wp\/v2\/categories?post=6665"},{"taxonomy":"post_tag","embeddable":true,"href":"https:\/\/revistaacropolis.com\/index.php\/wp-json\/wp\/v2\/tags?post=6665"}],"curies":[{"name":"wp","href":"https:\/\/api.w.org\/{rel}","templated":true}]}}