{"id":6722,"date":"2023-07-27T21:02:13","date_gmt":"2023-07-27T21:02:13","guid":{"rendered":"https:\/\/revistaacropolis.com\/?p=6722"},"modified":"2023-07-27T21:02:24","modified_gmt":"2023-07-27T21:02:24","slug":"votaran-la-otra-semana-dictamen-que-ordena-licitar-comodato-de-rastro-de-pachuca","status":"publish","type":"post","link":"https:\/\/revistaacropolis.com\/index.php\/votaran-la-otra-semana-dictamen-que-ordena-licitar-comodato-de-rastro-de-pachuca\/politica\/","title":{"rendered":"Votar\u00e1n la otra semana dictamen que ordena licitar comodato de rastro de Pachuca"},"content":{"rendered":"\n<p>La pr\u00f3xima semana el Cabildo <strong>votar\u00e1 el dictamen que ordena al Comit\u00e9 de Adquisiciones, Arrendamientos y Servicios del municipio emitir una convocatoria de licitaci\u00f3n p\u00fablica<\/strong> para otorgar en comodato el rastro de Pachuca, que actualmente opera C\u00e1rnicos de la Zona Metropolitana de Pachuca.<\/p>\n\n\n\n<p>Luego de que el regidor de Morena Ricardo Islas Salinas volvi\u00f3 a arremeter contra los tablajeros que lo encararon el pasado de 6 julio en la sala de Cabildo, de lo que <strong>culp\u00f3 principalmente al secretario General, Gerardo Reyes Monzalvo, y recrimin\u00f3 a los medios de comunicaci\u00f3n que dieron cobertura al hecho, el edil Oscar P\u00e9rez M\u00e1rquez<\/strong> se\u00f1al\u00f3 que la determinaci\u00f3n se tom\u00f3 tras haber recibido las solicitudes de concesi\u00f3n de empresas interesadas en el matadero animal; entre ellas, la de la actual operadora. <\/p>\n\n\n\n<p>El expriista afirm\u00f3 que <strong>la concesi\u00f3n se plantea por un periodo no mayor a lo que dura la administraci\u00f3n del alcalde Sergio Ba\u00f1os Rubio;<\/strong> es decir, hasta el 4 de septiembre de 2024, para \u201cno comprometer\u201d al siguiente gobierno local. <\/p>\n\n\n\n<blockquote class=\"wp-block-quote is-layout-flow wp-block-quote-is-layout-flow\">\n<p>Que cumpla con las reglas de sanidad, de salud que requiere el municipio (&#8230;) que tengamos carne de calidad, sana, para quienes vivimos en la ciudad\u201d, expuso. <\/p>\n<\/blockquote>\n\n\n\n<p>El dictamen de las comisiones de Hacienda, de Gobernaci\u00f3n, de Servicios Municipales y de Salud ser\u00e1 presentado en Cabildo el pr\u00f3ximo jueves para su votaci\u00f3n. <\/p>\n\n\n\n<p>Afirm\u00f3 que <strong>la licitaci\u00f3n ser\u00e1 p\u00fablica para quien quiera participar, incluidos C\u00e1rnicos de la Zona Metropolitana de Pachuca y Carnes Suprema<\/strong> -cuya propuestas no fueron v\u00e1lidas por parte del comit\u00e9-.<\/p>\n\n\n\n<figure class=\"wp-block-pullquote\"><blockquote><p>No est\u00e1 cerrado para nadie, lo que vamos a buscar es la mejor oferta, en t\u00e9rminos econ\u00f3micos, en t\u00e9rminos de calidad, en t\u00e9rminos de salud p\u00fablica para el municipio. No nos importa qui\u00e9n se lo quede, sino que el servicio sea en las mejores condiciones\u201d, sostuvo. <\/p><\/blockquote><\/figure>\n\n\n\n<p>Afirm\u00f3 que no se puede garantizar que la empresa ganadora sea pachuque\u00f1a, como exigen los tablajeros que actualmente explotan el rastro, pues por ley la convocatoria no debe restringir que los participantes sean solo de la ciudad. <\/p>\n\n\n\n<p><strong>ARREME EDIL POR PROTESTA EN SU CONTRA <\/strong><\/p>\n\n\n\n<p>Durante asuntos generales, Islas Salinas acus\u00f3 al secretario General del municipio de dejar pasar a los manifestantes y tablajeros que lo encararon el pasado 6 de julio en Casa Rule. <\/p>\n\n\n\n<p>El morenista <strong>asever\u00f3 que, despu\u00e9s de la petici\u00f3n que ingres\u00f3 C\u00e1rnicos de la Zona Metropolitana de Pachuca, el 30 de agosto de 2022, el presidente municipal hizo una petici\u00f3n de comodato a su nombre y puso a consideraci\u00f3n del Cabildo aceptar o no volverle a dar la concesi\u00f3n al grupo que dirige Joel Hern\u00e1ndez Otamendi,<\/strong> pero luego lleg\u00f3 la otra solicitud de Carnes Suprema -dijo- con \u201cuna mejor propuesta\u201d. <\/p>\n\n\n\n<p>Sin embargo, indic\u00f3 que las dos propuestas fueron desechadas por el Comit\u00e9 de Adquisiciones del municipio. <\/p>\n\n\n\n<p>Ante el se\u00f1alamiento, Ba\u00f1os Rubio <strong>se deslind\u00f3 de la empresa que opera el rastro. \u201cNada que ver (&#8230;) Yo creo que se ha de haber equivocado o que est\u00e1 deschavetado\u201d<\/strong>, dijo el presidente municipal. <\/p>\n\n\n\n<p>Aunque no cuenta con un dictamen de la Comisi\u00f3n para la Protecci\u00f3n contra Riesgos Sanitarios del Estado de Hidalgo (Copriseh), <strong>el regidor insisti\u00f3 en que la carne del rastro est\u00e1 contaminada, pues asever\u00f3 que, de acuerdo con lo que \u201cha visto\u201d en sus visitas al rastro,<\/strong> las instalaciones est\u00e1n en malas condiciones, los animales no se sacrifican en los tiempos establecidos y los ca\u00f1os se tapan. <\/p>\n\n\n\n<blockquote class=\"wp-block-quote is-layout-flow wp-block-quote-is-layout-flow\">\n<p>Yo voy a estar muy atento para verificar que las personas que participen (en la licitaci\u00f3n) no tengan ninguna relaci\u00f3n con este grupo c\u00e1rnicos\u201d, expuso. <\/p>\n<\/blockquote>\n\n\n\n<p><\/p>\n\n\n\n<p>Islas Salinas asever\u00f3 que existe un dictamen de la Contralor\u00eda municipal, que <strong>se encuentra en transparencia, en el cual \u201cdice todas las anomal\u00edas\u201d y \u201chabla de desv\u00edos\u201d.<\/strong> Insisti\u00f3 que hubo un recurso mayor a 49 millones de pesos de los tres \u00f3rdenes de gobierno para el proyecto del rastro Tipo TIF, pero que \u201chubo muchas anomal\u00edas\u201d y no se realiz\u00f3. <\/p>\n\n\n\n<div class=\"wp-block-query is-layout-flow wp-block-query-is-layout-flow\"><ul class=\"wp-block-post-template is-layout-flow wp-block-post-template-is-layout-flow\"><li class=\"wp-block-post post-23409 post type-post status-publish format-standard has-post-thumbnail hentry category-sociedad tag-cecilia-del-rayo-vargas-chacon tag-desayuno-empresarial tag-hidalgo tag-paola-cruz tag-redmuem tag-silvino-lopez-tovar\">\n\n<div class=\"wp-block-columns are-vertically-aligned-center is-layout-flex wp-container-core-columns-is-layout-9d6595d7 wp-block-columns-is-layout-flex\">\n<div class=\"wp-block-column is-vertically-aligned-center is-layout-flow wp-block-column-is-layout-flow\" style=\"flex-basis:25%\"><figure class=\"wp-block-post-featured-image\"><a href=\"https:\/\/revistaacropolis.com\/index.php\/redmuem-hidalgo-fortalece-su-comunidad-empresarial-en-desayuno-exclusivo\/sociedad\/\" target=\"_self\"  ><img fetchpriority=\"high\" decoding=\"async\" width=\"2049\" height=\"1152\" src=\"https:\/\/revistaacropolis.com\/wp-content\/uploads\/2026\/04\/Portadas-Paginas-web-2026-04-30T125532.404.png\" class=\"attachment-post-thumbnail size-post-thumbnail wp-post-image\" alt=\"Redmuem Hidalgo fortalece su comunidad empresarial en desayuno exclusivo\" style=\"object-fit:cover;\" srcset=\"https:\/\/revistaacropolis.com\/wp-content\/uploads\/2026\/04\/Portadas-Paginas-web-2026-04-30T125532.404.png 2049w, https:\/\/revistaacropolis.com\/wp-content\/uploads\/2026\/04\/Portadas-Paginas-web-2026-04-30T125532.404-300x169.png 300w, https:\/\/revistaacropolis.com\/wp-content\/uploads\/2026\/04\/Portadas-Paginas-web-2026-04-30T125532.404-1024x576.png 1024w, https:\/\/revistaacropolis.com\/wp-content\/uploads\/2026\/04\/Portadas-Paginas-web-2026-04-30T125532.404-768x432.png 768w, https:\/\/revistaacropolis.com\/wp-content\/uploads\/2026\/04\/Portadas-Paginas-web-2026-04-30T125532.404-1536x864.png 1536w, https:\/\/revistaacropolis.com\/wp-content\/uploads\/2026\/04\/Portadas-Paginas-web-2026-04-30T125532.404-600x337.png 600w\" sizes=\"(max-width: 2049px) 100vw, 2049px\" \/><\/a><\/figure><\/div>\n\n\n\n<div class=\"wp-block-column is-vertically-aligned-center is-layout-flow wp-block-column-is-layout-flow\" style=\"flex-basis:75%\"><h2 class=\"wp-block-post-title has-small-font-size\"><a href=\"https:\/\/revistaacropolis.com\/index.php\/redmuem-hidalgo-fortalece-su-comunidad-empresarial-en-desayuno-exclusivo\/sociedad\/\" target=\"_self\" >Redmuem Hidalgo fortalece su comunidad empresarial en desayuno exclusivo<\/a><\/h2><\/div>\n<\/div>\n\n<\/li><li class=\"wp-block-post post-23402 post type-post status-publish format-standard has-post-thumbnail hentry category-sociedad tag-cristhian-martinez tag-feria-del-helado-artesanal-2026 tag-hidalgo tag-tula-de-allende tag-turismo\">\n\n<div class=\"wp-block-columns are-vertically-aligned-center is-layout-flex wp-container-core-columns-is-layout-9d6595d7 wp-block-columns-is-layout-flex\">\n<div class=\"wp-block-column is-vertically-aligned-center is-layout-flow wp-block-column-is-layout-flow\" style=\"flex-basis:25%\"><figure class=\"wp-block-post-featured-image\"><a href=\"https:\/\/revistaacropolis.com\/index.php\/impulsa-cristhian-martinez-el-turismo-la-cultura-y-la-gastronomia-con-la-feria-del-helado-artesanal-2026\/sociedad\/\" target=\"_self\"  ><img decoding=\"async\" width=\"2049\" height=\"1152\" src=\"https:\/\/revistaacropolis.com\/wp-content\/uploads\/2026\/04\/Portadas-Paginas-web-2026-04-29T124657.299.png\" class=\"attachment-post-thumbnail size-post-thumbnail wp-post-image\" alt=\"Impulsa Cristhian Mart\u00ednez el turismo, la cultura y la gastronom\u00eda con la Feria del Helado Artesanal 2026\" style=\"object-fit:cover;\" srcset=\"https:\/\/revistaacropolis.com\/wp-content\/uploads\/2026\/04\/Portadas-Paginas-web-2026-04-29T124657.299.png 2049w, https:\/\/revistaacropolis.com\/wp-content\/uploads\/2026\/04\/Portadas-Paginas-web-2026-04-29T124657.299-300x169.png 300w, https:\/\/revistaacropolis.com\/wp-content\/uploads\/2026\/04\/Portadas-Paginas-web-2026-04-29T124657.299-1024x576.png 1024w, https:\/\/revistaacropolis.com\/wp-content\/uploads\/2026\/04\/Portadas-Paginas-web-2026-04-29T124657.299-768x432.png 768w, https:\/\/revistaacropolis.com\/wp-content\/uploads\/2026\/04\/Portadas-Paginas-web-2026-04-29T124657.299-1536x864.png 1536w, https:\/\/revistaacropolis.com\/wp-content\/uploads\/2026\/04\/Portadas-Paginas-web-2026-04-29T124657.299-600x337.png 600w\" sizes=\"(max-width: 2049px) 100vw, 2049px\" \/><\/a><\/figure><\/div>\n\n\n\n<div class=\"wp-block-column is-vertically-aligned-center is-layout-flow wp-block-column-is-layout-flow\" style=\"flex-basis:75%\"><h2 class=\"wp-block-post-title has-small-font-size\"><a href=\"https:\/\/revistaacropolis.com\/index.php\/impulsa-cristhian-martinez-el-turismo-la-cultura-y-la-gastronomia-con-la-feria-del-helado-artesanal-2026\/sociedad\/\" target=\"_self\" >Impulsa Cristhian Mart\u00ednez el turismo, la cultura y la gastronom\u00eda con la Feria del Helado Artesanal 2026<\/a><\/h2><\/div>\n<\/div>\n\n<\/li><\/ul><\/div>\n\n\n\n<p>Por ello, asever\u00f3, <strong>los tablajeros realizaron la protesta en su contra con burros y pancarta, la cual calific\u00f3 como \u201cnumerito\u201d,<\/strong> en la que le reclamaron por afirmar sin fundamento que venden carne contaminada, lo que -acusaron- ha afectado sus ventas.<\/p>\n","protected":false},"excerpt":{"rendered":"<p>La pr\u00f3xima semana el Cabildo votar\u00e1 el dictamen que ordena al Comit\u00e9 de Adquisiciones, Arrendamientos y Servicios del municipio emitir una convocatoria de licitaci\u00f3n p\u00fablica para otorgar en comodato el&hellip; <\/p>\n","protected":false},"author":4,"featured_media":6723,"comment_status":"closed","ping_status":"closed","sticky":false,"template":"","format":"standard","meta":{"two_page_speed":[],"_joinchat":[],"footnotes":""},"categories":[1],"tags":[205,91,1511],"class_list":["post-6722","post","type-post","status-publish","format-standard","has-post-thumbnail","hentry","category-politica","tag-licitacion","tag-pachuca","tag-rastro"],"_links":{"self":[{"href":"https:\/\/revistaacropolis.com\/index.php\/wp-json\/wp\/v2\/posts\/6722","targetHints":{"allow":["GET"]}}],"collection":[{"href":"https:\/\/revistaacropolis.com\/index.php\/wp-json\/wp\/v2\/posts"}],"about":[{"href":"https:\/\/revistaacropolis.com\/index.php\/wp-json\/wp\/v2\/types\/post"}],"author":[{"embeddable":true,"href":"https:\/\/revistaacropolis.com\/index.php\/wp-json\/wp\/v2\/users\/4"}],"replies":[{"embeddable":true,"href":"https:\/\/revistaacropolis.com\/index.php\/wp-json\/wp\/v2\/comments?post=6722"}],"version-history":[{"count":1,"href":"https:\/\/revistaacropolis.com\/index.php\/wp-json\/wp\/v2\/posts\/6722\/revisions"}],"predecessor-version":[{"id":6724,"href":"https:\/\/revistaacropolis.com\/index.php\/wp-json\/wp\/v2\/posts\/6722\/revisions\/6724"}],"wp:featuredmedia":[{"embeddable":true,"href":"https:\/\/revistaacropolis.com\/index.php\/wp-json\/wp\/v2\/media\/6723"}],"wp:attachment":[{"href":"https:\/\/revistaacropolis.com\/index.php\/wp-json\/wp\/v2\/media?parent=6722"}],"wp:term":[{"taxonomy":"category","embeddable":true,"href":"https:\/\/revistaacropolis.com\/index.php\/wp-json\/wp\/v2\/categories?post=6722"},{"taxonomy":"post_tag","embeddable":true,"href":"https:\/\/revistaacropolis.com\/index.php\/wp-json\/wp\/v2\/tags?post=6722"}],"curies":[{"name":"wp","href":"https:\/\/api.w.org\/{rel}","templated":true}]}}