{"id":678,"date":"2023-02-14T12:39:00","date_gmt":"2023-02-14T12:39:00","guid":{"rendered":"https:\/\/revistaacropolis.com\/?p=678"},"modified":"2023-02-14T20:37:08","modified_gmt":"2023-02-14T20:37:08","slug":"da-loas-lider-del-snte-a-menchaca-tras-acordar-pago-a-homologados","status":"publish","type":"post","link":"https:\/\/revistaacropolis.com\/index.php\/da-loas-lider-del-snte-a-menchaca-tras-acordar-pago-a-homologados\/politica\/","title":{"rendered":"Da loas l\u00edder del SNTE a Menchaca tras acordar pago a homologados"},"content":{"rendered":"\n<p>Un d\u00eda despu\u00e9s de acordarse el pago de aguinaldo a trabajadores homologados, el l\u00edder de la Secci\u00f3n XV del Sindicato Nacional de Trabajadores de la Educaci\u00f3n (SNTE), Said Vargas S\u00e1enz, <strong>calific\u00f3 como \u201caliado y amigo del magisterio\u201d al gobernador Julio Menchaca Salazar.<\/strong><\/p>\n\n\n\n<p>Durante la ceremonia por el 52 aniversario de la primaria, Vicente Guerrero, el dirigente sindical afirm\u00f3 que por parte del mandatario <strong>hay \u201csensibilidad\u201d y \u201crespaldo\u201d<\/strong> al gremio docente.<\/p>\n\n\n<p><iframe style=\"border: none; overflow: hidden;\" src=\"https:\/\/www.facebook.com\/plugins\/post.php?href=https%3A%2F%2Fwww.facebook.com%2Fphoto.php%3Ffbid%3D520157530230912%26set%3Da.319143266999007%26type%3D3&amp;show_text=true&amp;width=500\" width=\"500\" height=\"498\" frameborder=\"0\" scrolling=\"no\" allowfullscreen=\"allowfullscreen\"><\/iframe><\/p>\n\n\n<p>El secretario de la Secci\u00f3n XV se\u00f1al\u00f3 que <strong>\u201cen estos d\u00edas\u201d<\/strong> los trabajadores homologados<strong> recibir\u00e1n el pago,<\/strong> el cual no fue radicado por la federaci\u00f3n.<\/p>\n\n\n\n<p>[su_quote cite=\u00bbCon la sensibilidad del se\u00f1or gobernador, \u00e9l viendo de qu\u00e9 manera aqu\u00ed en el estado poder apoyar a nuestras compa\u00f1eras y compa\u00f1eras, porque nuestro se\u00f1or gobernador es as\u00ed: ve la alternativa y la manera de poder dar respuesta\u201d, dijo.\u00bb][\/su_quote]<\/p>\n\n\n\n<p>Asever\u00f3 que por parte del sindicato respaldar\u00e1n al mandatario morenista cuando tengan <strong>\u201cla necesidad de hacerlo\u201d.<\/strong><\/p>\n\n\n\n<p>[su_quote cite=\u00bbSomos un sector importante en la toma de decisiones para la transformaci\u00f3n del estado\u201d, afirm\u00f3 el dirigente magisterial.\u00bb][\/su_quote]<\/p>\n\n\n\n<div class=\"wp-block-query is-layout-flow wp-block-query-is-layout-flow\"><ul class=\"wp-block-post-template has-small-font-size is-layout-flow wp-block-post-template-is-layout-flow\"><li class=\"wp-block-post post-23409 post type-post status-publish format-standard has-post-thumbnail hentry category-sociedad tag-cecilia-del-rayo-vargas-chacon tag-desayuno-empresarial tag-hidalgo tag-paola-cruz tag-redmuem tag-silvino-lopez-tovar\">\n\n<div class=\"wp-block-columns are-vertically-aligned-center has-small-font-size is-layout-flex wp-container-core-columns-is-layout-9d6595d7 wp-block-columns-is-layout-flex\">\n<div class=\"wp-block-column is-vertically-aligned-center is-layout-flow wp-block-column-is-layout-flow\" style=\"flex-basis:25%\"><figure class=\"wp-block-post-featured-image\"><a href=\"https:\/\/revistaacropolis.com\/index.php\/redmuem-hidalgo-fortalece-su-comunidad-empresarial-en-desayuno-exclusivo\/sociedad\/\" target=\"_self\"  ><img fetchpriority=\"high\" decoding=\"async\" width=\"2049\" height=\"1152\" src=\"https:\/\/revistaacropolis.com\/wp-content\/uploads\/2026\/04\/Portadas-Paginas-web-2026-04-30T125532.404.png\" class=\"attachment-post-thumbnail size-post-thumbnail wp-post-image\" alt=\"Redmuem Hidalgo fortalece su comunidad empresarial en desayuno exclusivo\" style=\"object-fit:cover;\" srcset=\"https:\/\/revistaacropolis.com\/wp-content\/uploads\/2026\/04\/Portadas-Paginas-web-2026-04-30T125532.404.png 2049w, https:\/\/revistaacropolis.com\/wp-content\/uploads\/2026\/04\/Portadas-Paginas-web-2026-04-30T125532.404-300x169.png 300w, https:\/\/revistaacropolis.com\/wp-content\/uploads\/2026\/04\/Portadas-Paginas-web-2026-04-30T125532.404-1024x576.png 1024w, https:\/\/revistaacropolis.com\/wp-content\/uploads\/2026\/04\/Portadas-Paginas-web-2026-04-30T125532.404-768x432.png 768w, https:\/\/revistaacropolis.com\/wp-content\/uploads\/2026\/04\/Portadas-Paginas-web-2026-04-30T125532.404-1536x864.png 1536w, https:\/\/revistaacropolis.com\/wp-content\/uploads\/2026\/04\/Portadas-Paginas-web-2026-04-30T125532.404-600x337.png 600w\" sizes=\"(max-width: 2049px) 100vw, 2049px\" \/><\/a><\/figure><\/div>\n\n\n\n<div class=\"wp-block-column is-vertically-aligned-center is-layout-flow wp-block-column-is-layout-flow\" style=\"flex-basis:75%\"><h2 class=\"wp-block-post-title has-small-font-size\"><a href=\"https:\/\/revistaacropolis.com\/index.php\/redmuem-hidalgo-fortalece-su-comunidad-empresarial-en-desayuno-exclusivo\/sociedad\/\" target=\"_self\" >Redmuem Hidalgo fortalece su comunidad empresarial en desayuno exclusivo<\/a><\/h2><\/div>\n<\/div>\n\n<\/li><li class=\"wp-block-post post-23402 post type-post status-publish format-standard has-post-thumbnail hentry category-sociedad tag-cristhian-martinez tag-feria-del-helado-artesanal-2026 tag-hidalgo tag-tula-de-allende tag-turismo\">\n\n<div class=\"wp-block-columns are-vertically-aligned-center has-small-font-size is-layout-flex wp-container-core-columns-is-layout-9d6595d7 wp-block-columns-is-layout-flex\">\n<div class=\"wp-block-column is-vertically-aligned-center is-layout-flow wp-block-column-is-layout-flow\" style=\"flex-basis:25%\"><figure class=\"wp-block-post-featured-image\"><a href=\"https:\/\/revistaacropolis.com\/index.php\/impulsa-cristhian-martinez-el-turismo-la-cultura-y-la-gastronomia-con-la-feria-del-helado-artesanal-2026\/sociedad\/\" target=\"_self\"  ><img decoding=\"async\" width=\"2049\" height=\"1152\" src=\"https:\/\/revistaacropolis.com\/wp-content\/uploads\/2026\/04\/Portadas-Paginas-web-2026-04-29T124657.299.png\" class=\"attachment-post-thumbnail size-post-thumbnail wp-post-image\" alt=\"Impulsa Cristhian Mart\u00ednez el turismo, la cultura y la gastronom\u00eda con la Feria del Helado Artesanal 2026\" style=\"object-fit:cover;\" srcset=\"https:\/\/revistaacropolis.com\/wp-content\/uploads\/2026\/04\/Portadas-Paginas-web-2026-04-29T124657.299.png 2049w, https:\/\/revistaacropolis.com\/wp-content\/uploads\/2026\/04\/Portadas-Paginas-web-2026-04-29T124657.299-300x169.png 300w, https:\/\/revistaacropolis.com\/wp-content\/uploads\/2026\/04\/Portadas-Paginas-web-2026-04-29T124657.299-1024x576.png 1024w, https:\/\/revistaacropolis.com\/wp-content\/uploads\/2026\/04\/Portadas-Paginas-web-2026-04-29T124657.299-768x432.png 768w, https:\/\/revistaacropolis.com\/wp-content\/uploads\/2026\/04\/Portadas-Paginas-web-2026-04-29T124657.299-1536x864.png 1536w, https:\/\/revistaacropolis.com\/wp-content\/uploads\/2026\/04\/Portadas-Paginas-web-2026-04-29T124657.299-600x337.png 600w\" sizes=\"(max-width: 2049px) 100vw, 2049px\" \/><\/a><\/figure><\/div>\n\n\n\n<div class=\"wp-block-column is-vertically-aligned-center is-layout-flow wp-block-column-is-layout-flow\" style=\"flex-basis:75%\"><h2 class=\"wp-block-post-title has-small-font-size\"><a href=\"https:\/\/revistaacropolis.com\/index.php\/impulsa-cristhian-martinez-el-turismo-la-cultura-y-la-gastronomia-con-la-feria-del-helado-artesanal-2026\/sociedad\/\" target=\"_self\" >Impulsa Cristhian Mart\u00ednez el turismo, la cultura y la gastronom\u00eda con la Feria del Helado Artesanal 2026<\/a><\/h2><\/div>\n<\/div>\n\n<\/li><\/ul><\/div>\n\n\n\n<p>De acuerdo con un comunicado del SNTE emitido ayer, <strong>el pago del aguinaldo a homologados<\/strong>, cuyos recursos no se encuentra presupuestado por la federaci\u00f3n -pese a ser el patr\u00f3n de esos trabajadores de la educaci\u00f3n- ni por la entidad, ser\u00e1 ministrado a partir de ma\u00f1ana.<\/p>\n\n\n\n<p>En entrevista anterior, el mandatario afirm\u00f3 que la entrega de la prestaci\u00f3n no se hab\u00eda concretado debido a que no contaban con el recurso, no por mezquindad con el magisterio. Ello, tras la emisi\u00f3n de un desplegado de la Secci\u00f3n XV, que afirm\u00f3 que no permitir\u00eda la p\u00e9rdida ni reducci\u00f3n de sus prestaciones.<\/p>\n\n\n\n<p><\/p>\n","protected":false},"excerpt":{"rendered":"<p>Un d\u00eda despu\u00e9s de acordarse el pago de aguinaldo a trabajadores homologados, el l\u00edder de la Secci\u00f3n XV del Sindicato Nacional de Trabajadores de la Educaci\u00f3n (SNTE), Said Vargas S\u00e1enz,&hellip; <\/p>\n","protected":false},"author":4,"featured_media":683,"comment_status":"closed","ping_status":"closed","sticky":false,"template":"","format":"standard","meta":{"two_page_speed":[],"_joinchat":[],"footnotes":""},"categories":[1],"tags":[93,164,103],"class_list":["post-678","post","type-post","status-publish","format-standard","has-post-thumbnail","hentry","category-politica","tag-menchaca","tag-said-vargas","tag-snte"],"_links":{"self":[{"href":"https:\/\/revistaacropolis.com\/index.php\/wp-json\/wp\/v2\/posts\/678","targetHints":{"allow":["GET"]}}],"collection":[{"href":"https:\/\/revistaacropolis.com\/index.php\/wp-json\/wp\/v2\/posts"}],"about":[{"href":"https:\/\/revistaacropolis.com\/index.php\/wp-json\/wp\/v2\/types\/post"}],"author":[{"embeddable":true,"href":"https:\/\/revistaacropolis.com\/index.php\/wp-json\/wp\/v2\/users\/4"}],"replies":[{"embeddable":true,"href":"https:\/\/revistaacropolis.com\/index.php\/wp-json\/wp\/v2\/comments?post=678"}],"version-history":[{"count":1,"href":"https:\/\/revistaacropolis.com\/index.php\/wp-json\/wp\/v2\/posts\/678\/revisions"}],"predecessor-version":[{"id":682,"href":"https:\/\/revistaacropolis.com\/index.php\/wp-json\/wp\/v2\/posts\/678\/revisions\/682"}],"wp:featuredmedia":[{"embeddable":true,"href":"https:\/\/revistaacropolis.com\/index.php\/wp-json\/wp\/v2\/media\/683"}],"wp:attachment":[{"href":"https:\/\/revistaacropolis.com\/index.php\/wp-json\/wp\/v2\/media?parent=678"}],"wp:term":[{"taxonomy":"category","embeddable":true,"href":"https:\/\/revistaacropolis.com\/index.php\/wp-json\/wp\/v2\/categories?post=678"},{"taxonomy":"post_tag","embeddable":true,"href":"https:\/\/revistaacropolis.com\/index.php\/wp-json\/wp\/v2\/tags?post=678"}],"curies":[{"name":"wp","href":"https:\/\/api.w.org\/{rel}","templated":true}]}}