{"id":6847,"date":"2023-08-03T00:43:02","date_gmt":"2023-08-03T00:43:02","guid":{"rendered":"https:\/\/revistaacropolis.com\/?p=6847"},"modified":"2023-08-03T13:55:28","modified_gmt":"2023-08-03T13:55:28","slug":"son-hechos-historicos-que-se-ocultaban-no-adoctrinamiento-seph-sobre-libros-de-texto","status":"publish","type":"post","link":"https:\/\/revistaacropolis.com\/index.php\/son-hechos-historicos-que-se-ocultaban-no-adoctrinamiento-seph-sobre-libros-de-texto\/politica\/","title":{"rendered":"Son \u201chechos hist\u00f3ricos\u201d que se ocultaban, no adoctrinamiento: SEPH sobre libros de texto"},"content":{"rendered":"\n<p>El secretario de Educaci\u00f3n P\u00fablica de Hidalgo, <strong>Natividad Castrej\u00f3n Valdez, consider\u00f3 que el contenido de los nuevos libros de texto gratuitos que ha sido considerado como \u201cadoctrinador\u201d es \u201cla manifestaci\u00f3n de algunos hechos hist\u00f3ricos\u201d, <\/strong>que en otra ocaciones \u201cse han ocultado\u201d.<\/p>\n\n\n\n<blockquote class=\"wp-block-quote is-layout-flow wp-block-quote-is-layout-flow\">\n<p>A juicio de los pedagogos que elaboraron los materiales, son datos que debe conocer todo ni\u00f1o toda ni\u00f1a de la historia de su pa\u00eds. Bueno, que sirvan para la reflexi\u00f3n del propio ni\u00f1o acompa\u00f1ado de sus docentes\u201d, expuso.<\/p>\n<\/blockquote>\n\n\n\n<p>El funcionario fue <strong>cuestionado sobre los se\u00f1alamiento de entes como&nbsp; la Uni\u00f3n Nacional de Padres de Familia y algunos miembro de la comunidad educativa, <\/strong>que ha se\u00f1alado que los nuevos libros tiene una carga de adoctrinamiento, errores conceptuales y reducci\u00f3n en temas de matem\u00e1ticas, entre otros; <strong>adem\u00e1s, si \u00e9l ya los ha consultado.<\/strong><\/p>\n\n\n\n<p>Castrej\u00f3n Valdez respondi\u00f3 que <strong>las mesas t\u00e9cnicas y los pedagogos que tiene la Secretar\u00eda de Educaci\u00f3n P\u00fablica de Hidalgo (SEPH) se encuentran revis\u00e1ndolos<\/strong>, por lo cual le presentar\u00e1n un informe \u201cde qu\u00e9 ven de fortalezas\u201d y si hay alguna debilidad para subsanarla.<\/p>\n\n\n\n<p>El secretario afirm\u00f3 que <strong>el libro es solo una de las herramienta pedag\u00f3gica que tienen los maestros<\/strong> para llevar a cabo su trabajo.<\/p>\n\n\n\n<p>Consider\u00f3 que <strong>la postura en contra que tiene la Uni\u00f3n Nacional de Padres de Familia es por una creencia que tiene que ver con un pensamiento ideol\u00f3gico<\/strong> \u201crespetable\u201d.<\/p>\n\n\n\n<blockquote class=\"wp-block-quote is-layout-flow wp-block-quote-is-layout-flow\">\n<p>Tal vez alguno de ellos preferir\u00edan que viniera el catecismo de la Iglesia Cristiana o Cat\u00f3lica. Es un libro de educaci\u00f3n, se elabora bajo la reglas y las leyes que mandatan la Constituci\u00f3n. La SEP federal ha respondido todos los requerimientos legales y nosotros estamos en condiciones de entregar los libros a los ni\u00f1os el primer d\u00eda de clases (28 de agosto) si esa es la instrucci\u00f3n de la Secretar\u00eda de Educaci\u00f3n P\u00fablica federal\u201d, indic\u00f3.<\/p>\n<\/blockquote>\n\n\n\n<p>Indic\u00f3 que la Asociaci\u00f3n Estatal de Padres de Familia no se ha pronunciado al respecto, tampoco las escuelas particulares en la entidad.<\/p>\n\n\n\n<h3 class=\"wp-block-heading\"><strong>LISTOS PARA REPARTIRLOS, DICE NATIVIDAD<\/strong><\/h3>\n\n\n\n<p>El titular de la SEPH dijo que <strong>ya cuenta con alrededor de 2 millones de libros de primero a cuarto grado de primaria, <\/strong>por lo que est\u00e1n a la espera de que la pr\u00f3xima semana lleguen los de quinto y sexto, para poderlos repartir el 28 de agosto, cuando comienza el ciclo escolar 2023-2024.<\/p>\n\n\n\n<figure class=\"wp-block-pullquote\"><blockquote><p>El compromiso es, los de preescolar a sexto a\u00f1o, tenerlos el primer d\u00eda de clases en el pupitre de cada alumno\u201d, expuso.<\/p><\/blockquote><\/figure>\n\n\n\n<p>Sobre la suspendieron que otorg\u00f3 un juez federal para frenar su entrega y someterlos antes a revisi\u00f3n, <strong>dijo que es es \u201cun tema legal que se da en los tribunales\u201d,<\/strong> que es ajeno a la operaci\u00f3n que realizan los estados.<\/p>\n\n\n\n<p>Castrej\u00f3n Valdez a\u00f1adi\u00f3 que <strong>no sabe cu\u00e1ndo llegan los libros de secundaria<\/strong>, por lo que si no est\u00e1n listos para el inicio del ciclo escolar, estim\u00f3 que los entregar\u00e1n en las primeras dos semanas.<\/p>\n\n\n\n<p>En total, deber\u00e1n entregar 10 millones de libros y libretas en 8 mil escuelas, dijo. En tanto, l<strong>a distribuci\u00f3n de uniformes comenzar\u00e1 el 29 de agosto<\/strong> y se espera que concluya en un mes. <\/p>\n\n\n\n<h3 class=\"wp-block-heading\"><strong>DatoAcro<\/strong><\/h3>\n\n\n\n<p><em>-Entre los datos que han criticado los opositores de los nuevos libros de texto gratuitos se encuentra la parte en la que se hace menci\u00f3n que en la elecci\u00f3n presidencial de 2006 hubo fraude.<\/em><\/p>\n","protected":false},"excerpt":{"rendered":"<p>El secretario de Educaci\u00f3n P\u00fablica de Hidalgo, Natividad Castrej\u00f3n Valdez, consider\u00f3 que el contenido de los nuevos libros de texto gratuitos que ha sido considerado como \u201cadoctrinador\u201d es \u201cla manifestaci\u00f3n&hellip; <\/p>\n","protected":false},"author":4,"featured_media":6848,"comment_status":"closed","ping_status":"closed","sticky":false,"template":"","format":"standard","meta":{"two_page_speed":[],"_joinchat":[],"footnotes":""},"categories":[1],"tags":[1704,389,119],"class_list":["post-6847","post","type-post","status-publish","format-standard","has-post-thumbnail","hentry","category-politica","tag-libros","tag-natividad","tag-seph"],"_links":{"self":[{"href":"https:\/\/revistaacropolis.com\/index.php\/wp-json\/wp\/v2\/posts\/6847","targetHints":{"allow":["GET"]}}],"collection":[{"href":"https:\/\/revistaacropolis.com\/index.php\/wp-json\/wp\/v2\/posts"}],"about":[{"href":"https:\/\/revistaacropolis.com\/index.php\/wp-json\/wp\/v2\/types\/post"}],"author":[{"embeddable":true,"href":"https:\/\/revistaacropolis.com\/index.php\/wp-json\/wp\/v2\/users\/4"}],"replies":[{"embeddable":true,"href":"https:\/\/revistaacropolis.com\/index.php\/wp-json\/wp\/v2\/comments?post=6847"}],"version-history":[{"count":2,"href":"https:\/\/revistaacropolis.com\/index.php\/wp-json\/wp\/v2\/posts\/6847\/revisions"}],"predecessor-version":[{"id":6855,"href":"https:\/\/revistaacropolis.com\/index.php\/wp-json\/wp\/v2\/posts\/6847\/revisions\/6855"}],"wp:featuredmedia":[{"embeddable":true,"href":"https:\/\/revistaacropolis.com\/index.php\/wp-json\/wp\/v2\/media\/6848"}],"wp:attachment":[{"href":"https:\/\/revistaacropolis.com\/index.php\/wp-json\/wp\/v2\/media?parent=6847"}],"wp:term":[{"taxonomy":"category","embeddable":true,"href":"https:\/\/revistaacropolis.com\/index.php\/wp-json\/wp\/v2\/categories?post=6847"},{"taxonomy":"post_tag","embeddable":true,"href":"https:\/\/revistaacropolis.com\/index.php\/wp-json\/wp\/v2\/tags?post=6847"}],"curies":[{"name":"wp","href":"https:\/\/api.w.org\/{rel}","templated":true}]}}