{"id":7064,"date":"2023-08-10T01:04:04","date_gmt":"2023-08-10T01:04:04","guid":{"rendered":"https:\/\/revistaacropolis.com\/?p=7064"},"modified":"2023-08-10T06:13:16","modified_gmt":"2023-08-10T06:13:16","slug":"solo-4-aspirantes-del-frente-pasan-a-siguiente-fase-xochitl-paredes-creel-y-de-la-madrid","status":"publish","type":"post","link":"https:\/\/revistaacropolis.com\/index.php\/solo-4-aspirantes-del-frente-pasan-a-siguiente-fase-xochitl-paredes-creel-y-de-la-madrid\/politica\/","title":{"rendered":"S\u00f3lo 4 aspirantes del Frente pasan a siguiente fase: X\u00f3chitl, Paredes Creel y De la Madrid"},"content":{"rendered":"\n<p>S\u00f3lo cuatro aspirantes consiguieron las firmas necesarias para pasar a la siguiente fase en la selecci\u00f3n de la candidatura a la presidencia de la rep\u00fablica al interior del Frente Amplio por M\u00e9xico, conformado por los partidos <strong>Acci\u00f3n Nacional (PAN), Revolucionario Institucional (PRI) y de la Revoluci\u00f3n Democr\u00e1tica (PRD).<\/strong><\/p>\n\n\n\n<p>En conferencia de prensa, miembros del frente se\u00f1alaron que en total se recabaron 1.9 millones de firmas por cuatro personas: Santiago Creel Miranda, Enrique de la Madrid Cordero, X\u00f3chitl G\u00e1lvez Ruiz y Beatriz Paredes Rangel.<\/p>\n\n\n\n<ul class=\"wp-block-list\">\n<li><strong>X\u00f3chitl G\u00e1lvez Ruiz<\/strong>: 554 mil 699 firmas <\/li>\n\n\n\n<li><strong>Beatriz Paredes Rangel<\/strong> 451 mil 934 firmas<\/li>\n\n\n\n<li><strong>Santiago Creel Miranda<\/strong>: 358 mil 735 firmas<\/li>\n\n\n\n<li><strong>Enrique de la Madrid Cordero<\/strong>: 334 mil 729 firmas <\/li>\n<\/ul>\n\n\n\n<figure class=\"wp-block-image size-large\"><img fetchpriority=\"high\" decoding=\"async\" width=\"1024\" height=\"682\" src=\"https:\/\/revistaacropolis.com\/wp-content\/uploads\/2023\/08\/xochitil-1024x682.jpg\" alt=\"\" class=\"wp-image-7067\" srcset=\"https:\/\/revistaacropolis.com\/wp-content\/uploads\/2023\/08\/xochitil-1024x682.jpg 1024w, https:\/\/revistaacropolis.com\/wp-content\/uploads\/2023\/08\/xochitil-300x200.jpg 300w, https:\/\/revistaacropolis.com\/wp-content\/uploads\/2023\/08\/xochitil-768x512.jpg 768w, https:\/\/revistaacropolis.com\/wp-content\/uploads\/2023\/08\/xochitil-600x400.jpg 600w, https:\/\/revistaacropolis.com\/wp-content\/uploads\/2023\/08\/xochitil.jpg 1280w\" sizes=\"(max-width: 1024px) 100vw, 1024px\" \/><\/figure>\n\n\n\n<p>Con ello, quedan fuera los perredistas <strong>Miguel \u00c1ngel Mancera y Silvano Aureoles Conejo<\/strong>, as\u00ed como el panista Francisco Garc\u00eda Cabeza de Vaca.<\/p>\n\n\n\n<p>El proceso fue voluntario, sin publicidad y sin una estructura de apoyo, seg\u00fan el comit\u00e9 organizador. Los partidos no aportaron recursos para la recolecci\u00f3n de r\u00fabricas en 17 entidades federativas.<\/p>\n\n\n\n<figure class=\"wp-block-image size-full\"><img decoding=\"async\" width=\"526\" height=\"687\" src=\"https:\/\/revistaacropolis.com\/wp-content\/uploads\/2023\/08\/beatriz.jpg\" alt=\"\" class=\"wp-image-7068\" srcset=\"https:\/\/revistaacropolis.com\/wp-content\/uploads\/2023\/08\/beatriz.jpg 526w, https:\/\/revistaacropolis.com\/wp-content\/uploads\/2023\/08\/beatriz-230x300.jpg 230w, https:\/\/revistaacropolis.com\/wp-content\/uploads\/2023\/08\/beatriz-459x600.jpg 459w\" sizes=\"(max-width: 526px) 100vw, 526px\" \/><\/figure>\n\n\n\n<h3 class=\"wp-block-heading\">\u00bfQU\u00c9 SIGUE? UN FORO<\/h3>\n\n\n\n<p>Este jueves a las 19:00 horas se llevar\u00e1 a cabo un <strong>foro entre los cuatro participantes<\/strong> que ser\u00e1 transmitido por las redes de los partidos que conforman el frente.<\/p>\n\n\n\n<p>En este los aspirantes presentar\u00e1n en hora y media sus visiones de M\u00e9xico, diagn\u00f3sticos y expectativas a futuro.<\/p>\n\n\n\n<figure class=\"wp-block-image size-large\"><img decoding=\"async\" width=\"1024\" height=\"682\" src=\"https:\/\/revistaacropolis.com\/wp-content\/uploads\/2023\/08\/enrique-1024x682.jpg\" alt=\"\" class=\"wp-image-7069\" srcset=\"https:\/\/revistaacropolis.com\/wp-content\/uploads\/2023\/08\/enrique-1024x682.jpg 1024w, https:\/\/revistaacropolis.com\/wp-content\/uploads\/2023\/08\/enrique-300x200.jpg 300w, https:\/\/revistaacropolis.com\/wp-content\/uploads\/2023\/08\/enrique-768x512.jpg 768w, https:\/\/revistaacropolis.com\/wp-content\/uploads\/2023\/08\/enrique-600x400.jpg 600w, https:\/\/revistaacropolis.com\/wp-content\/uploads\/2023\/08\/enrique.jpg 1280w\" sizes=\"(max-width: 1024px) 100vw, 1024px\" \/><\/figure>\n\n\n\n<p>Se abordar\u00e1n como temas \u201clos l\u00edmites y contrapesos al poder, y si es o no necesario entrar en un proceso de esfuerzo para la reconciliaci\u00f3n nacional\u201d.<\/p>\n\n\n\n<p>Posterior al foro se seleccionar\u00e1 qui\u00e9nes son las personas que pasan ala etapa siguiente, que incluye una encuesta.<\/p>\n\n\n\n<figure class=\"wp-block-image size-large\"><img loading=\"lazy\" decoding=\"async\" width=\"1024\" height=\"682\" src=\"https:\/\/revistaacropolis.com\/wp-content\/uploads\/2023\/08\/santiago-creel-1024x682.jpg\" alt=\"\" class=\"wp-image-7070\" srcset=\"https:\/\/revistaacropolis.com\/wp-content\/uploads\/2023\/08\/santiago-creel-1024x682.jpg 1024w, https:\/\/revistaacropolis.com\/wp-content\/uploads\/2023\/08\/santiago-creel-300x200.jpg 300w, https:\/\/revistaacropolis.com\/wp-content\/uploads\/2023\/08\/santiago-creel-768x512.jpg 768w, https:\/\/revistaacropolis.com\/wp-content\/uploads\/2023\/08\/santiago-creel-600x400.jpg 600w, https:\/\/revistaacropolis.com\/wp-content\/uploads\/2023\/08\/santiago-creel.jpg 1280w\" sizes=\"(max-width: 1024px) 100vw, 1024px\" \/><\/figure>\n","protected":false},"excerpt":{"rendered":"<p>S\u00f3lo cuatro aspirantes consiguieron las firmas necesarias para pasar a la siguiente fase en la selecci\u00f3n de la candidatura a la presidencia de la rep\u00fablica al interior del Frente Amplio&hellip; <\/p>\n","protected":false},"author":11,"featured_media":7072,"comment_status":"closed","ping_status":"closed","sticky":false,"template":"","format":"standard","meta":{"two_page_speed":[],"_joinchat":[],"footnotes":""},"categories":[1],"tags":[1755,1754,1757,1756],"class_list":["post-7064","post","type-post","status-publish","format-standard","has-post-thumbnail","hentry","category-politica","tag-firmas","tag-frente-amplio-por-mexico","tag-santiago-creel","tag-xochitil-galvez-ruiz"],"_links":{"self":[{"href":"https:\/\/revistaacropolis.com\/index.php\/wp-json\/wp\/v2\/posts\/7064","targetHints":{"allow":["GET"]}}],"collection":[{"href":"https:\/\/revistaacropolis.com\/index.php\/wp-json\/wp\/v2\/posts"}],"about":[{"href":"https:\/\/revistaacropolis.com\/index.php\/wp-json\/wp\/v2\/types\/post"}],"author":[{"embeddable":true,"href":"https:\/\/revistaacropolis.com\/index.php\/wp-json\/wp\/v2\/users\/11"}],"replies":[{"embeddable":true,"href":"https:\/\/revistaacropolis.com\/index.php\/wp-json\/wp\/v2\/comments?post=7064"}],"version-history":[{"count":2,"href":"https:\/\/revistaacropolis.com\/index.php\/wp-json\/wp\/v2\/posts\/7064\/revisions"}],"predecessor-version":[{"id":7093,"href":"https:\/\/revistaacropolis.com\/index.php\/wp-json\/wp\/v2\/posts\/7064\/revisions\/7093"}],"wp:featuredmedia":[{"embeddable":true,"href":"https:\/\/revistaacropolis.com\/index.php\/wp-json\/wp\/v2\/media\/7072"}],"wp:attachment":[{"href":"https:\/\/revistaacropolis.com\/index.php\/wp-json\/wp\/v2\/media?parent=7064"}],"wp:term":[{"taxonomy":"category","embeddable":true,"href":"https:\/\/revistaacropolis.com\/index.php\/wp-json\/wp\/v2\/categories?post=7064"},{"taxonomy":"post_tag","embeddable":true,"href":"https:\/\/revistaacropolis.com\/index.php\/wp-json\/wp\/v2\/tags?post=7064"}],"curies":[{"name":"wp","href":"https:\/\/api.w.org\/{rel}","templated":true}]}}