{"id":7219,"date":"2023-08-11T21:17:28","date_gmt":"2023-08-11T21:17:28","guid":{"rendered":"https:\/\/revistaacropolis.com\/?p=7219"},"modified":"2023-08-11T21:21:35","modified_gmt":"2023-08-11T21:21:35","slug":"detiene-a-sujeto-que-llevaba-a-nina-en-una-maleta","status":"publish","type":"post","link":"https:\/\/revistaacropolis.com\/index.php\/detiene-a-sujeto-que-llevaba-a-nina-en-una-maleta\/seguridadyjusticia\/","title":{"rendered":"Detienen a sujeto que llevaba a ni\u00f1a en una maleta"},"content":{"rendered":"\n<p><strong>Polic\u00edas de Tec\u00e1mac<\/strong>, Estado de M\u00e9xico, detuvieron a un sujeto que llevaba a una ni\u00f1a en una caja en su bicicleta, a la altura de la <strong>carretera M\u00e9xico-Pachuca<\/strong>.<\/p>\n\n\n\n<p>Seg\u00fan un video que circula en redes sociales, una patrulla intercepta el veh\u00edculo de dos ruedas, pero el sujeto rodea la unidad. Posteriormente uno de los oficiales baja del automotor oficial y lo persigue.<\/p>\n\n\n\n<p>Nuevamente la patrilla le da alcance y es acorralado por tres polic\u00edas. Mientras el hombre es sometido, una de las oficiales extrae <strong>a la peque\u00f1a de la caja <\/strong>o maleta que estaba en la bicicleta.<\/p>\n\n\n\n<p>Versiones preliminares se\u00f1alan que el sujeto <strong>habr\u00eda golpeado a una mujer<\/strong> para arrebatarle a su hija, lo que deriv\u00f3 en la persecuci\u00f3n policiaca.<\/p>\n\n\n\n<p>Las autoridades pondr\u00e1n a disposici\u00f3n al hombre ante el Ministerio P\u00fablica para llevar a cabo las diligencias legales correspondientes y deslindar responsabilidades.<\/p>\n\n\n\n<figure class=\"wp-block-image size-full\"><img fetchpriority=\"high\" decoding=\"async\" width=\"872\" height=\"438\" src=\"https:\/\/revistaacropolis.com\/wp-content\/uploads\/2023\/08\/captura-2-1.jpg\" alt=\"\" class=\"wp-image-7221\" srcset=\"https:\/\/revistaacropolis.com\/wp-content\/uploads\/2023\/08\/captura-2-1.jpg 872w, https:\/\/revistaacropolis.com\/wp-content\/uploads\/2023\/08\/captura-2-1-300x151.jpg 300w, https:\/\/revistaacropolis.com\/wp-content\/uploads\/2023\/08\/captura-2-1-768x386.jpg 768w, https:\/\/revistaacropolis.com\/wp-content\/uploads\/2023\/08\/captura-2-1-600x301.jpg 600w\" sizes=\"(max-width: 872px) 100vw, 872px\" \/><\/figure>\n","protected":false},"excerpt":{"rendered":"<p>Polic\u00edas de Tec\u00e1mac, Estado de M\u00e9xico, detuvieron a un sujeto que llevaba a una ni\u00f1a en una caja en su bicicleta, a la altura de la carretera M\u00e9xico-Pachuca. Seg\u00fan un&hellip; <\/p>\n","protected":false},"author":4,"featured_media":7220,"comment_status":"closed","ping_status":"closed","sticky":false,"template":"","format":"standard","meta":{"two_page_speed":[],"_joinchat":[],"footnotes":""},"categories":[1078],"tags":[1786,1564,1785],"class_list":["post-7219","post","type-post","status-publish","format-standard","has-post-thumbnail","hentry","category-seguridadyjusticia","tag-maleta","tag-nina","tag-secuestrador"],"_links":{"self":[{"href":"https:\/\/revistaacropolis.com\/index.php\/wp-json\/wp\/v2\/posts\/7219","targetHints":{"allow":["GET"]}}],"collection":[{"href":"https:\/\/revistaacropolis.com\/index.php\/wp-json\/wp\/v2\/posts"}],"about":[{"href":"https:\/\/revistaacropolis.com\/index.php\/wp-json\/wp\/v2\/types\/post"}],"author":[{"embeddable":true,"href":"https:\/\/revistaacropolis.com\/index.php\/wp-json\/wp\/v2\/users\/4"}],"replies":[{"embeddable":true,"href":"https:\/\/revistaacropolis.com\/index.php\/wp-json\/wp\/v2\/comments?post=7219"}],"version-history":[{"count":2,"href":"https:\/\/revistaacropolis.com\/index.php\/wp-json\/wp\/v2\/posts\/7219\/revisions"}],"predecessor-version":[{"id":7223,"href":"https:\/\/revistaacropolis.com\/index.php\/wp-json\/wp\/v2\/posts\/7219\/revisions\/7223"}],"wp:featuredmedia":[{"embeddable":true,"href":"https:\/\/revistaacropolis.com\/index.php\/wp-json\/wp\/v2\/media\/7220"}],"wp:attachment":[{"href":"https:\/\/revistaacropolis.com\/index.php\/wp-json\/wp\/v2\/media?parent=7219"}],"wp:term":[{"taxonomy":"category","embeddable":true,"href":"https:\/\/revistaacropolis.com\/index.php\/wp-json\/wp\/v2\/categories?post=7219"},{"taxonomy":"post_tag","embeddable":true,"href":"https:\/\/revistaacropolis.com\/index.php\/wp-json\/wp\/v2\/tags?post=7219"}],"curies":[{"name":"wp","href":"https:\/\/api.w.org\/{rel}","templated":true}]}}