{"id":724,"date":"2023-02-15T23:21:28","date_gmt":"2023-02-15T23:21:28","guid":{"rendered":"https:\/\/revistaacropolis.com\/?p=724"},"modified":"2023-02-16T01:13:22","modified_gmt":"2023-02-16T01:13:22","slug":"pide-menchaca-ampliacion-de-carriles-de-pachuca-al-aifa","status":"publish","type":"post","link":"https:\/\/revistaacropolis.com\/index.php\/pide-menchaca-ampliacion-de-carriles-de-pachuca-al-aifa\/empresarial\/","title":{"rendered":"Pide Menchaca ampliaci\u00f3n de carriles de Pachuca al AIFA"},"content":{"rendered":"\n<p>El gobernador Julio Menchaca Salazar afirm\u00f3 que la carretera que conecta a Pachuca con el Aeropuerto Internacional Felipe \u00c1ngeles (AIFA) <strong>requiere una ampliaci\u00f3n de carriles, como se hizo con la v\u00eda de la Ciudad de M\u00e9xico al puerto a\u00e9reo.<\/strong><\/p>\n\n\n\n<p>Dijo que contar con una <strong>\u201cmejor vialidad\u201d<\/strong> acelerar\u00e1 la cercan\u00eda que tiene el estado <strong>con el aeropuerto ubicado en Santa Luc\u00eda, en Estado de M\u00e9xico.<\/strong><\/p>\n\n\n\n<p>El morenista afirm\u00f3 que el planteamiento <strong>est\u00e1 avanzado con el gobierno federal; sostuvo que ma\u00f1ana realizar\u00e1 un recorrido con el presidente Andr\u00e9s Manuel L\u00f3pez Obrador,<\/strong> con quien buscar\u00e1 abordar el tema y otros <strong>\u201cdos o tres asuntos que son importantes para el estado\u201d.<\/strong><\/p>\n\n\n\n<p>\u00abYa tiene ese planteamiento, pero vamos a aprovechar el d\u00eda de ma\u00f1ana para reiterarlo\u201d, dijo.<\/p>\n\n\n\n<figure class=\"wp-block-pullquote\"><blockquote><p>Ma\u00f1ana que veamos al presidente vamos a insistir en la comunicaci\u00f3n de Pachuca hacia el AIFA, y no solamente en beneficio de Hidalgo, sino a todos nuestros estados colindantes como Puebla, Veracruz, Quer\u00e9taro y San Luis Potos\u00ed\u201d, asever\u00f3.<\/p><\/blockquote><\/figure>\n\n\n\n<p>Asimismo, afirm\u00f3 que <strong>hay compromisos de infraestructura de parte del gobierno del estado con varias prospecciones de empresas,<\/strong> no solo con el caso de la armadora de autos el\u00e9ctricos Tesla, que <strong>considera a Hidalgo como una opci\u00f3n para instalar su planta en M\u00e9xico.<\/strong><\/p>\n\n\n\n<div class=\"wp-block-query is-layout-flow wp-block-query-is-layout-flow\"><ul class=\"wp-block-post-template is-layout-flow wp-block-post-template-is-layout-flow\"><li class=\"wp-block-post post-23409 post type-post status-publish format-standard has-post-thumbnail hentry category-sociedad tag-cecilia-del-rayo-vargas-chacon tag-desayuno-empresarial tag-hidalgo tag-paola-cruz tag-redmuem tag-silvino-lopez-tovar\">\n\n<div class=\"wp-block-columns are-vertically-aligned-center has-small-font-size is-layout-flex wp-container-core-columns-is-layout-9d6595d7 wp-block-columns-is-layout-flex\">\n<div class=\"wp-block-column is-vertically-aligned-center is-layout-flow wp-block-column-is-layout-flow\" style=\"flex-basis:25%\"><figure class=\"wp-block-post-featured-image\"><a href=\"https:\/\/revistaacropolis.com\/index.php\/redmuem-hidalgo-fortalece-su-comunidad-empresarial-en-desayuno-exclusivo\/sociedad\/\" target=\"_self\"  ><img fetchpriority=\"high\" decoding=\"async\" width=\"2049\" height=\"1152\" src=\"https:\/\/revistaacropolis.com\/wp-content\/uploads\/2026\/04\/Portadas-Paginas-web-2026-04-30T125532.404.png\" class=\"attachment-post-thumbnail size-post-thumbnail wp-post-image\" alt=\"Redmuem Hidalgo fortalece su comunidad empresarial en desayuno exclusivo\" style=\"object-fit:cover;\" srcset=\"https:\/\/revistaacropolis.com\/wp-content\/uploads\/2026\/04\/Portadas-Paginas-web-2026-04-30T125532.404.png 2049w, https:\/\/revistaacropolis.com\/wp-content\/uploads\/2026\/04\/Portadas-Paginas-web-2026-04-30T125532.404-300x169.png 300w, https:\/\/revistaacropolis.com\/wp-content\/uploads\/2026\/04\/Portadas-Paginas-web-2026-04-30T125532.404-1024x576.png 1024w, https:\/\/revistaacropolis.com\/wp-content\/uploads\/2026\/04\/Portadas-Paginas-web-2026-04-30T125532.404-768x432.png 768w, https:\/\/revistaacropolis.com\/wp-content\/uploads\/2026\/04\/Portadas-Paginas-web-2026-04-30T125532.404-1536x864.png 1536w, https:\/\/revistaacropolis.com\/wp-content\/uploads\/2026\/04\/Portadas-Paginas-web-2026-04-30T125532.404-600x337.png 600w\" sizes=\"(max-width: 2049px) 100vw, 2049px\" \/><\/a><\/figure><\/div>\n\n\n\n<div class=\"wp-block-column is-vertically-aligned-center is-layout-flow wp-block-column-is-layout-flow\" style=\"flex-basis:75%\"><h2 class=\"wp-block-post-title has-small-font-size\"><a href=\"https:\/\/revistaacropolis.com\/index.php\/redmuem-hidalgo-fortalece-su-comunidad-empresarial-en-desayuno-exclusivo\/sociedad\/\" target=\"_self\" >Redmuem Hidalgo fortalece su comunidad empresarial en desayuno exclusivo<\/a><\/h2><\/div>\n<\/div>\n\n<\/li><li class=\"wp-block-post post-23402 post type-post status-publish format-standard has-post-thumbnail hentry category-sociedad tag-cristhian-martinez tag-feria-del-helado-artesanal-2026 tag-hidalgo tag-tula-de-allende tag-turismo\">\n\n<div class=\"wp-block-columns are-vertically-aligned-center has-small-font-size is-layout-flex wp-container-core-columns-is-layout-9d6595d7 wp-block-columns-is-layout-flex\">\n<div class=\"wp-block-column is-vertically-aligned-center is-layout-flow wp-block-column-is-layout-flow\" style=\"flex-basis:25%\"><figure class=\"wp-block-post-featured-image\"><a href=\"https:\/\/revistaacropolis.com\/index.php\/impulsa-cristhian-martinez-el-turismo-la-cultura-y-la-gastronomia-con-la-feria-del-helado-artesanal-2026\/sociedad\/\" target=\"_self\"  ><img decoding=\"async\" width=\"2049\" height=\"1152\" src=\"https:\/\/revistaacropolis.com\/wp-content\/uploads\/2026\/04\/Portadas-Paginas-web-2026-04-29T124657.299.png\" class=\"attachment-post-thumbnail size-post-thumbnail wp-post-image\" alt=\"Impulsa Cristhian Mart\u00ednez el turismo, la cultura y la gastronom\u00eda con la Feria del Helado Artesanal 2026\" style=\"object-fit:cover;\" srcset=\"https:\/\/revistaacropolis.com\/wp-content\/uploads\/2026\/04\/Portadas-Paginas-web-2026-04-29T124657.299.png 2049w, https:\/\/revistaacropolis.com\/wp-content\/uploads\/2026\/04\/Portadas-Paginas-web-2026-04-29T124657.299-300x169.png 300w, https:\/\/revistaacropolis.com\/wp-content\/uploads\/2026\/04\/Portadas-Paginas-web-2026-04-29T124657.299-1024x576.png 1024w, https:\/\/revistaacropolis.com\/wp-content\/uploads\/2026\/04\/Portadas-Paginas-web-2026-04-29T124657.299-768x432.png 768w, https:\/\/revistaacropolis.com\/wp-content\/uploads\/2026\/04\/Portadas-Paginas-web-2026-04-29T124657.299-1536x864.png 1536w, https:\/\/revistaacropolis.com\/wp-content\/uploads\/2026\/04\/Portadas-Paginas-web-2026-04-29T124657.299-600x337.png 600w\" sizes=\"(max-width: 2049px) 100vw, 2049px\" \/><\/a><\/figure><\/div>\n\n\n\n<div class=\"wp-block-column is-vertically-aligned-center is-layout-flow wp-block-column-is-layout-flow\" style=\"flex-basis:75%\"><h2 class=\"wp-block-post-title has-small-font-size\"><a href=\"https:\/\/revistaacropolis.com\/index.php\/impulsa-cristhian-martinez-el-turismo-la-cultura-y-la-gastronomia-con-la-feria-del-helado-artesanal-2026\/sociedad\/\" target=\"_self\" >Impulsa Cristhian Mart\u00ednez el turismo, la cultura y la gastronom\u00eda con la Feria del Helado Artesanal 2026<\/a><\/h2><\/div>\n<\/div>\n\n<\/li><\/ul><\/div>\n\n\n\n<figure class=\"wp-block-pullquote\"><blockquote><p>Insisto, lo menos que queremos generar es esa especulaci\u00f3n, es impreciso decir \u2018va ganando este estado\u2019, eso lo deciden los due\u00f1os de las empresas y lo hacen en el momento en el que ellos consideren adecuado para que haya una ruta de \u00e9xito\u201d, expuso.<\/p><\/blockquote><\/figure>\n","protected":false},"excerpt":{"rendered":"<p>El gobernador Julio Menchaca Salazar afirm\u00f3 que la carretera que conecta a Pachuca con el Aeropuerto Internacional Felipe \u00c1ngeles (AIFA) requiere una ampliaci\u00f3n de carriles, como se hizo con la&hellip; <\/p>\n","protected":false},"author":4,"featured_media":725,"comment_status":"closed","ping_status":"closed","sticky":false,"template":"","format":"standard","meta":{"two_page_speed":[],"_joinchat":[],"footnotes":""},"categories":[39,57],"tags":[107,93,91],"class_list":["post-724","post","type-post","status-publish","format-standard","has-post-thumbnail","hentry","category-empresarial","category-sociedad","tag-aifa","tag-menchaca","tag-pachuca"],"_links":{"self":[{"href":"https:\/\/revistaacropolis.com\/index.php\/wp-json\/wp\/v2\/posts\/724","targetHints":{"allow":["GET"]}}],"collection":[{"href":"https:\/\/revistaacropolis.com\/index.php\/wp-json\/wp\/v2\/posts"}],"about":[{"href":"https:\/\/revistaacropolis.com\/index.php\/wp-json\/wp\/v2\/types\/post"}],"author":[{"embeddable":true,"href":"https:\/\/revistaacropolis.com\/index.php\/wp-json\/wp\/v2\/users\/4"}],"replies":[{"embeddable":true,"href":"https:\/\/revistaacropolis.com\/index.php\/wp-json\/wp\/v2\/comments?post=724"}],"version-history":[{"count":11,"href":"https:\/\/revistaacropolis.com\/index.php\/wp-json\/wp\/v2\/posts\/724\/revisions"}],"predecessor-version":[{"id":738,"href":"https:\/\/revistaacropolis.com\/index.php\/wp-json\/wp\/v2\/posts\/724\/revisions\/738"}],"wp:featuredmedia":[{"embeddable":true,"href":"https:\/\/revistaacropolis.com\/index.php\/wp-json\/wp\/v2\/media\/725"}],"wp:attachment":[{"href":"https:\/\/revistaacropolis.com\/index.php\/wp-json\/wp\/v2\/media?parent=724"}],"wp:term":[{"taxonomy":"category","embeddable":true,"href":"https:\/\/revistaacropolis.com\/index.php\/wp-json\/wp\/v2\/categories?post=724"},{"taxonomy":"post_tag","embeddable":true,"href":"https:\/\/revistaacropolis.com\/index.php\/wp-json\/wp\/v2\/tags?post=724"}],"curies":[{"name":"wp","href":"https:\/\/api.w.org\/{rel}","templated":true}]}}