{"id":7287,"date":"2023-08-13T17:43:55","date_gmt":"2023-08-13T17:43:55","guid":{"rendered":"https:\/\/revistaacropolis.com\/?p=7287"},"modified":"2023-08-13T17:44:07","modified_gmt":"2023-08-13T17:44:07","slug":"protestan-ambulantes-a-la-altura-de-c-doria-desvian-tuzobus","status":"publish","type":"post","link":"https:\/\/revistaacropolis.com\/index.php\/protestan-ambulantes-a-la-altura-de-c-doria-desvian-tuzobus\/sociedad\/","title":{"rendered":"Protestan ambulantes a la altura de C. Doria; desv\u00edan Tuzob\u00fas"},"content":{"rendered":"\n<p>Comerciantes <strong>ambulantes<\/strong> protestaron en el bulevar Felipe \u00c1ngeles a la altura de la colonia Juan C. Doria, lo que oblig\u00f3 al desv\u00edo de las unidades del Sistema de Transporte <strong>Tuzob\u00fas<\/strong><\/p>\n\n\n\n<p>Los quejosos reclamaron a las autoridades haber <strong>plantado magueyes en el camell\u00f3n<\/strong> debajo del puente que se encuentra frente a las instalaciones de la feria de Pachuca, cerca de la plaza de toros.<\/p>\n\n\n\n<p>Principalmente se trata de personas <strong>dedicadas a la venta de autos<\/strong> y otros que colocan puestos.<\/p>\n\n\n\n<p>Esto, porque las acciones les impedir\u00e1n colocarse sobre las zonas y ofertar sus productos. Al cierre de esta nota esperaban di\u00e1logo con las autoridades.<\/p>\n\n\n\n<p>En tanto, el sistema Tuzob\u00fas inform\u00f3 que se realiza desv\u00edo en sentido norte desde estaci\u00f3n <strong>Centro de Justicia hasta estaci\u00f3n Bicentenario<\/strong> debido a bloqueo de vialidades por manifestaci\u00f3n de ambulantes.<\/p>\n\n\n\n<figure class=\"wp-block-image size-full\"><img fetchpriority=\"high\" decoding=\"async\" width=\"720\" height=\"407\" src=\"https:\/\/revistaacropolis.com\/wp-content\/uploads\/2023\/08\/FB_IMG_1691948285096.jpg\" alt=\"\" class=\"wp-image-7288\" srcset=\"https:\/\/revistaacropolis.com\/wp-content\/uploads\/2023\/08\/FB_IMG_1691948285096.jpg 720w, https:\/\/revistaacropolis.com\/wp-content\/uploads\/2023\/08\/FB_IMG_1691948285096-300x170.jpg 300w, https:\/\/revistaacropolis.com\/wp-content\/uploads\/2023\/08\/FB_IMG_1691948285096-600x339.jpg 600w\" sizes=\"(max-width: 720px) 100vw, 720px\" \/><\/figure>\n","protected":false},"excerpt":{"rendered":"<p>Comerciantes ambulantes protestaron en el bulevar Felipe \u00c1ngeles a la altura de la colonia Juan C. Doria, lo que oblig\u00f3 al desv\u00edo de las unidades del Sistema de Transporte Tuzob\u00fas&hellip; <\/p>\n","protected":false},"author":4,"featured_media":7289,"comment_status":"closed","ping_status":"closed","sticky":false,"template":"","format":"standard","meta":{"two_page_speed":[],"_joinchat":[],"footnotes":""},"categories":[57],"tags":[1122,1447],"class_list":["post-7287","post","type-post","status-publish","format-standard","has-post-thumbnail","hentry","category-sociedad","tag-bloqueo","tag-comerciantes"],"_links":{"self":[{"href":"https:\/\/revistaacropolis.com\/index.php\/wp-json\/wp\/v2\/posts\/7287","targetHints":{"allow":["GET"]}}],"collection":[{"href":"https:\/\/revistaacropolis.com\/index.php\/wp-json\/wp\/v2\/posts"}],"about":[{"href":"https:\/\/revistaacropolis.com\/index.php\/wp-json\/wp\/v2\/types\/post"}],"author":[{"embeddable":true,"href":"https:\/\/revistaacropolis.com\/index.php\/wp-json\/wp\/v2\/users\/4"}],"replies":[{"embeddable":true,"href":"https:\/\/revistaacropolis.com\/index.php\/wp-json\/wp\/v2\/comments?post=7287"}],"version-history":[{"count":1,"href":"https:\/\/revistaacropolis.com\/index.php\/wp-json\/wp\/v2\/posts\/7287\/revisions"}],"predecessor-version":[{"id":7290,"href":"https:\/\/revistaacropolis.com\/index.php\/wp-json\/wp\/v2\/posts\/7287\/revisions\/7290"}],"wp:featuredmedia":[{"embeddable":true,"href":"https:\/\/revistaacropolis.com\/index.php\/wp-json\/wp\/v2\/media\/7289"}],"wp:attachment":[{"href":"https:\/\/revistaacropolis.com\/index.php\/wp-json\/wp\/v2\/media?parent=7287"}],"wp:term":[{"taxonomy":"category","embeddable":true,"href":"https:\/\/revistaacropolis.com\/index.php\/wp-json\/wp\/v2\/categories?post=7287"},{"taxonomy":"post_tag","embeddable":true,"href":"https:\/\/revistaacropolis.com\/index.php\/wp-json\/wp\/v2\/tags?post=7287"}],"curies":[{"name":"wp","href":"https:\/\/api.w.org\/{rel}","templated":true}]}}