{"id":7315,"date":"2023-08-14T18:29:35","date_gmt":"2023-08-14T18:29:35","guid":{"rendered":"https:\/\/revistaacropolis.com\/?p=7315"},"modified":"2023-08-14T18:46:49","modified_gmt":"2023-08-14T18:46:49","slug":"acusacion-de-violencia-es-inexistente-banos","status":"publish","type":"post","link":"https:\/\/revistaacropolis.com\/index.php\/acusacion-de-violencia-es-inexistente-banos\/politica\/","title":{"rendered":"Acusaci\u00f3n de violencia es \u00abinexistente\u00bb: Ba\u00f1os"},"content":{"rendered":"\n<p>El presidente municipal de Pachuca, Sergio Ba\u00f1os Rubio, asegur\u00f3 que la denuncia en su contra por supuesta violencia familiar equiparada contra una mujer es \u00ab<strong>inexistente<\/strong>\u00bb y tiene un <strong>fondo de tipo pol\u00edtico.<\/strong><\/p>\n\n\n\n<blockquote class=\"wp-block-quote is-layout-flow wp-block-quote-is-layout-flow\">\n<p>Ante los rumores que circulan sobre una supuesta agresi\u00f3n f\u00edsica cometida por m\u00ed contra una mujer, quiero comentar que nunca he agredido a ninguna mujer en ning\u00fan momento de mi vida\u00bb, asegur\u00f3.<\/p>\n<\/blockquote>\n\n\n\n<p>Seg\u00fan el edil, se enter\u00f3 de las acusaciones a trav\u00e9s de los medios, \u2013luego de que la agencia inform\u00e1tiva AM Hidalgo publicar\u00e1 sobre la acusaci\u00f3n de supuestos golpes a una f\u00e9mina, con qui\u00e9n tendr\u00eda una relaci\u00f3n, en hechos ocurridos el 1 de julio\u2013, pero formalmente no ha recibido ninguna <strong>notificaci\u00f3n<\/strong> por parte de la procuradur\u00eda.<\/p>\n\n\n\n<blockquote class=\"wp-block-quote is-layout-flow wp-block-quote-is-layout-flow\">\n<p>S\u00ed les quiero comentar que no puedo dar detalles de una acusaci\u00f3n que es inexistente, lo que s\u00ed queda claro es que es una denuncia medi\u00e1tica, que es alimentada por personajes pol\u00edticos que quieren hacerle da\u00f1o a mi gesti\u00f3n como alcalde, pero sobre todo tambi\u00e9n a mi familia\u00bb.<\/p>\n<\/blockquote>\n\n\n\n<p>Ba\u00f1os lament\u00f3 que el tema haya sido retomado por el l\u00edder municipal del PRI, <strong>Benjam\u00edn Rico Moreno<\/strong>, y la secretaria general del tricolor en el pa\u00eds, <strong>Carolina Viggiano Austria<\/strong>, que pidieron que se indaguen los hechos.<\/p>\n\n\n\n<figure class=\"wp-block-embed is-type-rich is-provider-twitter wp-block-embed-twitter\"><div class=\"wp-block-embed__wrapper\">\n<blockquote class=\"twitter-tweet\" data-width=\"550\" data-dnt=\"true\"><p lang=\"es\" dir=\"ltr\">La violencia en contra de las mujeres no solo impacta en la vida de las v\u00edctimas, lamentablemente lesiona a toda la sociedad, porque profundiza la desigualdad y discriminaci\u00f3n que hoy d\u00eda prevalece.<br><br>Que se se\u00f1ale de haberla cometido a una persona encargada de proteger y\u2026<\/p>&mdash; Carolina Viggiano (@caroviggiano) <a href=\"https:\/\/twitter.com\/caroviggiano\/status\/1690096328695484416?ref_src=twsrc%5Etfw\">August 11, 2023<\/a><\/blockquote><script async src=\"https:\/\/platform.twitter.com\/widgets.js\" charset=\"utf-8\"><\/script>\n<\/div><\/figure>\n\n\n\n<p>Sostuvo que se trata de un \u00abgolpeteo pol\u00edtico\u00bb contra <strong>quienes abandonaron el partido<\/strong> de manera reciente. Dijo respetar las opiniones y que se dedicar\u00e1 a trabajar hasta el cierre de su mandato, por lo que no solicitar\u00e1 licencia.<\/p>\n\n\n\n<p>\u201cQu\u00e9 vaciado que se subieron dos actores, que yo siempre respeto y nunca me he enganchado al respecto. Yo estoy m\u00e1s ocupado en los problemas de mi ciudad. Los puestos pol\u00edticos no son eternos, son para cumplir\u201d.<\/p>\n\n\n\n<p>Durante la conferencia de este lunes, el presidente municipal insisti\u00f3 en que uno de los ejes de su administraci\u00f3n es la <strong>protecci\u00f3n a las mujeres<\/strong> de la capital del estado.<\/p>\n\n\n\n<figure class=\"wp-block-embed is-type-wp-embed is-provider-acropolis wp-block-embed-acropolis\"><div class=\"wp-block-embed__wrapper\">\n<blockquote class=\"wp-embedded-content\" data-secret=\"kDJHvF67s5\"><a href=\"https:\/\/revistaacropolis.com\/index.php\/demanda-pri-pachuca-indagar-senalamiento-contra-banos-por-presunta-violencia\/politica\/\">Demanda PRI Pachuca indagar denuncia contra Ba\u00f1os por presunta violencia<\/a><\/blockquote><iframe class=\"wp-embedded-content\" sandbox=\"allow-scripts\" security=\"restricted\" style=\"position: absolute; clip: rect(1px, 1px, 1px, 1px);\" title=\"\u00abDemanda PRI Pachuca indagar denuncia contra Ba\u00f1os por presunta violencia\u00bb \u2014 ACR\u00d3POLIS\" src=\"https:\/\/revistaacropolis.com\/index.php\/demanda-pri-pachuca-indagar-senalamiento-contra-banos-por-presunta-violencia\/politica\/embed\/#?secret=7UmRmNcWK9#?secret=kDJHvF67s5\" data-secret=\"kDJHvF67s5\" width=\"600\" height=\"338\" frameborder=\"0\" marginwidth=\"0\" marginheight=\"0\" scrolling=\"no\"><\/iframe>\n<\/div><\/figure>\n","protected":false},"excerpt":{"rendered":"<p>El presidente municipal de Pachuca, Sergio Ba\u00f1os Rubio, asegur\u00f3 que la denuncia en su contra por supuesta violencia familiar equiparada contra una mujer es \u00abinexistente\u00bb y tiene un fondo de&hellip; <\/p>\n","protected":false},"author":4,"featured_media":7316,"comment_status":"closed","ping_status":"closed","sticky":false,"template":"","format":"standard","meta":{"two_page_speed":[],"_joinchat":[],"footnotes":""},"categories":[1],"tags":[651,835,1799],"class_list":["post-7315","post","type-post","status-publish","format-standard","has-post-thumbnail","hentry","category-politica","tag-denuncia","tag-sergio-banos-rubio","tag-violencia-familiar"],"_links":{"self":[{"href":"https:\/\/revistaacropolis.com\/index.php\/wp-json\/wp\/v2\/posts\/7315","targetHints":{"allow":["GET"]}}],"collection":[{"href":"https:\/\/revistaacropolis.com\/index.php\/wp-json\/wp\/v2\/posts"}],"about":[{"href":"https:\/\/revistaacropolis.com\/index.php\/wp-json\/wp\/v2\/types\/post"}],"author":[{"embeddable":true,"href":"https:\/\/revistaacropolis.com\/index.php\/wp-json\/wp\/v2\/users\/4"}],"replies":[{"embeddable":true,"href":"https:\/\/revistaacropolis.com\/index.php\/wp-json\/wp\/v2\/comments?post=7315"}],"version-history":[{"count":2,"href":"https:\/\/revistaacropolis.com\/index.php\/wp-json\/wp\/v2\/posts\/7315\/revisions"}],"predecessor-version":[{"id":7318,"href":"https:\/\/revistaacropolis.com\/index.php\/wp-json\/wp\/v2\/posts\/7315\/revisions\/7318"}],"wp:featuredmedia":[{"embeddable":true,"href":"https:\/\/revistaacropolis.com\/index.php\/wp-json\/wp\/v2\/media\/7316"}],"wp:attachment":[{"href":"https:\/\/revistaacropolis.com\/index.php\/wp-json\/wp\/v2\/media?parent=7315"}],"wp:term":[{"taxonomy":"category","embeddable":true,"href":"https:\/\/revistaacropolis.com\/index.php\/wp-json\/wp\/v2\/categories?post=7315"},{"taxonomy":"post_tag","embeddable":true,"href":"https:\/\/revistaacropolis.com\/index.php\/wp-json\/wp\/v2\/tags?post=7315"}],"curies":[{"name":"wp","href":"https:\/\/api.w.org\/{rel}","templated":true}]}}