{"id":7370,"date":"2023-08-15T03:15:52","date_gmt":"2023-08-15T03:15:52","guid":{"rendered":"https:\/\/revistaacropolis.com\/?p=7370"},"modified":"2023-08-15T03:15:54","modified_gmt":"2023-08-15T03:15:54","slug":"pronunciamientos-tricolores-hacen-de-acusacion-contra-banos-una-cuestion-politica-menchaca","status":"publish","type":"post","link":"https:\/\/revistaacropolis.com\/index.php\/pronunciamientos-tricolores-hacen-de-acusacion-contra-banos-una-cuestion-politica-menchaca\/politica\/","title":{"rendered":"Pronunciamientos tricolores hacen de acusaci\u00f3n contra Ba\u00f1os una \u00abcuesti\u00f3n pol\u00edtica\u201d: Menchaca"},"content":{"rendered":"\n<p>Tras la denuncia al alcalde de de Pachuca, Sergio Ba\u00f1os Rubio, por presunta violencia familiar contra una mujer, el gobernador Julio Menchaca Salazar dijo que <strong>los posicionamientos expuestos por \u00abactores pol\u00edticos\u00bb sobre el caso lo convierten \u201cuna cuesti\u00f3n pol\u00edtica\u201d.<\/strong><\/p>\n\n\n\n<blockquote class=\"wp-block-quote is-layout-flow wp-block-quote-is-layout-flow\">\n<p>Cuando son denuncias concretas, cuando hay una carpeta, ya ser\u00e1 decisi\u00f3n de cada personaje, yo en esa situaci\u00f3n posiblemente lo har\u00eda. No estoy para dar consejos, cada quien es responsable de sus actos, pero tambi\u00e9n hay que entender que los que estamos en la vida p\u00fablica, sin hablar a priori, yo no puedo convertirme en juzgador -ni defiendo ni acuso-, eh, pero estamos sujetos a ataques, algunos con fundamento y otros \u00a0simplemente como una manera de lastimar a las personas\u00bb, expuso en entrevista con medio de comunicaci\u00f3n\u00a0<\/p>\n\n\n\n<figure class=\"wp-block-embed\"><div class=\"wp-block-embed__wrapper\">\nhttps:\/\/revistaacropolis.com\/wp-admin\/post.php?post=7370&#038;action=edit\n<\/div><\/figure>\n<\/blockquote>\n\n\n\n<p>El morenista indic\u00f3 que ante la publicaci\u00f3n sobre la denuncia contra el edil <strong>se sumaron \u201cpersonajes pol\u00edticos\u201d y se subieron en \u00abuna cadenita\u00bb <\/strong>-en referencia a los priistas Carolina Viggiano Austria y Benjam\u00edn Rico Moreno, secretaria general del tricolor y presidente del Comit\u00e9 Directivo Municipal de Pachuca, quienes exigieron que se investigue la acusaci\u00f3n-<strong> que \u201cdenostan la actividad pol\u00edtica.\u201d<\/strong><\/p>\n\n\n\n<blockquote class=\"wp-block-quote is-layout-flow wp-block-quote-is-layout-flow\">\n<p>Hay acusaciones muy serias que se est\u00e1n se\u00f1alando y corresponde a quienes se las est\u00e1n imputando que salgan a decir su verdad\u201d, expuso respecto a la denuncia contra el edil extricolor.<\/p>\n<\/blockquote>\n\n\n\n<p>Por la ma\u00f1ana, <strong>el presidente municipal de Pachuca neg\u00f3 la acusaci\u00f3n,<\/strong> cuyos hechos\u00a0 presuntamente ocurrieron el 1 de julio,\u00a0 y afirm\u00f3 que tiene\u00a0\u201cun\u00a0fondo de tipo pol\u00edtico\u201d.<\/p>\n\n\n\n<p>\u00abAnte los rumores que circulan sobre una supuesta agresi\u00f3n f\u00edsica cometida por m\u00ed contra una mujer, quiero comentar que nunca he agredido a ninguna mujer en ning\u00fan momento de mi vida\u201d, asegur\u00f3 y adelant\u00f3 que no pedir\u00e1 licencia.&nbsp;<\/p>\n","protected":false},"excerpt":{"rendered":"<p>Tras la denuncia al alcalde de de Pachuca, Sergio Ba\u00f1os Rubio, por presunta violencia familiar contra una mujer, el gobernador Julio Menchaca Salazar dijo que los posicionamientos expuestos por \u00abactores&hellip; <\/p>\n","protected":false},"author":4,"featured_media":7371,"comment_status":"closed","ping_status":"closed","sticky":false,"template":"","format":"standard","meta":{"two_page_speed":[],"_joinchat":[],"footnotes":""},"categories":[1],"tags":[93,122,231],"class_list":["post-7370","post","type-post","status-publish","format-standard","has-post-thumbnail","hentry","category-politica","tag-menchaca","tag-pri","tag-sergio-banos"],"_links":{"self":[{"href":"https:\/\/revistaacropolis.com\/index.php\/wp-json\/wp\/v2\/posts\/7370","targetHints":{"allow":["GET"]}}],"collection":[{"href":"https:\/\/revistaacropolis.com\/index.php\/wp-json\/wp\/v2\/posts"}],"about":[{"href":"https:\/\/revistaacropolis.com\/index.php\/wp-json\/wp\/v2\/types\/post"}],"author":[{"embeddable":true,"href":"https:\/\/revistaacropolis.com\/index.php\/wp-json\/wp\/v2\/users\/4"}],"replies":[{"embeddable":true,"href":"https:\/\/revistaacropolis.com\/index.php\/wp-json\/wp\/v2\/comments?post=7370"}],"version-history":[{"count":1,"href":"https:\/\/revistaacropolis.com\/index.php\/wp-json\/wp\/v2\/posts\/7370\/revisions"}],"predecessor-version":[{"id":7372,"href":"https:\/\/revistaacropolis.com\/index.php\/wp-json\/wp\/v2\/posts\/7370\/revisions\/7372"}],"wp:featuredmedia":[{"embeddable":true,"href":"https:\/\/revistaacropolis.com\/index.php\/wp-json\/wp\/v2\/media\/7371"}],"wp:attachment":[{"href":"https:\/\/revistaacropolis.com\/index.php\/wp-json\/wp\/v2\/media?parent=7370"}],"wp:term":[{"taxonomy":"category","embeddable":true,"href":"https:\/\/revistaacropolis.com\/index.php\/wp-json\/wp\/v2\/categories?post=7370"},{"taxonomy":"post_tag","embeddable":true,"href":"https:\/\/revistaacropolis.com\/index.php\/wp-json\/wp\/v2\/tags?post=7370"}],"curies":[{"name":"wp","href":"https:\/\/api.w.org\/{rel}","templated":true}]}}