{"id":7379,"date":"2023-08-15T17:13:59","date_gmt":"2023-08-15T17:13:59","guid":{"rendered":"https:\/\/revistaacropolis.com\/?p=7379"},"modified":"2023-08-15T18:53:16","modified_gmt":"2023-08-15T18:53:16","slug":"sin-alcalde-quien-se-queda-a-cargo-del-ayuntamiento-de-tula","status":"publish","type":"post","link":"https:\/\/revistaacropolis.com\/index.php\/sin-alcalde-quien-se-queda-a-cargo-del-ayuntamiento-de-tula\/sociedad\/","title":{"rendered":"Sin alcalde, \u00bfqui\u00e9n se queda a cargo del ayuntamiento de Tula?"},"content":{"rendered":"\n<p>Despu\u00e9s de la aprehensi\u00f3n de <strong>Manuel Hern\u00e1ndez Badillo <\/strong>por presunto <strong>uso il\u00edcito de atribuciones y facultades <\/strong>por 60 millones de pesos, la Asamblea municipal y el Congreso de Hidalgo est\u00e1n facultados para nombrar a un <strong>presidente municipal sustituto en Tula de Allende<\/strong>.<\/p>\n\n\n\n<p>El art\u00edculo 64 de la <strong>Ley Org\u00e1nica Municipal<\/strong> establece que las faltas del presidente municipal que no excedan de quince d\u00edas, ser\u00e1n cubiertas por el <strong>secretario general municipal<\/strong>, en este caso Jhordan Lara Cervantes.<\/p>\n\n\n\n<p>Cuando excedan de este t\u00e9rmino ser\u00e1 llamado el <strong>suplente<\/strong>; si \u00e9ste faltare, tomar\u00e1 el cargo de la presidencia el <strong>regidor<\/strong> que apruebe el Ayuntamiento, si antes no se nombrara el sustituto por el Congreso del estado, dice la ley.<\/p>\n\n\n\n<p>Al inicio de la administraci\u00f3n, en diciembre de 2020, el m\u00e9dico cirujano <strong>Mario Francisco Guzm\u00e1n Badillo<\/strong>, suplente del alcalde, fue nombrado secretario general municipal, sin embargo, tras un altercado renunci\u00f3 en noviembre de 2021.<\/p>\n\n\n\n<p>En entrevista con el diario Criterio, Guzm\u00e1n se\u00f1al\u00f3 que s\u00f3lo tomar\u00e1 las riendas del ayuntamiento si cuenta con el respaldo del gobierno estatal, pues consider\u00f3 que la administraci\u00f3n no se encuentra en buenas condiciones.<\/p>\n\n\n\n<h3 class=\"wp-block-heading\">GOBERNABILIDAD<\/h3>\n\n\n\n<p>En un comunicado, la presidencia municipal inform\u00f3 que los <strong>servicios y funciones gubernamentales<\/strong> seguir\u00e1n operando de manera normal.<\/p>\n\n\n\n<p>Asimismo, se comprometi\u00f3 a informar de manera oportuna a la poblaci\u00f3n sobre aquellas cuestiones que en mayor o menor medida tengan que ver con \u00abla <strong>gobernabilidad<\/strong>, el bienestar y la sana convivencia\u00bb.<\/p>\n","protected":false},"excerpt":{"rendered":"<p>Despu\u00e9s de la aprehensi\u00f3n de Manuel Hern\u00e1ndez Badillo por presunto uso il\u00edcito de atribuciones y facultades por 60 millones de pesos, la Asamblea municipal y el Congreso de Hidalgo est\u00e1n&hellip; <\/p>\n","protected":false},"author":4,"featured_media":7397,"comment_status":"closed","ping_status":"closed","sticky":false,"template":"","format":"standard","meta":{"two_page_speed":[],"_joinchat":[],"footnotes":""},"categories":[57],"tags":[1173,1808,181],"class_list":["post-7379","post","type-post","status-publish","format-standard","has-post-thumbnail","hentry","category-sociedad","tag-manuel-hernandez-badillo","tag-suplente","tag-tula"],"_links":{"self":[{"href":"https:\/\/revistaacropolis.com\/index.php\/wp-json\/wp\/v2\/posts\/7379","targetHints":{"allow":["GET"]}}],"collection":[{"href":"https:\/\/revistaacropolis.com\/index.php\/wp-json\/wp\/v2\/posts"}],"about":[{"href":"https:\/\/revistaacropolis.com\/index.php\/wp-json\/wp\/v2\/types\/post"}],"author":[{"embeddable":true,"href":"https:\/\/revistaacropolis.com\/index.php\/wp-json\/wp\/v2\/users\/4"}],"replies":[{"embeddable":true,"href":"https:\/\/revistaacropolis.com\/index.php\/wp-json\/wp\/v2\/comments?post=7379"}],"version-history":[{"count":1,"href":"https:\/\/revistaacropolis.com\/index.php\/wp-json\/wp\/v2\/posts\/7379\/revisions"}],"predecessor-version":[{"id":7381,"href":"https:\/\/revistaacropolis.com\/index.php\/wp-json\/wp\/v2\/posts\/7379\/revisions\/7381"}],"wp:featuredmedia":[{"embeddable":true,"href":"https:\/\/revistaacropolis.com\/index.php\/wp-json\/wp\/v2\/media\/7397"}],"wp:attachment":[{"href":"https:\/\/revistaacropolis.com\/index.php\/wp-json\/wp\/v2\/media?parent=7379"}],"wp:term":[{"taxonomy":"category","embeddable":true,"href":"https:\/\/revistaacropolis.com\/index.php\/wp-json\/wp\/v2\/categories?post=7379"},{"taxonomy":"post_tag","embeddable":true,"href":"https:\/\/revistaacropolis.com\/index.php\/wp-json\/wp\/v2\/tags?post=7379"}],"curies":[{"name":"wp","href":"https:\/\/api.w.org\/{rel}","templated":true}]}}