{"id":7403,"date":"2023-08-15T20:14:56","date_gmt":"2023-08-15T20:14:56","guid":{"rendered":"https:\/\/revistaacropolis.com\/?p=7403"},"modified":"2023-08-15T20:14:58","modified_gmt":"2023-08-15T20:14:58","slug":"impugna-mancera-seleccion-del-frente-amplio-por-mexico","status":"publish","type":"post","link":"https:\/\/revistaacropolis.com\/index.php\/impugna-mancera-seleccion-del-frente-amplio-por-mexico\/politica\/","title":{"rendered":"Impugna Mancera selecci\u00f3n del Frente Amplio por M\u00e9xico"},"content":{"rendered":"\n<p>El senador Miguel \u00c1ngel Mancera Espinosa impugn\u00f3 en el <strong>Tribunal Electoral del Poder Judicial de la Federaci\u00f3n (TEPJF) <\/strong>la determinaci\u00f3n del <strong>Comit\u00e9 Organizador del Frente Amplio por M\u00e9xico<\/strong>, con la que qued\u00f3 fuera de la siguiente fase.<\/p>\n\n\n\n<p>Cabe recordar que adem\u00e1s de \u00e9l, el otro perredista, el exgobernador Silvano Aureoles Conejo, tambi\u00e9n fue rechazado. En tanto, el PRD solicit\u00f3 una explicaci\u00f3n sobre por qu\u00e9 las firmas que hab\u00edan aportado no eran v\u00e1lidas.<\/p>\n\n\n\n<p>Quedan en la contienda los priistas Enrique de la Madrid y Beatriz Paredes, as\u00ed como los panistas X\u00f3chitl G\u00e1lvez y Santiago Creel, quien dej\u00f3 la C\u00e1mara de Diputados para dedicarse al cien por ciento a sus aspiraciones.<\/p>\n\n\n\n<figure class=\"wp-block-image size-large\"><img fetchpriority=\"high\" decoding=\"async\" width=\"1024\" height=\"757\" src=\"https:\/\/revistaacropolis.com\/wp-content\/uploads\/2023\/08\/creel-1024x757.jpg\" alt=\"\" class=\"wp-image-7404\" srcset=\"https:\/\/revistaacropolis.com\/wp-content\/uploads\/2023\/08\/creel-1024x757.jpg 1024w, https:\/\/revistaacropolis.com\/wp-content\/uploads\/2023\/08\/creel-300x222.jpg 300w, https:\/\/revistaacropolis.com\/wp-content\/uploads\/2023\/08\/creel-768x568.jpg 768w, https:\/\/revistaacropolis.com\/wp-content\/uploads\/2023\/08\/creel-600x443.jpg 600w, https:\/\/revistaacropolis.com\/wp-content\/uploads\/2023\/08\/creel.jpg 1280w\" sizes=\"(max-width: 1024px) 100vw, 1024px\" \/><\/figure>\n\n\n\n<p>Mancera controvierte en el juicio SUP-JDC-309\/2023 la negativa del comit\u00e9 de que contin\u00fae en el procedimiento, por el presunto <strong>incumplimiento de los elementos de calificaci\u00f3n<\/strong>; adem\u00e1s, se\u00f1ala que hubo falta de comunicaci\u00f3n sobre los motivos por parte del organismo organizador.<\/p>\n\n\n\n<p>Se\u00f1ala que el comit\u00e9 no entreg\u00f3 los resultados de la recolecci\u00f3n de firmas y simpat\u00edas captadas ni los pormenores de los requisitos que supuestamente se incumplieron.<\/p>\n\n\n\n<p>El recurso fue turnado a la magistrada de la <strong>Sala Superior<\/strong> del TEPJF M\u00f3nica Aral\u00ed Soto Fregoso para su an\u00e1lisis y resoluci\u00f3n.<\/p>\n\n\n\n<h3 class=\"wp-block-heading\">PIDE SILVANO CONTENDER SOLOS<\/h3>\n\n\n\n<p>El viernes, Aureoles Conejo manifest\u00f3 su inconformidad e inform\u00f3 su planteamiento de que el sol azteca contienda con un candidato propio en 2024.<\/p>\n\n\n\n<blockquote class=\"wp-block-quote is-layout-flow wp-block-quote-is-layout-flow\">\n<p>El PRD debe ir solo, <strong>pa\u2019 que se les quite,<\/strong> el PRD debe ir solo y le propuse al presidente Zambrano que se convoque a un <strong>Consejo Nacional<\/strong> presencial para que tome la decisi\u00f3n correspondiente. O nos tratan bien y nos respetan o nos vamos solos, compa\u00f1eros\u201d.<\/p>\n<\/blockquote>\n\n\n\n<figure class=\"wp-block-embed is-type-rich is-provider-twitter wp-block-embed-twitter\"><div class=\"wp-block-embed__wrapper\">\n<blockquote class=\"twitter-tweet\" data-width=\"550\" data-dnt=\"true\"><p lang=\"es\" dir=\"ltr\">El <a href=\"https:\/\/twitter.com\/PRDMexico?ref_src=twsrc%5Etfw\">@PRDMexico<\/a> debe ir solo a las elecciones del 2024. <br><br>Desde <a href=\"https:\/\/twitter.com\/hashtag\/Michoac%C3%A1n?src=hash&amp;ref_src=twsrc%5Etfw\">#Michoac\u00e1n<\/a> solicitamos a la dirigencia del partido, se convoque de manera urgente al Consejo Nacional de manera presencial para poner a consideraci\u00f3n de la militancia, nuestra permanencia en el <a href=\"https:\/\/twitter.com\/FrenteAmplioxMX?ref_src=twsrc%5Etfw\">@FrenteAmplioxMX<\/a>. <a href=\"https:\/\/t.co\/iOLjUyAjXK\">pic.twitter.com\/iOLjUyAjXK<\/a><\/p>&mdash; Silvano Aureoles (@Silvano_A) <a href=\"https:\/\/twitter.com\/Silvano_A\/status\/1690194619890348032?ref_src=twsrc%5Etfw\">August 12, 2023<\/a><\/blockquote><script async src=\"https:\/\/platform.twitter.com\/widgets.js\" charset=\"utf-8\"><\/script>\n<\/div><\/figure>\n\n\n\n<p>Sin embargo, Jes\u00fas Zambrano, l\u00edder nacional del partido, reiter\u00f3 su posicionamiento del lado del frente, del que fue impulsor.<\/p>\n\n\n\n<blockquote class=\"wp-block-quote is-layout-flow wp-block-quote-is-layout-flow\">\n<p>El PRD se mantiene firme en el Frente Amplio por M\u00e9xico, estamos esperando aclaraciones suficientes para seguir caminando con mucha confianza y mucha firmeza en este prop\u00f3sito de construir una nueva mayor\u00eda. <strong>No seremos los esquiroles que le hagan el juego a Morena<\/strong>\u00ab.<\/p>\n<\/blockquote>\n\n\n\n<figure class=\"wp-block-embed is-type-rich is-provider-twitter wp-block-embed-twitter\"><div class=\"wp-block-embed__wrapper\">\n<blockquote class=\"twitter-tweet\" data-width=\"550\" data-dnt=\"true\"><p lang=\"es\" dir=\"ltr\">El <a href=\"https:\/\/twitter.com\/PRDMexico?ref_src=twsrc%5Etfw\">@PRDMexico<\/a> se mantiene firme en el <a href=\"https:\/\/twitter.com\/hashtag\/FrenteAmplioPorMexico?src=hash&amp;ref_src=twsrc%5Etfw\">#FrenteAmplioPorMexico<\/a>, estamos esperando las aclaraciones suficientes para seguir caminando en este prop\u00f3sito de construir una nueva mayor\u00eda. \u00a1No seremos los esquiroles que le hagan el juego a Morena!. <a href=\"https:\/\/t.co\/6tSCMNeFAw\">pic.twitter.com\/6tSCMNeFAw<\/a><\/p>&mdash; Jes\u00fas Zambrano (@Jesus_ZambranoG) <a href=\"https:\/\/twitter.com\/Jesus_ZambranoG\/status\/1690384817240649728?ref_src=twsrc%5Etfw\">August 12, 2023<\/a><\/blockquote><script async src=\"https:\/\/platform.twitter.com\/widgets.js\" charset=\"utf-8\"><\/script>\n<\/div><\/figure>\n","protected":false},"excerpt":{"rendered":"<p>El senador Miguel \u00c1ngel Mancera Espinosa impugn\u00f3 en el Tribunal Electoral del Poder Judicial de la Federaci\u00f3n (TEPJF) la determinaci\u00f3n del Comit\u00e9 Organizador del Frente Amplio por M\u00e9xico, con la&hellip; <\/p>\n","protected":false},"author":4,"featured_media":7405,"comment_status":"closed","ping_status":"closed","sticky":false,"template":"","format":"standard","meta":{"two_page_speed":[],"_joinchat":[],"footnotes":""},"categories":[1],"tags":[1766,1813,1738,551],"class_list":["post-7403","post","type-post","status-publish","format-standard","has-post-thumbnail","hentry","category-politica","tag-frente-amplio-por-mexico-2","tag-miguel-mancera","tag-silvano-aureoles","tag-tepjf"],"_links":{"self":[{"href":"https:\/\/revistaacropolis.com\/index.php\/wp-json\/wp\/v2\/posts\/7403","targetHints":{"allow":["GET"]}}],"collection":[{"href":"https:\/\/revistaacropolis.com\/index.php\/wp-json\/wp\/v2\/posts"}],"about":[{"href":"https:\/\/revistaacropolis.com\/index.php\/wp-json\/wp\/v2\/types\/post"}],"author":[{"embeddable":true,"href":"https:\/\/revistaacropolis.com\/index.php\/wp-json\/wp\/v2\/users\/4"}],"replies":[{"embeddable":true,"href":"https:\/\/revistaacropolis.com\/index.php\/wp-json\/wp\/v2\/comments?post=7403"}],"version-history":[{"count":1,"href":"https:\/\/revistaacropolis.com\/index.php\/wp-json\/wp\/v2\/posts\/7403\/revisions"}],"predecessor-version":[{"id":7406,"href":"https:\/\/revistaacropolis.com\/index.php\/wp-json\/wp\/v2\/posts\/7403\/revisions\/7406"}],"wp:featuredmedia":[{"embeddable":true,"href":"https:\/\/revistaacropolis.com\/index.php\/wp-json\/wp\/v2\/media\/7405"}],"wp:attachment":[{"href":"https:\/\/revistaacropolis.com\/index.php\/wp-json\/wp\/v2\/media?parent=7403"}],"wp:term":[{"taxonomy":"category","embeddable":true,"href":"https:\/\/revistaacropolis.com\/index.php\/wp-json\/wp\/v2\/categories?post=7403"},{"taxonomy":"post_tag","embeddable":true,"href":"https:\/\/revistaacropolis.com\/index.php\/wp-json\/wp\/v2\/tags?post=7403"}],"curies":[{"name":"wp","href":"https:\/\/api.w.org\/{rel}","templated":true}]}}