{"id":742,"date":"2023-02-16T02:05:41","date_gmt":"2023-02-16T02:05:41","guid":{"rendered":"https:\/\/revistaacropolis.com\/?p=742"},"modified":"2023-02-16T02:05:43","modified_gmt":"2023-02-16T02:05:43","slug":"pri-no-sancionara-a-ediles-que-pasaron-reforma-de-menchaca-ya-logro-mayoria-para-ser-valida","status":"publish","type":"post","link":"https:\/\/revistaacropolis.com\/index.php\/pri-no-sancionara-a-ediles-que-pasaron-reforma-de-menchaca-ya-logro-mayoria-para-ser-valida\/politica\/","title":{"rendered":"PRI no sancionar\u00e1 a ediles que pasaron reforma de Menchaca; ya logr\u00f3 mayor\u00eda para ser v\u00e1lida"},"content":{"rendered":"\n<p>El presidente estatal <strong>Partido Revolucionario Institucional (PRI), Julio Valera Piedras, afirm\u00f3 que no habr\u00e1 repercusiones contra de los cabildos tricolores que avalaron la reforma electoral de Julio Menchaca Salazar, <\/strong>la cual ya alcanz\u00f3 el refrendo de los ayuntamiento necesarios par ser v\u00e1lida.\u00a0 \u00a0<\/p>\n\n\n\n<p>Tanto \u00e9l como el dirigente Nacional del partido, Alejandro Moreno C\u00e1rdenas, <strong>emitieron un llamado, sin \u00e9xito, para los ayuntamientos de su partido en Hidalgo votar en contra de la modificaci\u00f3n constitucional.<\/strong><\/p>\n\n\n\n<p>Al corte de hoy, de acuerdo con el \u00e1rea de Servicios Legislativos del Congreso local, <strong>44 cabildos hab\u00edan avalado la reforma, cifra suficiente para ser v\u00e1lida; de ellos 16 son encabezados por autoridades emanadas del PRI.<\/strong><\/p>\n\n\n\n<p>Sin embargo, Valera Piedras reiter\u00f3 que <strong>no habr\u00e1 ning\u00fan tipo de sanci\u00f3n o repercusi\u00f3n <\/strong>para los tricolores que avalaron la reforma, pues <strong>asever\u00f3 que en el instituto se respeta la autonom\u00eda de los ayuntamientos<\/strong>.<\/p>\n\n\n\n<figure class=\"wp-block-pullquote\"><blockquote><p>Nosotros hicimos el llamado en su momento, pero tenemos que respetar lo que marca la ley\u201d, dijo.<\/p><\/blockquote><\/figure>\n\n\n\n<p>Record\u00f3 que <strong>la bancada tricolor vot\u00f3 en contra de la reforma debido a que considera una gubernatura de dos a\u00f1os <\/strong>en 2028 para empatar los comicios estatales y federales a partir de 2023.<\/p>\n\n\n\n<h3 class=\"wp-block-heading\"><strong>CABILDOS PRIISTAS QUE VOTARON A FAVOR<\/strong><\/h3>\n\n\n\n<p>Mineral de la Reforma, Tulancingo, San Agust\u00edn Metzquititl\u00e1n, San Felipe Orizatl\u00e1n, Omitl\u00e1n de Ju\u00e1rez, Epazoyucan, Agua Blanca, Ajacuba, Apan, El Arenal, Molango de Escamilla, Tasquillo, Tolcayuca, Lolotla, Metztitl\u00e1n y Zacualtip\u00e1n son los municipios del tricolor que votaron a favor.<\/p>\n\n\n\n<p>En t\u00e9rminos generales, la reforma fue avalada por 44 de 51 municipios que han enviado su acta de cabildo al Poder Legislativo, por lo que ya obtuvo la mayor\u00eda que se necesita para su aprobaci\u00f3n.<\/p>\n\n\n\n<p><strong>DatoAcro<\/strong><\/p>\n\n\n\n<p>-La Reforma Electoral contempla periodos de tres a\u00f1os para los ayuntamientos con la posibilidad de reelecci\u00f3n, adem\u00e1s de una gubernatura de dos a\u00f1os al t\u00e9rmino de la actual administraci\u00f3n para empatar las elecciones con las presidenciales.<\/p>\n","protected":false},"excerpt":{"rendered":"<p>El presidente estatal Partido Revolucionario Institucional (PRI), Julio Valera Piedras, afirm\u00f3 que no habr\u00e1 repercusiones contra de los cabildos tricolores que avalaron la reforma electoral de Julio Menchaca Salazar, la&hellip; <\/p>\n","protected":false},"author":4,"featured_media":743,"comment_status":"closed","ping_status":"closed","sticky":false,"template":"","format":"standard","meta":{"two_page_speed":[],"_joinchat":[],"footnotes":""},"categories":[1],"tags":[93,122,127],"class_list":["post-742","post","type-post","status-publish","format-standard","has-post-thumbnail","hentry","category-politica","tag-menchaca","tag-pri","tag-reforma-electoral"],"_links":{"self":[{"href":"https:\/\/revistaacropolis.com\/index.php\/wp-json\/wp\/v2\/posts\/742","targetHints":{"allow":["GET"]}}],"collection":[{"href":"https:\/\/revistaacropolis.com\/index.php\/wp-json\/wp\/v2\/posts"}],"about":[{"href":"https:\/\/revistaacropolis.com\/index.php\/wp-json\/wp\/v2\/types\/post"}],"author":[{"embeddable":true,"href":"https:\/\/revistaacropolis.com\/index.php\/wp-json\/wp\/v2\/users\/4"}],"replies":[{"embeddable":true,"href":"https:\/\/revistaacropolis.com\/index.php\/wp-json\/wp\/v2\/comments?post=742"}],"version-history":[{"count":1,"href":"https:\/\/revistaacropolis.com\/index.php\/wp-json\/wp\/v2\/posts\/742\/revisions"}],"predecessor-version":[{"id":744,"href":"https:\/\/revistaacropolis.com\/index.php\/wp-json\/wp\/v2\/posts\/742\/revisions\/744"}],"wp:featuredmedia":[{"embeddable":true,"href":"https:\/\/revistaacropolis.com\/index.php\/wp-json\/wp\/v2\/media\/743"}],"wp:attachment":[{"href":"https:\/\/revistaacropolis.com\/index.php\/wp-json\/wp\/v2\/media?parent=742"}],"wp:term":[{"taxonomy":"category","embeddable":true,"href":"https:\/\/revistaacropolis.com\/index.php\/wp-json\/wp\/v2\/categories?post=742"},{"taxonomy":"post_tag","embeddable":true,"href":"https:\/\/revistaacropolis.com\/index.php\/wp-json\/wp\/v2\/tags?post=742"}],"curies":[{"name":"wp","href":"https:\/\/api.w.org\/{rel}","templated":true}]}}