{"id":7488,"date":"2023-08-17T01:59:10","date_gmt":"2023-08-17T01:59:10","guid":{"rendered":"https:\/\/revistaacropolis.com\/?p=7488"},"modified":"2023-08-17T04:09:39","modified_gmt":"2023-08-17T04:09:39","slug":"xochitl-galvez-esta-inflada-ahora-es-el-fenomeno-yo-no-se-donde-lo-ven-norona","status":"publish","type":"post","link":"https:\/\/revistaacropolis.com\/index.php\/xochitl-galvez-esta-inflada-ahora-es-el-fenomeno-yo-no-se-donde-lo-ven-norona\/politica\/","title":{"rendered":"X\u00f3chitl G\u00e1lvez \u201cest\u00e1 inflada\u201d; ahora es el fen\u00f3meno, yo no s\u00e9 d\u00f3nde lo ven: Noro\u00f1a"},"content":{"rendered":"\n<p>Gerardo Fernandez Noro\u00f1a, aspirante petista a encabezar los llamados Comit\u00e9s de Defensa de la Cuarta Transformaci\u00f3n, <strong>asegur\u00f3 que la figura de la senadora panista X\u00f3chitl G\u00e1lvez Ruiz \u201cest\u00e1 inflada\u201d,<\/strong> por lo que dijo que no ve \u201criesgo\u201d en la contienda presidencial de 2024.<\/p>\n\n\n\n<p>\u201cX\u00f3chitl G\u00e1lvez no pod\u00eda ni ser candidata a jefa de Gobierno, <strong>andaba batallando mucho,<\/strong> <strong>y ahora es el fen\u00f3meno<\/strong>, pues yo no s\u00e9 d\u00f3nde lo ven porque est\u00e1 inflada\u201d, asever\u00f3 en su visita al Consejo Coordinador Empresarial de Hidalgo (CCEH).<\/p>\n\n\n\n<p>Afirm\u00f3 que es \u201cun insulto a la inteligencia\u201d decir que vendiendo \u201cgelatinas y tamales\u201d se hizo millonaria, pues afirm\u00f3 que la panista obtuvo contratos \u201cal cobijo del poder pol\u00edtico por mil 400 millones de pesos\u201d.<\/p>\n\n\n\n<p>Como ha insistido el presidente Andr\u00e9s Manuel L\u00f3pez Obrador -por lo cual la autoridades electorales le prohibieron referirse a la hidalguense- <strong>el diputado con licencia asever\u00f3 que ella ser\u00e1 la candidata del Frente Amplio por M\u00e9xico,<\/strong> por lo que acus\u00f3 su proceso interno es simulado.<\/p>\n\n\n\n<figure class=\"wp-block-image size-large\"><img fetchpriority=\"high\" decoding=\"async\" width=\"1024\" height=\"682\" src=\"https:\/\/revistaacropolis.com\/wp-content\/uploads\/2023\/08\/image-41-1024x682.png\" alt=\"\" class=\"wp-image-7491\" srcset=\"https:\/\/revistaacropolis.com\/wp-content\/uploads\/2023\/08\/image-41-1024x682.png 1024w, https:\/\/revistaacropolis.com\/wp-content\/uploads\/2023\/08\/image-41-300x200.png 300w, https:\/\/revistaacropolis.com\/wp-content\/uploads\/2023\/08\/image-41-768x512.png 768w, https:\/\/revistaacropolis.com\/wp-content\/uploads\/2023\/08\/image-41-600x400.png 600w, https:\/\/revistaacropolis.com\/wp-content\/uploads\/2023\/08\/image-41.png 1280w\" sizes=\"(max-width: 1024px) 100vw, 1024px\" \/><\/figure>\n\n\n\n<blockquote class=\"wp-block-quote is-layout-flow wp-block-quote-is-layout-flow\">\n<p>Yo no veo riesgo ah\u00ed, sin arrogancia lo digo, (\u2026) vamos a ver c\u00f3mo salen las cosas en septiembre (con la elecci\u00f3n de la persona que encabezar\u00e1 los comit\u00e9s), va ha haber alguna tensi\u00f3n, pero yo creo que se va a resolver. Quien rompa por ambici\u00f3n se lo va a chupar la bruja\u201d, dijo.<\/p>\n<\/blockquote>\n\n\n\n<p>El petista asever\u00f3 qu<strong>e no conf\u00eda en las encuestas<\/strong> por no considerarlas serias y ser excluyente con su perfil; adem\u00e1s, <strong>asever\u00f3 que con \u00e9l \u201chay un fen\u00f3meno,<\/strong> pues dijo que \u201cno trae nada de publicidad\u201d y lo colocan entre el tercer y cuarto lugar.<\/p>\n\n\n\n<figure class=\"wp-block-image size-large\"><img decoding=\"async\" width=\"1024\" height=\"682\" src=\"https:\/\/revistaacropolis.com\/wp-content\/uploads\/2023\/08\/image-40-1024x682.png\" alt=\"\" class=\"wp-image-7490\" srcset=\"https:\/\/revistaacropolis.com\/wp-content\/uploads\/2023\/08\/image-40-1024x682.png 1024w, https:\/\/revistaacropolis.com\/wp-content\/uploads\/2023\/08\/image-40-300x200.png 300w, https:\/\/revistaacropolis.com\/wp-content\/uploads\/2023\/08\/image-40-768x512.png 768w, https:\/\/revistaacropolis.com\/wp-content\/uploads\/2023\/08\/image-40-600x400.png 600w, https:\/\/revistaacropolis.com\/wp-content\/uploads\/2023\/08\/image-40.png 1280w\" sizes=\"(max-width: 1024px) 100vw, 1024px\" \/><\/figure>\n\n\n\n<blockquote class=\"wp-block-quote is-layout-flow wp-block-quote-is-layout-flow\">\n<p>Me da la impresi\u00f3n que la prensa est\u00e1 queriendo consolidar la percepci\u00f3n de que Claudia (Sheinbaum) va ganar (la interna) indiscutiblemente (\u2026) Yo dijo que la moneda est\u00e1 en el aire, yo sigo insistiendo que les voy a ganar. Ya se ver\u00e1\u201d, dijo.<\/p>\n<\/blockquote>\n\n\n\n<p>Fernandez Noro\u00f1a sostuvo de los aspirantes del bloque integrado por Morena, Partido Verde (PVEM) y Partido del Trabajo (PT) \u201cno simulan\u201d.<\/p>\n\n\n\n<p>El petista a\u00f1adi\u00f3 que<strong> ha insistido a sus compa\u00f1eros en la contienda interna que tiene espectaculares en que digan cu\u00e1nto han costado<\/strong> y de d\u00f3nde sali\u00f3 el recurso, pues afirm\u00f3 que \u201cpueden estar hipotecando al movimiento\u201d.<\/p>\n\n\n\n<figure class=\"wp-block-pullquote\"><blockquote><p>Y pueden hipotecarlo, yo no tengo problema en ello, nom\u00e1s saber por cu\u00e1ndo lo hipotecaron y con qui\u00e9n lo hipotecaron, y si esa hipoteca tiene sentido\u201d, expuso.<\/p><\/blockquote><\/figure>\n\n\n\n<p>Sostuvo que de no ganar la encuesta que determinar\u00e1 al coordinador de los Comit\u00e9s de Defensa <strong>no tendr\u00e1 problema por reconocer los resultados y se sumar\u00e1 al vencedor.<\/strong><\/p>\n\n\n\n<h3 class=\"wp-block-heading\">DatoAcro<\/h3>\n\n\n\n<p><em>-El diputado con licencia dijo \u201crepudiar\u201d al ministro Luis Maria Aguilar por \u201cembodegar\u201d libros de texto gratuito en Chihuahua.<\/em><\/p>\n\n\n\n<p><em>-Tambi\u00e9n critic\u00f3 que la senadora no haya pedido licencia a su cargo pese a estar en la contienda interna de los partidos Acci\u00f3n Nacional (PAN), Revolucionario Institucional (PRI) y De la Revoluci\u00f3n Democr\u00e1tica (PRD).<\/em><\/p>\n\n\n\n<p>-El petista no present\u00f3 propuesta de casa encuestadoras para las mediciones que determinar\u00e1n qui\u00e9n encabezar\u00e1 los Comit\u00e9s de Defensa de la Cuarta Transformaci\u00f3n.<\/p>\n","protected":false},"excerpt":{"rendered":"<p>Gerardo Fernandez Noro\u00f1a, aspirante petista a encabezar los llamados Comit\u00e9s de Defensa de la Cuarta Transformaci\u00f3n, asegur\u00f3 que la figura de la senadora panista X\u00f3chitl G\u00e1lvez Ruiz \u201cest\u00e1 inflada\u201d, por&hellip; <\/p>\n","protected":false},"author":4,"featured_media":7489,"comment_status":"closed","ping_status":"closed","sticky":false,"template":"","format":"standard","meta":{"two_page_speed":[],"_joinchat":[],"footnotes":""},"categories":[1],"tags":[1453,1828],"class_list":["post-7488","post","type-post","status-publish","format-standard","has-post-thumbnail","hentry","category-politica","tag-cceh","tag-norona"],"_links":{"self":[{"href":"https:\/\/revistaacropolis.com\/index.php\/wp-json\/wp\/v2\/posts\/7488","targetHints":{"allow":["GET"]}}],"collection":[{"href":"https:\/\/revistaacropolis.com\/index.php\/wp-json\/wp\/v2\/posts"}],"about":[{"href":"https:\/\/revistaacropolis.com\/index.php\/wp-json\/wp\/v2\/types\/post"}],"author":[{"embeddable":true,"href":"https:\/\/revistaacropolis.com\/index.php\/wp-json\/wp\/v2\/users\/4"}],"replies":[{"embeddable":true,"href":"https:\/\/revistaacropolis.com\/index.php\/wp-json\/wp\/v2\/comments?post=7488"}],"version-history":[{"count":2,"href":"https:\/\/revistaacropolis.com\/index.php\/wp-json\/wp\/v2\/posts\/7488\/revisions"}],"predecessor-version":[{"id":7507,"href":"https:\/\/revistaacropolis.com\/index.php\/wp-json\/wp\/v2\/posts\/7488\/revisions\/7507"}],"wp:featuredmedia":[{"embeddable":true,"href":"https:\/\/revistaacropolis.com\/index.php\/wp-json\/wp\/v2\/media\/7489"}],"wp:attachment":[{"href":"https:\/\/revistaacropolis.com\/index.php\/wp-json\/wp\/v2\/media?parent=7488"}],"wp:term":[{"taxonomy":"category","embeddable":true,"href":"https:\/\/revistaacropolis.com\/index.php\/wp-json\/wp\/v2\/categories?post=7488"},{"taxonomy":"post_tag","embeddable":true,"href":"https:\/\/revistaacropolis.com\/index.php\/wp-json\/wp\/v2\/tags?post=7488"}],"curies":[{"name":"wp","href":"https:\/\/api.w.org\/{rel}","templated":true}]}}