{"id":7594,"date":"2023-08-18T16:11:52","date_gmt":"2023-08-18T16:11:52","guid":{"rendered":"https:\/\/revistaacropolis.com\/?p=7594"},"modified":"2023-08-18T16:12:04","modified_gmt":"2023-08-18T16:12:04","slug":"se-decantan-por-titular-de-defensoria-publica-para-fiscalia-electoral","status":"publish","type":"post","link":"https:\/\/revistaacropolis.com\/index.php\/se-decantan-por-titular-de-defensoria-publica-para-fiscalia-electoral\/politica\/","title":{"rendered":"Se decantan por titular de Defensor\u00eda P\u00fablica para fiscal\u00eda Electoral"},"content":{"rendered":"\n<p><br>La Comisi\u00f3n de Seguridad Ciudadana Justicia y Justicia <strong>votar\u00e1 esta ma\u00f1ana el dictamen que propone a Diana Jeanethe Rodr\u00edguez L\u00f3pez , <\/strong>directora de la Defensor\u00eda P\u00fablica del Poder Ejecutivo estatal, como al persona id\u00f3nea para encabezar la Fiscal\u00eda Especializada en Delitos Electorales, confirmaron a Acr\u00f3polis Noticias fuentes al interior del Congreso local.<\/p>\n\n\n\n<p>El ente legislativo que presidente el diputado Octavio Maga\u00f1a Soto sesionar\u00e1 esta ma\u00f1ana para validar el documento y posteriormente ser\u00e1 votado en el pleno, en sesi\u00f3n extraordinaria.<\/p>\n\n\n\n<p>El dictamen que propone a Rodr\u00edguez L\u00f3pez se realiz\u00f3 luego de la fase de entrevistas, en las cuales tambi\u00e9n participaron<strong> Roberto Rico Ruiz, secretario de Servicios Legislativos, as\u00ed como Javier Omar Montoya Pi\u00f1a, Francisco Javier Guti\u00e9rrez Corona y Arlett Destunis S\u00e1nch<\/strong>ez.<\/p>\n\n\n\n<figure class=\"wp-block-embed is-type-wp-embed is-provider-acropolis wp-block-embed-acropolis\"><div class=\"wp-block-embed__wrapper\">\n<blockquote class=\"wp-embedded-content\" data-secret=\"4Tg15rchaF\"><a href=\"https:\/\/revistaacropolis.com\/index.php\/tras-entrevista-a-aspirantes-habra-titular-de-fiscalia-electoral-esta-semana\/politica\/\">Tras entrevista a aspirantes, habr\u00e1 titular de Fiscal\u00eda Electoral esta semana<\/a><\/blockquote><iframe class=\"wp-embedded-content\" sandbox=\"allow-scripts\" security=\"restricted\" style=\"position: absolute; clip: rect(1px, 1px, 1px, 1px);\" title=\"\u00abTras entrevista a aspirantes, habr\u00e1 titular de Fiscal\u00eda Electoral esta semana\u00bb \u2014 ACR\u00d3POLIS\" src=\"https:\/\/revistaacropolis.com\/index.php\/tras-entrevista-a-aspirantes-habra-titular-de-fiscalia-electoral-esta-semana\/politica\/embed\/#?secret=BqD0zUP3gW#?secret=4Tg15rchaF\" data-secret=\"4Tg15rchaF\" width=\"600\" height=\"338\" frameborder=\"0\" marginwidth=\"0\" marginheight=\"0\" scrolling=\"no\"><\/iframe>\n<\/div><\/figure>\n\n\n\n<p><strong>La quinteta de aspirantes fue propuesta por el gobierno Julio Menchaca Salazar,<\/strong> tras realizar una convocatoria p\u00fablica en la que se registraron 22 interesados en el cargo.<\/p>\n\n\n\n<p>La persona electa fiscal electoral <strong>sustituir\u00e1 en el cargo a Sergio Z\u00fa\u00f1iga Fuentes<\/strong>, cuyo periodo de cinco a\u00f1os venci\u00f3 el 19 de julio pasado.<\/p>\n","protected":false},"excerpt":{"rendered":"<p>La Comisi\u00f3n de Seguridad Ciudadana Justicia y Justicia votar\u00e1 esta ma\u00f1ana el dictamen que propone a Diana Jeanethe Rodr\u00edguez L\u00f3pez , directora de la Defensor\u00eda P\u00fablica del Poder Ejecutivo estatal,&hellip; <\/p>\n","protected":false},"author":4,"featured_media":7596,"comment_status":"closed","ping_status":"closed","sticky":false,"template":"","format":"standard","meta":{"two_page_speed":[],"_joinchat":[],"footnotes":""},"categories":[1],"tags":[245,1846],"class_list":["post-7594","post","type-post","status-publish","format-standard","has-post-thumbnail","hentry","category-politica","tag-congreso","tag-fiscalia-electoral"],"_links":{"self":[{"href":"https:\/\/revistaacropolis.com\/index.php\/wp-json\/wp\/v2\/posts\/7594","targetHints":{"allow":["GET"]}}],"collection":[{"href":"https:\/\/revistaacropolis.com\/index.php\/wp-json\/wp\/v2\/posts"}],"about":[{"href":"https:\/\/revistaacropolis.com\/index.php\/wp-json\/wp\/v2\/types\/post"}],"author":[{"embeddable":true,"href":"https:\/\/revistaacropolis.com\/index.php\/wp-json\/wp\/v2\/users\/4"}],"replies":[{"embeddable":true,"href":"https:\/\/revistaacropolis.com\/index.php\/wp-json\/wp\/v2\/comments?post=7594"}],"version-history":[{"count":2,"href":"https:\/\/revistaacropolis.com\/index.php\/wp-json\/wp\/v2\/posts\/7594\/revisions"}],"predecessor-version":[{"id":7598,"href":"https:\/\/revistaacropolis.com\/index.php\/wp-json\/wp\/v2\/posts\/7594\/revisions\/7598"}],"wp:featuredmedia":[{"embeddable":true,"href":"https:\/\/revistaacropolis.com\/index.php\/wp-json\/wp\/v2\/media\/7596"}],"wp:attachment":[{"href":"https:\/\/revistaacropolis.com\/index.php\/wp-json\/wp\/v2\/media?parent=7594"}],"wp:term":[{"taxonomy":"category","embeddable":true,"href":"https:\/\/revistaacropolis.com\/index.php\/wp-json\/wp\/v2\/categories?post=7594"},{"taxonomy":"post_tag","embeddable":true,"href":"https:\/\/revistaacropolis.com\/index.php\/wp-json\/wp\/v2\/tags?post=7594"}],"curies":[{"name":"wp","href":"https:\/\/api.w.org\/{rel}","templated":true}]}}