{"id":7650,"date":"2023-08-19T19:33:26","date_gmt":"2023-08-19T19:33:26","guid":{"rendered":"https:\/\/revistaacropolis.com\/?p=7650"},"modified":"2023-08-19T19:33:39","modified_gmt":"2023-08-19T19:33:39","slug":"por-nivel-de-rio-tula-instan-a-vulnerables-a-tomar-medidas-preventivas","status":"publish","type":"post","link":"https:\/\/revistaacropolis.com\/index.php\/por-nivel-de-rio-tula-instan-a-vulnerables-a-tomar-medidas-preventivas\/sociedad\/","title":{"rendered":"Por nivel de r\u00edo Tula, instan a \u201cvulnerables\u201d a tomar medidas preventivas"},"content":{"rendered":"\n<p>Debido al aumento en el caudal del <strong>r\u00edo Tula<\/strong>, el ayuntamiento inst\u00f3 a los residentes de \u201c\u00e1reas vulnerables\u201d a tomar<strong> medidas preventivas<\/strong>, <strong>mantenerse alerta<\/strong> y seguir las indicaciones de las autoridades locales.<\/p>\n\n\n\n<p>El gobierno local sugiri\u00f3 mantenerse informado a trav\u00e9s de fuentes oficiales y evitar difundir rumores o informaci\u00f3n no confirmada.<\/p>\n\n\n\n<p>Se\u00f1al\u00f3 que existe compromiso para garantizar la seguridad y mantener comunicaci\u00f3n a medida que la situaci\u00f3n evolucione. Puso a disposici\u00f3n el n\u00famero de emergencias 911 y 7731180600 para los reportes en la zona.<\/p>\n\n\n\n<figure class=\"wp-block-image size-large\"><img fetchpriority=\"high\" decoding=\"async\" width=\"1024\" height=\"768\" src=\"https:\/\/revistaacropolis.com\/wp-content\/uploads\/2023\/08\/soldados-1-1024x768.jpg\" alt=\"\" class=\"wp-image-7654\" srcset=\"https:\/\/revistaacropolis.com\/wp-content\/uploads\/2023\/08\/soldados-1-1024x768.jpg 1024w, https:\/\/revistaacropolis.com\/wp-content\/uploads\/2023\/08\/soldados-1-300x225.jpg 300w, https:\/\/revistaacropolis.com\/wp-content\/uploads\/2023\/08\/soldados-1-768x576.jpg 768w, https:\/\/revistaacropolis.com\/wp-content\/uploads\/2023\/08\/soldados-1-1536x1152.jpg 1536w, https:\/\/revistaacropolis.com\/wp-content\/uploads\/2023\/08\/soldados-1-600x450.jpg 600w, https:\/\/revistaacropolis.com\/wp-content\/uploads\/2023\/08\/soldados-1.jpg 1600w\" sizes=\"(max-width: 1024px) 100vw, 1024px\" \/><\/figure>\n\n\n\n<p>El incremento de las aguas es resultado de las <strong>lluvias en la Ciudad de M\u00e9xico<\/strong>, en tanto la alerta de riesgo es de nivel medio bajo, emitida a las 9:00 horas de hoy con un flujo de 150 metros c\u00fabicos por segundo, seguido de 119 metros c\u00fabicos por segundo a las 10:00 a.m. y 104 metros c\u00fabicos por segundo a las 11:00 am, se constata una declinaci\u00f3n continua.<\/p>\n\n\n\n<p>Con base en esta evoluci\u00f3n se establece la situaci\u00f3n de <strong>sem\u00e1foro amarillo<\/strong> en la regi\u00f3n.<\/p>\n\n\n\n<figure class=\"wp-block-image size-large\"><img decoding=\"async\" width=\"1024\" height=\"768\" src=\"https:\/\/revistaacropolis.com\/wp-content\/uploads\/2023\/08\/comite-1-1024x768.jpg\" alt=\"\" class=\"wp-image-7655\" srcset=\"https:\/\/revistaacropolis.com\/wp-content\/uploads\/2023\/08\/comite-1-1024x768.jpg 1024w, https:\/\/revistaacropolis.com\/wp-content\/uploads\/2023\/08\/comite-1-300x225.jpg 300w, https:\/\/revistaacropolis.com\/wp-content\/uploads\/2023\/08\/comite-1-768x576.jpg 768w, https:\/\/revistaacropolis.com\/wp-content\/uploads\/2023\/08\/comite-1-1536x1152.jpg 1536w, https:\/\/revistaacropolis.com\/wp-content\/uploads\/2023\/08\/comite-1-600x450.jpg 600w, https:\/\/revistaacropolis.com\/wp-content\/uploads\/2023\/08\/comite-1.jpg 1600w\" sizes=\"(max-width: 1024px) 100vw, 1024px\" \/><\/figure>\n\n\n\n<p>El Comit\u00e9 de Emergencias, en colaboraci\u00f3n con la <strong>Comisi\u00f3n Nacional del Agua <\/strong>(Conagua), comisi\u00f3n de protecci\u00f3n civil y rescate del r\u00edo Tula, el Gobierno del Estado, la Guardia Nacional y Secretar\u00eda de la Defensa Nacional (Sedena), se ha instalado para gestionar la situaci\u00f3n.<\/p>\n\n\n\n<p>El comit\u00e9 municipal de emergencias, se mantiene en sesi\u00f3n permanente y en monitoreo constante realizando recorridos durante el d\u00eda.<\/p>\n\n\n\n<p><\/p>\n","protected":false},"excerpt":{"rendered":"<p>Debido al aumento en el caudal del r\u00edo Tula, el ayuntamiento inst\u00f3 a los residentes de \u201c\u00e1reas vulnerables\u201d a tomar medidas preventivas, mantenerse alerta y seguir las indicaciones de las&hellip; <\/p>\n","protected":false},"author":4,"featured_media":7652,"comment_status":"closed","ping_status":"closed","sticky":false,"template":"","format":"standard","meta":{"two_page_speed":[],"_joinchat":[],"footnotes":""},"categories":[57],"tags":[1855,1854,1856],"class_list":["post-7650","post","type-post","status-publish","format-standard","has-post-thumbnail","hentry","category-sociedad","tag-emergencia","tag-rio-tula","tag-semaforo-amarillo"],"_links":{"self":[{"href":"https:\/\/revistaacropolis.com\/index.php\/wp-json\/wp\/v2\/posts\/7650","targetHints":{"allow":["GET"]}}],"collection":[{"href":"https:\/\/revistaacropolis.com\/index.php\/wp-json\/wp\/v2\/posts"}],"about":[{"href":"https:\/\/revistaacropolis.com\/index.php\/wp-json\/wp\/v2\/types\/post"}],"author":[{"embeddable":true,"href":"https:\/\/revistaacropolis.com\/index.php\/wp-json\/wp\/v2\/users\/4"}],"replies":[{"embeddable":true,"href":"https:\/\/revistaacropolis.com\/index.php\/wp-json\/wp\/v2\/comments?post=7650"}],"version-history":[{"count":1,"href":"https:\/\/revistaacropolis.com\/index.php\/wp-json\/wp\/v2\/posts\/7650\/revisions"}],"predecessor-version":[{"id":7656,"href":"https:\/\/revistaacropolis.com\/index.php\/wp-json\/wp\/v2\/posts\/7650\/revisions\/7656"}],"wp:featuredmedia":[{"embeddable":true,"href":"https:\/\/revistaacropolis.com\/index.php\/wp-json\/wp\/v2\/media\/7652"}],"wp:attachment":[{"href":"https:\/\/revistaacropolis.com\/index.php\/wp-json\/wp\/v2\/media?parent=7650"}],"wp:term":[{"taxonomy":"category","embeddable":true,"href":"https:\/\/revistaacropolis.com\/index.php\/wp-json\/wp\/v2\/categories?post=7650"},{"taxonomy":"post_tag","embeddable":true,"href":"https:\/\/revistaacropolis.com\/index.php\/wp-json\/wp\/v2\/tags?post=7650"}],"curies":[{"name":"wp","href":"https:\/\/api.w.org\/{rel}","templated":true}]}}