{"id":776,"date":"2023-02-16T18:31:52","date_gmt":"2023-02-16T18:31:52","guid":{"rendered":"https:\/\/revistaacropolis.com\/?p=776"},"modified":"2023-02-16T18:31:54","modified_gmt":"2023-02-16T18:31:54","slug":"cambiara-semarnath-plataforma-para-verificacion-vehicular","status":"publish","type":"post","link":"https:\/\/revistaacropolis.com\/index.php\/cambiara-semarnath-plataforma-para-verificacion-vehicular\/politica\/","title":{"rendered":"Cambiar\u00e1 Semarnath plataforma para verificaci\u00f3n vehicular"},"content":{"rendered":"\n<p>A partir del segundo semestre de 2023, cuando sea obligatorio el tr\u00e1mite, la Secretar\u00eda de Medio Ambiente y Recursos Naturales de Hidalgo (Semarnath) <strong>cambiar\u00e1 la plataforma para la verificaci\u00f3n vehicular por una \u201cm\u00e1s moderna\u201d,<\/strong> pues la actual data de 2017-2018.<\/p>\n\n\n\n<p>[su_pullquote]\u201cHay verificentros que vienen funcionando desde ya bastante tiempo; nos hemos dado a la tarea de reconsiderar la plataforma que se estaba usando\u201d, afirm\u00f3 en entrevista M\u00f3nica Patricia Mixtega Trejo, titular de la dependencia.[\/su_pullquote]<\/p>\n\n\n\n<p>La exmagistrada electoral sostuvo que <strong>\u201cnecesariamente\u201d<\/strong> tiene que adaptarse a la tecnolog\u00eda actual.<\/p>\n\n\n\n<p>Tambi\u00e9n, agreg\u00f3, <strong>se considera el uso de una p\u00e1gina para citas y la ampliaci\u00f3n de los horarios; <\/strong>por ejemplo, de las 8:00 a las 22:00 horas.<\/p>\n\n\n\n<p>[su_quote cite=\u00bbQueremos ir un poco m\u00e1s all\u00e1 de lo que tradicionalmente se hac\u00eda todo dentro de la secretar\u00eda, queremos involucrar a m\u00e1s actores que, por supuesto, coadyuven con nosotros y otorguemos un mejor servicio\u201d, dijo.\u00bb][\/su_quote]<\/p>\n\n\n\n<p>Mixtega Trejo <strong>record\u00f3 que actualmente se encuentra vigente la verificaci\u00f3n voluntaria,<\/strong> por lo que exhort\u00f3 a los automovilistas a <strong>cumplir con la responsabilidad de mantener en buenas condiciones f\u00edsicas y mec\u00e1nicas sus autom\u00f3viles.<\/strong><\/p>\n\n\n\n<p>Sobre las concesiones que la Semarnath otorg\u00f3 previo a que finalizara la administraci\u00f3n de Omar Fayad Meneses, <strong>mismas que dio a la par de cancelar casi 50 permisos por supuestas irregularidades,<\/strong> la funcionaria se\u00f1al\u00f3 que s\u00ed habr\u00e1 nuevos verificentros en la entidad.<\/p>\n\n\n\n<p>[su_pullquote]\u201cYa se hab\u00edan otorgado y faltaba que cumplieran determinados requerimientos t\u00e9cnicos que nosotros ya estamos solventando para que empiecen su funcionamiento\u201d, expuso.[\/su_pullquote]<\/p>\n\n\n\n<div class=\"wp-block-query is-layout-flow wp-block-query-is-layout-flow\"><ul class=\"wp-block-post-template is-layout-flow wp-block-post-template-is-layout-flow\"><li class=\"wp-block-post post-23409 post type-post status-publish format-standard has-post-thumbnail hentry category-sociedad tag-cecilia-del-rayo-vargas-chacon tag-desayuno-empresarial tag-hidalgo tag-paola-cruz tag-redmuem tag-silvino-lopez-tovar\">\n\n<div class=\"wp-block-columns are-vertically-aligned-center is-layout-flex wp-container-core-columns-is-layout-9d6595d7 wp-block-columns-is-layout-flex\">\n<div class=\"wp-block-column is-vertically-aligned-center is-layout-flow wp-block-column-is-layout-flow\" style=\"flex-basis:25%\"><figure class=\"wp-block-post-featured-image\"><a href=\"https:\/\/revistaacropolis.com\/index.php\/redmuem-hidalgo-fortalece-su-comunidad-empresarial-en-desayuno-exclusivo\/sociedad\/\" target=\"_self\"  ><img fetchpriority=\"high\" decoding=\"async\" width=\"2049\" height=\"1152\" src=\"https:\/\/revistaacropolis.com\/wp-content\/uploads\/2026\/04\/Portadas-Paginas-web-2026-04-30T125532.404.png\" class=\"attachment-post-thumbnail size-post-thumbnail wp-post-image\" alt=\"Redmuem Hidalgo fortalece su comunidad empresarial en desayuno exclusivo\" style=\"object-fit:cover;\" srcset=\"https:\/\/revistaacropolis.com\/wp-content\/uploads\/2026\/04\/Portadas-Paginas-web-2026-04-30T125532.404.png 2049w, https:\/\/revistaacropolis.com\/wp-content\/uploads\/2026\/04\/Portadas-Paginas-web-2026-04-30T125532.404-300x169.png 300w, https:\/\/revistaacropolis.com\/wp-content\/uploads\/2026\/04\/Portadas-Paginas-web-2026-04-30T125532.404-1024x576.png 1024w, https:\/\/revistaacropolis.com\/wp-content\/uploads\/2026\/04\/Portadas-Paginas-web-2026-04-30T125532.404-768x432.png 768w, https:\/\/revistaacropolis.com\/wp-content\/uploads\/2026\/04\/Portadas-Paginas-web-2026-04-30T125532.404-1536x864.png 1536w, https:\/\/revistaacropolis.com\/wp-content\/uploads\/2026\/04\/Portadas-Paginas-web-2026-04-30T125532.404-600x337.png 600w\" sizes=\"(max-width: 2049px) 100vw, 2049px\" \/><\/a><\/figure><\/div>\n\n\n\n<div class=\"wp-block-column is-vertically-aligned-center has-small-font-size is-layout-flow wp-block-column-is-layout-flow\" style=\"flex-basis:75%\"><h2 class=\"wp-block-post-title\"><a href=\"https:\/\/revistaacropolis.com\/index.php\/redmuem-hidalgo-fortalece-su-comunidad-empresarial-en-desayuno-exclusivo\/sociedad\/\" target=\"_self\" >Redmuem Hidalgo fortalece su comunidad empresarial en desayuno exclusivo<\/a><\/h2><\/div>\n<\/div>\n\n<\/li><li class=\"wp-block-post post-23402 post type-post status-publish format-standard has-post-thumbnail hentry category-sociedad tag-cristhian-martinez tag-feria-del-helado-artesanal-2026 tag-hidalgo tag-tula-de-allende tag-turismo\">\n\n<div class=\"wp-block-columns are-vertically-aligned-center is-layout-flex wp-container-core-columns-is-layout-9d6595d7 wp-block-columns-is-layout-flex\">\n<div class=\"wp-block-column is-vertically-aligned-center is-layout-flow wp-block-column-is-layout-flow\" style=\"flex-basis:25%\"><figure class=\"wp-block-post-featured-image\"><a href=\"https:\/\/revistaacropolis.com\/index.php\/impulsa-cristhian-martinez-el-turismo-la-cultura-y-la-gastronomia-con-la-feria-del-helado-artesanal-2026\/sociedad\/\" target=\"_self\"  ><img decoding=\"async\" width=\"2049\" height=\"1152\" src=\"https:\/\/revistaacropolis.com\/wp-content\/uploads\/2026\/04\/Portadas-Paginas-web-2026-04-29T124657.299.png\" class=\"attachment-post-thumbnail size-post-thumbnail wp-post-image\" alt=\"Impulsa Cristhian Mart\u00ednez el turismo, la cultura y la gastronom\u00eda con la Feria del Helado Artesanal 2026\" style=\"object-fit:cover;\" srcset=\"https:\/\/revistaacropolis.com\/wp-content\/uploads\/2026\/04\/Portadas-Paginas-web-2026-04-29T124657.299.png 2049w, https:\/\/revistaacropolis.com\/wp-content\/uploads\/2026\/04\/Portadas-Paginas-web-2026-04-29T124657.299-300x169.png 300w, https:\/\/revistaacropolis.com\/wp-content\/uploads\/2026\/04\/Portadas-Paginas-web-2026-04-29T124657.299-1024x576.png 1024w, https:\/\/revistaacropolis.com\/wp-content\/uploads\/2026\/04\/Portadas-Paginas-web-2026-04-29T124657.299-768x432.png 768w, https:\/\/revistaacropolis.com\/wp-content\/uploads\/2026\/04\/Portadas-Paginas-web-2026-04-29T124657.299-1536x864.png 1536w, https:\/\/revistaacropolis.com\/wp-content\/uploads\/2026\/04\/Portadas-Paginas-web-2026-04-29T124657.299-600x337.png 600w\" sizes=\"(max-width: 2049px) 100vw, 2049px\" \/><\/a><\/figure><\/div>\n\n\n\n<div class=\"wp-block-column is-vertically-aligned-center has-small-font-size is-layout-flow wp-block-column-is-layout-flow\" style=\"flex-basis:75%\"><h2 class=\"wp-block-post-title\"><a href=\"https:\/\/revistaacropolis.com\/index.php\/impulsa-cristhian-martinez-el-turismo-la-cultura-y-la-gastronomia-con-la-feria-del-helado-artesanal-2026\/sociedad\/\" target=\"_self\" >Impulsa Cristhian Mart\u00ednez el turismo, la cultura y la gastronom\u00eda con la Feria del Helado Artesanal 2026<\/a><\/h2><\/div>\n<\/div>\n\n<\/li><\/ul><\/div>\n\n\n\n<p><strong>QUEJAS DE CORRUPCI\u00d3N<\/strong><\/p>\n\n\n\n<p>Sin abundar sobre ellas, <strong>la secretar\u00eda afirm\u00f3 que ha recibido \u201cmuchas quejas en temas de corrupci\u00f3n\u201d <\/strong>relativas a los verificentros.<\/p>\n\n\n\n<p>Sostuvo que las denuncias <strong>se est\u00e1n atendiendo y que se lleva a cabo una reestructuraci\u00f3n respecto de la verificaci\u00f3n vehicular.<\/strong><\/p>\n","protected":false},"excerpt":{"rendered":"<p>A partir del segundo semestre de 2023, cuando sea obligatorio el tr\u00e1mite, la Secretar\u00eda de Medio Ambiente y Recursos Naturales de Hidalgo (Semarnath) cambiar\u00e1 la plataforma para la verificaci\u00f3n vehicular&hellip; <\/p>\n","protected":false},"author":4,"featured_media":777,"comment_status":"closed","ping_status":"closed","sticky":false,"template":"","format":"standard","meta":{"two_page_speed":[],"_joinchat":[],"footnotes":""},"categories":[1],"tags":[192,193],"class_list":["post-776","post","type-post","status-publish","format-standard","has-post-thumbnail","hentry","category-politica","tag-semarnath","tag-verificentros"],"_links":{"self":[{"href":"https:\/\/revistaacropolis.com\/index.php\/wp-json\/wp\/v2\/posts\/776","targetHints":{"allow":["GET"]}}],"collection":[{"href":"https:\/\/revistaacropolis.com\/index.php\/wp-json\/wp\/v2\/posts"}],"about":[{"href":"https:\/\/revistaacropolis.com\/index.php\/wp-json\/wp\/v2\/types\/post"}],"author":[{"embeddable":true,"href":"https:\/\/revistaacropolis.com\/index.php\/wp-json\/wp\/v2\/users\/4"}],"replies":[{"embeddable":true,"href":"https:\/\/revistaacropolis.com\/index.php\/wp-json\/wp\/v2\/comments?post=776"}],"version-history":[{"count":1,"href":"https:\/\/revistaacropolis.com\/index.php\/wp-json\/wp\/v2\/posts\/776\/revisions"}],"predecessor-version":[{"id":778,"href":"https:\/\/revistaacropolis.com\/index.php\/wp-json\/wp\/v2\/posts\/776\/revisions\/778"}],"wp:featuredmedia":[{"embeddable":true,"href":"https:\/\/revistaacropolis.com\/index.php\/wp-json\/wp\/v2\/media\/777"}],"wp:attachment":[{"href":"https:\/\/revistaacropolis.com\/index.php\/wp-json\/wp\/v2\/media?parent=776"}],"wp:term":[{"taxonomy":"category","embeddable":true,"href":"https:\/\/revistaacropolis.com\/index.php\/wp-json\/wp\/v2\/categories?post=776"},{"taxonomy":"post_tag","embeddable":true,"href":"https:\/\/revistaacropolis.com\/index.php\/wp-json\/wp\/v2\/tags?post=776"}],"curies":[{"name":"wp","href":"https:\/\/api.w.org\/{rel}","templated":true}]}}