{"id":7853,"date":"2023-08-25T04:54:21","date_gmt":"2023-08-25T04:54:21","guid":{"rendered":"https:\/\/revistaacropolis.com\/?p=7853"},"modified":"2023-08-25T04:54:23","modified_gmt":"2023-08-25T04:54:23","slug":"acusa-sindica-de-pachuca-a-regidor-por-vpg-fue-a-desayunando-en-vez-de-sesion-responde-edil","status":"publish","type":"post","link":"https:\/\/revistaacropolis.com\/index.php\/acusa-sindica-de-pachuca-a-regidor-por-vpg-fue-a-desayunando-en-vez-de-sesion-responde-edil\/politica\/","title":{"rendered":"Acusa s\u00edndica de Pachuca a regidor por VPG; fue a desayunando en vez de sesi\u00f3n: responde edil"},"content":{"rendered":"\n<p>Erika Trujillo Ort\u00edz, sindica hacendaria del ayuntamiento de Pachuca, <strong>acus\u00f3 al regidor \u00d3scar P\u00e9rez M\u00e1rquez de cometer violencia pol\u00edtica en raz\u00f3n de g\u00e9nero (VPG) en su contra por la manera en c\u00f3mo le reclam\u00f3 su demora a una reuni\u00f3n de trabajo; <\/strong>el edil se\u00f1alado, aunque le ofreci\u00f3 una disculpa p\u00fablica, evidenci\u00f3 a su compa\u00f1era por preferir estar en un desayuno con priistas en lugar de llegar puntualmente a las sesiones.<\/p>\n\n\n\n<p>A trav\u00e9s de redes sociales, la priista narr\u00f3 que la ma\u00f1ana de este jueves le fue imposible llegar a tiempo a una reuni\u00f3n de las Comisiones de Hacienda y de Gobernaci\u00f3n por un \u201casunto estrictamente personal\u201d, en consecuencia, recibi\u00f3 una llamada telef\u00f3nica de P\u00e9rez M\u00e1rquez, quien de manera muy abrupta -dijo- le exigi\u00f3 y grit\u00f3 por su tardanza.<\/p>\n\n\n\n<p>Trujillo agreg\u00f3 que, aunque ella ya estaba entrando a la Sala de Cabildo, el regidor<strong> expriista continu\u00f3 \u201cgrit\u00e1ndole, exhibi\u00e9ndola y denostando cosas contra su persona\u201d <\/strong>ante todos los asistentes en invitados que estaban en el lugar.<\/p>\n\n\n\n<blockquote class=\"wp-block-quote is-layout-flow wp-block-quote-is-layout-flow\">\n<p>Esta situaci\u00f3n es tipificada como violencia pol\u00edtica de g\u00e9nero, lo cual me veo con la penosa necesidad de utilizar estas redes sociales, porque no voy a permitir que a ninguna mujer, ni a mi persona se nos violente de esa manera. Invitar\u00eda al regidor \u00d3scar P\u00e9rez M\u00e1rquez a que existen otras maneras para entablar el di\u00e1logo y coordinarnos en los trabajos que tenemos que hacer en esta sesi\u00f3n, pero siempre imperando el tema del respeto a las y los integrantes del ayuntamiento, a las mujeres y el respeto a m\u00ed\u201d, enfatiz\u00f3.<\/p>\n<\/blockquote>\n\n\n\n<h3 class=\"wp-block-heading\">S\u00cdNDICA ANDABA EN DESYUNO POL\u00cdTICO: REGIDOR<\/h3>\n\n\n\n<p>Esta misma tarde, durante la sesi\u00f3n de Cabildo declarada sin qu\u00f3rum, P\u00e9rez M\u00e1rquez aprovech\u00f3 la tribuna para disculparse p\u00fablicamente con la s\u00edndica por la \u201cdiferencia\u201d que hubo producto de los 30 minutos que -dijo- estuvieron esper\u00e1ndola para arrancar los trabajos de las comisiones.<\/p>\n\n\n\n<blockquote class=\"wp-block-quote is-layout-flow wp-block-quote-is-layout-flow\">\n<p>Hubo una molestia por parte m\u00eda porque, de manera reiterada, tenemos que esperar a la s\u00edndica porque llega tarde. Quiero, desde aqu\u00ed, ofrecerle una disculpa p\u00fablica como as\u00ed me ha sido solicitado por mi amiga, si es que yo la ofend\u00ed o se sinti\u00f3 ofendida\u201d, expres\u00f3 el integrante del Grupo Plural Independiente.<\/p>\n<\/blockquote>\n\n\n\n<p>Junto con la disculpa, el funcionario ventil\u00f3 a su compa\u00f1era por andar en un desayuno con los expresidentes del Comit\u00e9 Directivo Municipal del PRI; <strong>\u201cLamento mucho que, para la s\u00edndica, resulte m\u00e1s importante encontrarse en un desayuno de car\u00e1cter pol\u00edtico que acudir a las sesiones para las que hemos sido contratados\u201d, expuso.<\/strong><\/p>\n\n\n\n<p>Por ello, P\u00e9rez M\u00e1rquez hizo un llamado a los integrantes del Cabildo para seguir trabajando por la ciudad, y dijo tener compromiso de mantener la mesura y la prudencia que \u00absi abona a la ciudad\u00bb.<\/p>\n","protected":false},"excerpt":{"rendered":"<p>Erika Trujillo Ort\u00edz, sindica hacendaria del ayuntamiento de Pachuca, acus\u00f3 al regidor \u00d3scar P\u00e9rez M\u00e1rquez de cometer violencia pol\u00edtica en raz\u00f3n de g\u00e9nero (VPG) en su contra por la manera&hellip; <\/p>\n","protected":false},"author":4,"featured_media":7854,"comment_status":"closed","ping_status":"closed","sticky":false,"template":"","format":"standard","meta":{"two_page_speed":[],"_joinchat":[],"footnotes":""},"categories":[1],"tags":[276,91],"class_list":["post-7853","post","type-post","status-publish","format-standard","has-post-thumbnail","hentry","category-politica","tag-cabildo","tag-pachuca"],"_links":{"self":[{"href":"https:\/\/revistaacropolis.com\/index.php\/wp-json\/wp\/v2\/posts\/7853","targetHints":{"allow":["GET"]}}],"collection":[{"href":"https:\/\/revistaacropolis.com\/index.php\/wp-json\/wp\/v2\/posts"}],"about":[{"href":"https:\/\/revistaacropolis.com\/index.php\/wp-json\/wp\/v2\/types\/post"}],"author":[{"embeddable":true,"href":"https:\/\/revistaacropolis.com\/index.php\/wp-json\/wp\/v2\/users\/4"}],"replies":[{"embeddable":true,"href":"https:\/\/revistaacropolis.com\/index.php\/wp-json\/wp\/v2\/comments?post=7853"}],"version-history":[{"count":1,"href":"https:\/\/revistaacropolis.com\/index.php\/wp-json\/wp\/v2\/posts\/7853\/revisions"}],"predecessor-version":[{"id":7855,"href":"https:\/\/revistaacropolis.com\/index.php\/wp-json\/wp\/v2\/posts\/7853\/revisions\/7855"}],"wp:featuredmedia":[{"embeddable":true,"href":"https:\/\/revistaacropolis.com\/index.php\/wp-json\/wp\/v2\/media\/7854"}],"wp:attachment":[{"href":"https:\/\/revistaacropolis.com\/index.php\/wp-json\/wp\/v2\/media?parent=7853"}],"wp:term":[{"taxonomy":"category","embeddable":true,"href":"https:\/\/revistaacropolis.com\/index.php\/wp-json\/wp\/v2\/categories?post=7853"},{"taxonomy":"post_tag","embeddable":true,"href":"https:\/\/revistaacropolis.com\/index.php\/wp-json\/wp\/v2\/tags?post=7853"}],"curies":[{"name":"wp","href":"https:\/\/api.w.org\/{rel}","templated":true}]}}