{"id":7892,"date":"2023-08-26T01:31:28","date_gmt":"2023-08-26T01:31:28","guid":{"rendered":"https:\/\/revistaacropolis.com\/?p=7892"},"modified":"2023-08-26T01:53:31","modified_gmt":"2023-08-26T01:53:31","slug":"tras-4-anos-4-meses-profugo-extitular-de-srth-vuelve-a-prision-preventiva-va-a-juicio-en-octubre","status":"publish","type":"post","link":"https:\/\/revistaacropolis.com\/index.php\/tras-4-anos-4-meses-profugo-extitular-de-srth-vuelve-a-prision-preventiva-va-a-juicio-en-octubre\/politica\/","title":{"rendered":"Tras 4 a\u00f1os 4 meses pr\u00f3fugo, extitular de SRTH vuelve a prisi\u00f3n preventiva; va a juicio en octubre"},"content":{"rendered":"\n<p>Luego de<strong> permanecer cuatro a\u00f1os cuatro meses y un d\u00eda pr\u00f3fugo,<\/strong> un Tribunal de Enjuiciamiento dict\u00f3 <strong>prisi\u00f3n preventiva justificada a Sergio Islas Olvera, director del Sistema de Radio y Televisi\u00f3n de Hidalgo (SRTH)<\/strong> en el sexenio de Francisco Olvera Ruiz, tras ser detenido esta madrugada en Tecamachalco, Estado de M\u00e9xico, por lo que esta tarde de nueva cuenta ingres\u00f3 al Centro de Reinserci\u00f3n Social (Cereso) de Pachuca.<\/p>\n\n\n\n<p>Durante audiencia realizada esta tarde en la sala 1 de los juzgados de control, <strong>el Ministerio P\u00fablico solicit\u00f3 el cambio de la medida cautelar que el 15 de diciembre de 2017 <\/strong>le fue impuesta para obtener su libertar: la firma peri\u00f3dica quincenal.<\/p>\n\n\n\n<p>La representaci\u00f3n social se\u00f1al\u00f3 que el exdirector,<strong> imputado en la causa penal 310\/2017 por su presunta responsabilidad en el delito de peculado,<\/strong> por contratos que causaron detrimento patrimonial al SRTH por 242 millones 492 mil 793 pesos, <strong>no compareci\u00f3 el 6 de junio de 2018 a la audiencia de debate, que abr\u00eda el juicio oral en su contra.<\/strong><\/p>\n\n\n\n<p>Adem\u00e1s, a partir de <strong>ese momento comenz\u00f3 a incumplir la firma peri\u00f3dioca ante la Unida de Medidas Cautelares (Umeca), <\/strong>por lo que el Tribunal de Enjuiciamiento <strong>gir\u00f3 orden de aprehensi\u00f3n el 23 de abril 2019.\u00a0<\/strong><\/p>\n\n\n\n<p>Insisti\u00f3 en que el exfuncionario olverista se sustrajo de la acci\u00f3n de la justicia, por lo que permaneci\u00f3 pr\u00f3fugo cuatro a\u00f1o cuatro meses un d\u00eda. <strong>Expuso que Islas Olvera se neg\u00f3 a comparecer al promover al menos seis amparos, <\/strong>por lo que darle otra media cautelar, como un geolocalizador o el resguardo domiciliario, no garantiza que enfrente la justicia.<\/p>\n\n\n\n<p>La defensa del imputado indic\u00f3 que la determinaci\u00f3n de la libertad de su cliente deb\u00eda quedar en manos de un juez federal, pues se\u00f1al\u00f3 que la solicitud de amparo 1033\/2023 contra su aprehensi\u00f3n, el cual fue sobrese\u00eddo, se encontraba con un recursos de revisi\u00f3n. Sin embargo, el MP se\u00f1al\u00f3 que la suspensi\u00f3n del acto no fue solicitada en esa \u201ccadena impugnativa\u201d.<\/p>\n\n\n\n<p>El Tribunal de Enjuiciamiento, presidido por la jueza <strong>Johana Zamora Arteaga, determin\u00f3 dictar el cambio de medida a prisi\u00f3n preventiva justificada por hasta 2 a\u00f1os (hasta el 25 de agosto de 2025) <\/strong>en el Cereso de Pachuca, misma que calific\u00f3 como \u201cid\u00f3nea y necesaria\u201d para que comparezca. Adem\u00e1s, <strong>los derechos pol\u00edticos del imputado fueron suspendidos.<\/strong><\/p>\n\n\n\n<p><strong>Indic\u00f3 que el exservidor tuvo actos tendientes a ocultarse y a obstaculizar la realizaci\u00f3n del proceso en su contra durante m\u00e1s de cuatro a\u00f1os, <\/strong>pues expuso que abus\u00f3 de la solicitud de amparos (pese a que ya le hab\u00edan sido negados), alguno de ellos<strong> tramitados en otros estados: Puebla, Tlaxcala y Quer\u00e9taro.\u00a0\u00a0<\/strong><\/p>\n\n\n\n<figure class=\"wp-block-embed is-type-wp-embed is-provider-acropolis wp-block-embed-acropolis\"><div class=\"wp-block-embed__wrapper\">\n<blockquote class=\"wp-embedded-content\" data-secret=\"FwmHFCSE0D\"><a href=\"https:\/\/revistaacropolis.com\/index.php\/reaprehenden-a-sergio-islas-extitular-de-radio-y-television-con-olvera-por-peculado\/politica\/\">Reaprehenden  a Sergio Islas, extitular de Radio y Televisi\u00f3n con Olvera, por peculado<\/a><\/blockquote><iframe class=\"wp-embedded-content\" sandbox=\"allow-scripts\" security=\"restricted\" style=\"position: absolute; clip: rect(1px, 1px, 1px, 1px);\" title=\"\u00abReaprehenden  a Sergio Islas, extitular de Radio y Televisi\u00f3n con Olvera, por peculado\u00bb \u2014 ACR\u00d3POLIS\" src=\"https:\/\/revistaacropolis.com\/index.php\/reaprehenden-a-sergio-islas-extitular-de-radio-y-television-con-olvera-por-peculado\/politica\/embed\/#?secret=prGhQzOWsZ#?secret=FwmHFCSE0D\" data-secret=\"FwmHFCSE0D\" width=\"600\" height=\"338\" frameborder=\"0\" marginwidth=\"0\" marginheight=\"0\" scrolling=\"no\"><\/iframe>\n<\/div><\/figure>\n\n\n\n<p>La jueza, acompa\u00f1a de los jueces Miguel Galindo N\u00e1jera y Oscar Barrones Castillo, inform\u00f3 que<strong> la audiencia de debate se llevar\u00e1 a cabo el pr\u00f3ximo 13 de octubre en la misma sala.<\/strong><\/p>\n\n\n\n<p>Record\u00f3 que el extitular del SRTH presentar\u00e1 cinco testigo como parte de su defensa.<\/p>\n\n\n\n<h3 class=\"wp-block-heading\">BUSCAN RECUPERAR LOS RECURSOS: MENCHACA<\/h3>\n\n\n\n<p>El gobernador Julio Menchaca considero la detenci\u00f3n de Islas Olvera \u00abes una se\u00f1al\u00bb del combate a la corrupci\u00f3n y \u00abel esfuerzo\u00bb para la recuperaci\u00f3n del patrimonio. Adem\u00e1s, dijo que las imputaciones en su contra no fenecieron.<\/p>\n\n\n\n<figure class=\"wp-block-pullquote\"><blockquote><p>La intenci\u00f3n fundamental, a parte de la sanciones que esto implica, es la recuperaci\u00f3n del dinero que fue sustra\u00eddo\u201d, expuso.<\/p><\/blockquote><\/figure>\n\n\n\n<h3 class=\"wp-block-heading\">DatoAcro<\/h3>\n\n\n\n<p><em>-El exfuncionario de la administraci\u00f3n 2011-2016, cuando el SRTH estuvo vinculado con al Estafa Maestra, fue detenido el 19 de julio de 2017 en el Edomex, acusado por el delito de negociaciones indebidas, en la causa penal 84\/2017. En ella se le imput\u00f3 el desvi\u00f3 de m\u00e1s de 77 millones de pesos el ente.<\/em><\/p>\n\n\n\n<p>&#8211;<em>El 13 diciembre de ese a\u00f1o fue condenado a dos a\u00f1os seis meses de prisi\u00f3n (a trav\u00e9s de un procedimiento abreviado en el que se declar\u00f3 culpable), la cual enfrent\u00f3 en libertad. Deb\u00eda reparar el agravio por 77 millones 919 mil 524 de pesos, pero no lo hizo.<\/em><\/p>\n\n\n\n<p><em>-Dos d\u00edas despu\u00e9s, le fue cambiada la medida cautelar de prisi\u00f3n preventiva justificada a firma peri\u00f3dica, con lo que pudo dejar el Cereso de Pachuca.<\/em><\/p>\n","protected":false},"excerpt":{"rendered":"<p>Luego de permanecer cuatro a\u00f1os cuatro meses y un d\u00eda pr\u00f3fugo, un Tribunal de Enjuiciamiento dict\u00f3 prisi\u00f3n preventiva justificada a Sergio Islas Olvera, director del Sistema de Radio y Televisi\u00f3n&hellip; <\/p>\n","protected":false},"author":4,"featured_media":7893,"comment_status":"closed","ping_status":"closed","sticky":false,"template":"","format":"standard","meta":{"two_page_speed":[],"_joinchat":[],"footnotes":""},"categories":[1,1078],"tags":[1483,1884,1189],"class_list":["post-7892","post","type-post","status-publish","format-standard","has-post-thumbnail","hentry","category-politica","category-seguridadyjusticia","tag-prision","tag-sergio-islas","tag-srth"],"_links":{"self":[{"href":"https:\/\/revistaacropolis.com\/index.php\/wp-json\/wp\/v2\/posts\/7892","targetHints":{"allow":["GET"]}}],"collection":[{"href":"https:\/\/revistaacropolis.com\/index.php\/wp-json\/wp\/v2\/posts"}],"about":[{"href":"https:\/\/revistaacropolis.com\/index.php\/wp-json\/wp\/v2\/types\/post"}],"author":[{"embeddable":true,"href":"https:\/\/revistaacropolis.com\/index.php\/wp-json\/wp\/v2\/users\/4"}],"replies":[{"embeddable":true,"href":"https:\/\/revistaacropolis.com\/index.php\/wp-json\/wp\/v2\/comments?post=7892"}],"version-history":[{"count":3,"href":"https:\/\/revistaacropolis.com\/index.php\/wp-json\/wp\/v2\/posts\/7892\/revisions"}],"predecessor-version":[{"id":7896,"href":"https:\/\/revistaacropolis.com\/index.php\/wp-json\/wp\/v2\/posts\/7892\/revisions\/7896"}],"wp:featuredmedia":[{"embeddable":true,"href":"https:\/\/revistaacropolis.com\/index.php\/wp-json\/wp\/v2\/media\/7893"}],"wp:attachment":[{"href":"https:\/\/revistaacropolis.com\/index.php\/wp-json\/wp\/v2\/media?parent=7892"}],"wp:term":[{"taxonomy":"category","embeddable":true,"href":"https:\/\/revistaacropolis.com\/index.php\/wp-json\/wp\/v2\/categories?post=7892"},{"taxonomy":"post_tag","embeddable":true,"href":"https:\/\/revistaacropolis.com\/index.php\/wp-json\/wp\/v2\/tags?post=7892"}],"curies":[{"name":"wp","href":"https:\/\/api.w.org\/{rel}","templated":true}]}}