{"id":7904,"date":"2023-08-26T03:04:36","date_gmt":"2023-08-26T03:04:36","guid":{"rendered":"https:\/\/revistaacropolis.com\/?p=7904"},"modified":"2023-08-26T03:07:04","modified_gmt":"2023-08-26T03:07:04","slug":"detienen-a-exalcalde-de-progreso-de-obregon-por-peculado","status":"publish","type":"post","link":"https:\/\/revistaacropolis.com\/index.php\/detienen-a-exalcalde-de-progreso-de-obregon-por-peculado\/seguridadyjusticia\/","title":{"rendered":"Detienen a exalcalde de Progreso de Obreg\u00f3n por peculado"},"content":{"rendered":"\n<p>Agentes de la Procuradur\u00eda General de Justicia de Hidalgo (PGJEH) <strong>ejecutaron esta tarde una orden de aprehensi\u00f3n contra el exalcalde de Progreso de Obreg\u00f3n<\/strong>, Ra\u00fal .M.R., investigado por peculado agravado, cometido en agravio de la administraci\u00f3n p\u00fablica.<\/p>\n\n\n\n<p>Lo anterior, se\u00f1al\u00f3 la fiscal\u00eda, <strong>por el desfalco al ayuntamiento de dicho municipio<\/strong>, por un monto de <strong>un mill\u00f3n 620 mil pesos, hechos que ocurrieron durante el periodo 2016-2020, <\/strong>en el que fungi\u00f3 como presidente municipal.<\/p>\n\n\n\n<figure class=\"wp-block-image size-full\"><img fetchpriority=\"high\" decoding=\"async\" width=\"921\" height=\"741\" src=\"https:\/\/revistaacropolis.com\/wp-content\/uploads\/2023\/08\/image-104.png\" alt=\"\" class=\"wp-image-7905\" srcset=\"https:\/\/revistaacropolis.com\/wp-content\/uploads\/2023\/08\/image-104.png 921w, https:\/\/revistaacropolis.com\/wp-content\/uploads\/2023\/08\/image-104-300x241.png 300w, https:\/\/revistaacropolis.com\/wp-content\/uploads\/2023\/08\/image-104-768x618.png 768w, https:\/\/revistaacropolis.com\/wp-content\/uploads\/2023\/08\/image-104-600x483.png 600w\" sizes=\"(max-width: 921px) 100vw, 921px\" \/><\/figure>\n\n\n\n<p>Despu\u00e9s de la aprehensi\u00f3n del exedil del Partido Revolucionario Institucional (PRI), fue trasladado a Pachuca, donde ser\u00e1 puesto a disposici\u00f3n de un juez de control para que en audiencia inicial el Ministerio P\u00fablico formule la imputaci\u00f3n correspondiente y solicite su vinculaci\u00f3n a proceso.<\/p>\n","protected":false},"excerpt":{"rendered":"<p>Agentes de la Procuradur\u00eda General de Justicia de Hidalgo (PGJEH) ejecutaron esta tarde una orden de aprehensi\u00f3n contra el exalcalde de Progreso de Obreg\u00f3n, Ra\u00fal .M.R., investigado por peculado agravado,&hellip; <\/p>\n","protected":false},"author":4,"featured_media":7905,"comment_status":"closed","ping_status":"closed","sticky":false,"template":"","format":"standard","meta":{"two_page_speed":[],"_joinchat":[],"footnotes":""},"categories":[1078],"tags":[1886,792,688],"class_list":["post-7904","post","type-post","status-publish","format-standard","has-post-thumbnail","hentry","category-seguridadyjusticia","tag-exalcalde","tag-peculado","tag-progreso"],"_links":{"self":[{"href":"https:\/\/revistaacropolis.com\/index.php\/wp-json\/wp\/v2\/posts\/7904","targetHints":{"allow":["GET"]}}],"collection":[{"href":"https:\/\/revistaacropolis.com\/index.php\/wp-json\/wp\/v2\/posts"}],"about":[{"href":"https:\/\/revistaacropolis.com\/index.php\/wp-json\/wp\/v2\/types\/post"}],"author":[{"embeddable":true,"href":"https:\/\/revistaacropolis.com\/index.php\/wp-json\/wp\/v2\/users\/4"}],"replies":[{"embeddable":true,"href":"https:\/\/revistaacropolis.com\/index.php\/wp-json\/wp\/v2\/comments?post=7904"}],"version-history":[{"count":2,"href":"https:\/\/revistaacropolis.com\/index.php\/wp-json\/wp\/v2\/posts\/7904\/revisions"}],"predecessor-version":[{"id":7907,"href":"https:\/\/revistaacropolis.com\/index.php\/wp-json\/wp\/v2\/posts\/7904\/revisions\/7907"}],"wp:featuredmedia":[{"embeddable":true,"href":"https:\/\/revistaacropolis.com\/index.php\/wp-json\/wp\/v2\/media\/7905"}],"wp:attachment":[{"href":"https:\/\/revistaacropolis.com\/index.php\/wp-json\/wp\/v2\/media?parent=7904"}],"wp:term":[{"taxonomy":"category","embeddable":true,"href":"https:\/\/revistaacropolis.com\/index.php\/wp-json\/wp\/v2\/categories?post=7904"},{"taxonomy":"post_tag","embeddable":true,"href":"https:\/\/revistaacropolis.com\/index.php\/wp-json\/wp\/v2\/tags?post=7904"}],"curies":[{"name":"wp","href":"https:\/\/api.w.org\/{rel}","templated":true}]}}