{"id":7914,"date":"2023-08-27T00:50:26","date_gmt":"2023-08-27T00:50:26","guid":{"rendered":"https:\/\/revistaacropolis.com\/?p=7914"},"modified":"2023-08-27T00:50:38","modified_gmt":"2023-08-27T00:50:38","slug":"gastaran-mas-de-100-mdp-en-nuevas-oficinas-gubernamentales-obra-tardara-6-meses","status":"publish","type":"post","link":"https:\/\/revistaacropolis.com\/index.php\/gastaran-mas-de-100-mdp-en-nuevas-oficinas-gubernamentales-obra-tardara-6-meses\/sociedad\/","title":{"rendered":"Gastar\u00e1n m\u00e1s de 100 mdp en nuevas oficinas gubernamentales; obra tardar\u00e1 6 meses"},"content":{"rendered":"\n<p>Luego de iniciar formalmente la demolici\u00f3n de la casa de gobierno, Jorge Reyes Hern\u00e1ndez, subsecretario de Infraestructura P\u00fablica y Desarrollo Urbano Sustentable, dio a conocer que la construcci\u00f3n de las nuevas oficinas gubernamentales <strong>tomar\u00e1 al menos seis meses y se estar\u00edan invirtiendo, al menos, m\u00e1s de 100 millones de pesos.<\/strong><\/p>\n\n\n\n<p>Aunque a\u00fan no se concluye el proyecto a ejecutar, el funcionario estatal adelant\u00f3 que en el predio donde se encontraba la residencia<strong> se prev\u00e9 construir un edificio de cuatro niveles, cerca de 6 mil 500 metros de construcci\u00f3n,<\/strong> m\u00e1s otros 5 mil de obras complementarias, como estacionamiento para veh\u00edculos y bicicletas.<\/p>\n\n\n\n<p>Las nuevas instalaciones ser\u00e1n ocupadas por las Secretar\u00eda de Bienestar e Inclusi\u00f3n Social y de Agricultura y, <strong>\u201ca ojo de buen cubero\u201d, Reyes estim\u00f3 que las obras costar\u00e1n m\u00e1s de 100 millones de pesos.<\/strong><\/p>\n\n\n\n<figure class=\"wp-block-embed is-type-wp-embed is-provider-acropolis wp-block-embed-acropolis\"><div class=\"wp-block-embed__wrapper\">\n<blockquote class=\"wp-embedded-content\" data-secret=\"HIXRYjNKhz\"><a href=\"https:\/\/revistaacropolis.com\/index.php\/derrumban-casa-de-gobierno-de-14-exmandatarios-tenia-alberca-y-sauna-era-agraviante-menchaca\/politica\/\">Derrumban casa de gobierno de 14 exmandatarios; ten\u00eda alberca y sauna: era agraviante: Menchaca<\/a><\/blockquote><iframe class=\"wp-embedded-content\" sandbox=\"allow-scripts\" security=\"restricted\" style=\"position: absolute; clip: rect(1px, 1px, 1px, 1px);\" title=\"\u00abDerrumban casa de gobierno de 14 exmandatarios; ten\u00eda alberca y sauna: era agraviante: Menchaca\u00bb \u2014 ACR\u00d3POLIS\" src=\"https:\/\/revistaacropolis.com\/index.php\/derrumban-casa-de-gobierno-de-14-exmandatarios-tenia-alberca-y-sauna-era-agraviante-menchaca\/politica\/embed\/#?secret=gpjUHfTP3v#?secret=HIXRYjNKhz\" data-secret=\"HIXRYjNKhz\" width=\"600\" height=\"338\" frameborder=\"0\" marginwidth=\"0\" marginheight=\"0\" scrolling=\"no\"><\/iframe>\n<\/div><\/figure>\n\n\n\n<p>Agreg\u00f3 que, <strong>sabr\u00e1n la cifra exacta de inversi\u00f3n y las fechas para arrancar los trabajos una vez que se concluya el proyecto, lo cual podr\u00eda suceder antes del pr\u00f3ximo mes de octubre<\/strong>; a fin de iniciar la edificaci\u00f3n este mismo 2023, pero concluir\u00eda el pr\u00f3ximo a\u00f1o, pues por las dimensiones de la obra, calcul\u00f3 que les tomar\u00e1 unos seis meses.<\/p>\n\n\n\n<p>Respecto a la demolici\u00f3n de la casa que habitaron 14 gobernadores y sus familias, <strong>el subsecretario detall\u00f3 que previamente se retiraron todas las instalaciones el\u00e9ctricas, los azulejos, muebles de ba\u00f1o, carpinter\u00eda, ventanas, puertas, canceler\u00eda<\/strong>; las cuales podr\u00e1n ser reutilizadas en otros inmuebles, excepto en las nuevas oficinas porque \u201cno van a ser tan lujosas\u201d.<\/p>\n\n\n\n<p>Adem\u00e1s, revel\u00f3 que<strong> los azulejos de la alberca no fueron retirados por la actual administraci\u00f3n, pues cuando llegaron ya no estaban dichos materiales;<\/strong> as\u00ed como algunos cuadros que solo dejaron \u201csu sombra\u201d en la pared. <\/p>\n\n\n\n<figure class=\"wp-block-image size-large\"><img fetchpriority=\"high\" decoding=\"async\" width=\"1024\" height=\"683\" src=\"https:\/\/revistaacropolis.com\/wp-content\/uploads\/2023\/08\/image-107-1024x683.png\" alt=\"\" class=\"wp-image-7915\" srcset=\"https:\/\/revistaacropolis.com\/wp-content\/uploads\/2023\/08\/image-107-1024x683.png 1024w, https:\/\/revistaacropolis.com\/wp-content\/uploads\/2023\/08\/image-107-300x200.png 300w, https:\/\/revistaacropolis.com\/wp-content\/uploads\/2023\/08\/image-107-768x512.png 768w, https:\/\/revistaacropolis.com\/wp-content\/uploads\/2023\/08\/image-107-1536x1024.png 1536w, https:\/\/revistaacropolis.com\/wp-content\/uploads\/2023\/08\/image-107-600x400.png 600w, https:\/\/revistaacropolis.com\/wp-content\/uploads\/2023\/08\/image-107.png 1599w\" sizes=\"(max-width: 1024px) 100vw, 1024px\" \/><\/figure>\n\n\n\n<p>\u201cPuede ser que los hayan puesto ellos y se los llevaron o s\u00ed pertenec\u00edan a la casa\u201d, dijo.<\/p>\n\n\n\n<p>En cuanto al escombro que salga de la edificaci\u00f3n, precis\u00f3 que ser\u00e1 llevado a los tiraderos que tienen permitidos, como el del Huixmi;  se\u00f1al\u00f3 que algunas personas lo han pedido para algunos trabajos en vialidades.<\/p>\n\n\n\n<p>Sobre las oficinas de la Secretar\u00eda de Movilidad y Transporte (Semot), que se encontrar\u00e1n en el mismo con el predio, indic\u00f3 que solo requieren unas remodelaciones; para esto ya se dio la licitaci\u00f3n p\u00fablica y se har\u00e1n los trabajos conforme lo marque el contrato. Ser\u00e1 la Oficial\u00eda Mayor la que determine cu\u00e1ndo se podr\u00e1n usar las instalaciones, expuso.<\/p>\n","protected":false},"excerpt":{"rendered":"<p>Luego de iniciar formalmente la demolici\u00f3n de la casa de gobierno, Jorge Reyes Hern\u00e1ndez, subsecretario de Infraestructura P\u00fablica y Desarrollo Urbano Sustentable, dio a conocer que la construcci\u00f3n de las&hellip; <\/p>\n","protected":false},"author":4,"featured_media":7916,"comment_status":"closed","ping_status":"closed","sticky":false,"template":"","format":"standard","meta":{"two_page_speed":[],"_joinchat":[],"footnotes":""},"categories":[57],"tags":[1591,1889,286],"class_list":["post-7914","post","type-post","status-publish","format-standard","has-post-thumbnail","hentry","category-sociedad","tag-casa-de-gobierno","tag-derrumbe","tag-oficinas"],"_links":{"self":[{"href":"https:\/\/revistaacropolis.com\/index.php\/wp-json\/wp\/v2\/posts\/7914","targetHints":{"allow":["GET"]}}],"collection":[{"href":"https:\/\/revistaacropolis.com\/index.php\/wp-json\/wp\/v2\/posts"}],"about":[{"href":"https:\/\/revistaacropolis.com\/index.php\/wp-json\/wp\/v2\/types\/post"}],"author":[{"embeddable":true,"href":"https:\/\/revistaacropolis.com\/index.php\/wp-json\/wp\/v2\/users\/4"}],"replies":[{"embeddable":true,"href":"https:\/\/revistaacropolis.com\/index.php\/wp-json\/wp\/v2\/comments?post=7914"}],"version-history":[{"count":1,"href":"https:\/\/revistaacropolis.com\/index.php\/wp-json\/wp\/v2\/posts\/7914\/revisions"}],"predecessor-version":[{"id":7917,"href":"https:\/\/revistaacropolis.com\/index.php\/wp-json\/wp\/v2\/posts\/7914\/revisions\/7917"}],"wp:featuredmedia":[{"embeddable":true,"href":"https:\/\/revistaacropolis.com\/index.php\/wp-json\/wp\/v2\/media\/7916"}],"wp:attachment":[{"href":"https:\/\/revistaacropolis.com\/index.php\/wp-json\/wp\/v2\/media?parent=7914"}],"wp:term":[{"taxonomy":"category","embeddable":true,"href":"https:\/\/revistaacropolis.com\/index.php\/wp-json\/wp\/v2\/categories?post=7914"},{"taxonomy":"post_tag","embeddable":true,"href":"https:\/\/revistaacropolis.com\/index.php\/wp-json\/wp\/v2\/tags?post=7914"}],"curies":[{"name":"wp","href":"https:\/\/api.w.org\/{rel}","templated":true}]}}