{"id":797,"date":"2023-02-16T23:18:30","date_gmt":"2023-02-16T23:18:30","guid":{"rendered":"https:\/\/revistaacropolis.com\/?p=797"},"modified":"2023-02-16T23:24:06","modified_gmt":"2023-02-16T23:24:06","slug":"en-marzo-se-resolvera-amparo-de-contratista-de-lavamanos-de-fayad-busca-evadir-detencion","status":"publish","type":"post","link":"https:\/\/revistaacropolis.com\/index.php\/en-marzo-se-resolvera-amparo-de-contratista-de-lavamanos-de-fayad-busca-evadir-detencion\/politica\/","title":{"rendered":"En marzo se resolver\u00e1 amparo de contratista de lavamanos de Fayad; busca evadir detenci\u00f3n"},"content":{"rendered":"\n<p>El pr\u00f3ximo 10 de marzo <strong>se resolver\u00e1 el juicio de amparo que promovi\u00f3 Iv\u00e1n Gonzaga Garay,<\/strong> contratista de la administraci\u00f3n del exgobernador Omar Fayad Meneses, <strong>en contra de una posible orden de aprehensi\u00f3n en su contra,<\/strong> de acuerdo con informaci\u00f3n del expediente 2\/2023, radicado en el Juzgado Primero de Distrito de Hidalgo.<\/p>\n\n\n\n<p>Los autos del recurso indican que, ante la falta de informes justificados de las autoridades se\u00f1aladas como responsables, <strong>la audiencia incidental ser\u00e1 el 21 de febrero y la constitucional 17 d\u00edas despu\u00e9s.<\/strong><\/p>\n\n\n\n<p>El accionista de Creaciones, Espect\u00e1culos y Producciones de M\u00e9xico SA de CV, <strong>empresa que provey\u00f3 al gobierno de Hidalgo <\/strong>de los lavamanos instalados por la pandemia del covid-19, cuyo costo fue de al <strong>menos 85.5 millones de pesos, <\/strong>s<strong>e\u00f1al\u00f3 como autoridades responsables a nueve instancias de nivel federal y estatal,<\/strong> entre ellos al fiscal general de la Rep\u00fablica Mexicana, Alejandro Gertz Manero, y al procurador general de justicia de la entidad, Santiago Nieto.<\/p>\n\n\n\n<p>Gonzaga Garay es otro contratista de la administraci\u00f3n estatal pasada que <strong>busca la protecci\u00f3n de la autoridad judicial federal para no ser detenido, <\/strong>al igual que Germ\u00e1n Ren\u00e9 Aguilera, apoderado legal de Creaciones, Espect\u00e1culos y Producciones de M\u00e9xico, <strong>quien promovi\u00f3 el recurso 1546\/2022, ante el Juzgado Tercero de Distrito<\/strong>, 23 d\u00edas despu\u00e9s de concluir la administraci\u00f3n estatal pasada (29 de septiembre de 2022), el cual ya fue sobrese\u00eddo.<\/p>\n\n\n\n<p>Dicha firma <strong>obtuvo al menos 12 contratos para proveer al gobierno de Hidalgo, dar mantenimiento y surtir de insumos de limpieza de los lavamanos colocados en espacios p\u00fablicos de diferentes municipios de la entidad, <\/strong>derivado de la emergencia sanitaria del SARS-CoV-2, por un monto total de 85 millones 498 mil 3.92 pesos.<\/p>\n\n\n\n<div class=\"wp-block-query is-layout-flow wp-block-query-is-layout-flow\"><ul class=\"wp-block-post-template has-small-font-size is-layout-flow wp-block-post-template-is-layout-flow\"><li class=\"wp-block-post post-23409 post type-post status-publish format-standard has-post-thumbnail hentry category-sociedad tag-cecilia-del-rayo-vargas-chacon tag-desayuno-empresarial tag-hidalgo tag-paola-cruz tag-redmuem tag-silvino-lopez-tovar\">\n\n<div class=\"wp-block-columns are-vertically-aligned-center is-layout-flex wp-container-core-columns-is-layout-9d6595d7 wp-block-columns-is-layout-flex\">\n<div class=\"wp-block-column is-vertically-aligned-center is-layout-flow wp-block-column-is-layout-flow\" style=\"flex-basis:25%\"><figure class=\"wp-block-post-featured-image\"><a href=\"https:\/\/revistaacropolis.com\/index.php\/redmuem-hidalgo-fortalece-su-comunidad-empresarial-en-desayuno-exclusivo\/sociedad\/\" target=\"_self\"  ><img fetchpriority=\"high\" decoding=\"async\" width=\"2049\" height=\"1152\" src=\"https:\/\/revistaacropolis.com\/wp-content\/uploads\/2026\/04\/Portadas-Paginas-web-2026-04-30T125532.404.png\" class=\"attachment-post-thumbnail size-post-thumbnail wp-post-image\" alt=\"Redmuem Hidalgo fortalece su comunidad empresarial en desayuno exclusivo\" style=\"object-fit:cover;\" srcset=\"https:\/\/revistaacropolis.com\/wp-content\/uploads\/2026\/04\/Portadas-Paginas-web-2026-04-30T125532.404.png 2049w, https:\/\/revistaacropolis.com\/wp-content\/uploads\/2026\/04\/Portadas-Paginas-web-2026-04-30T125532.404-300x169.png 300w, https:\/\/revistaacropolis.com\/wp-content\/uploads\/2026\/04\/Portadas-Paginas-web-2026-04-30T125532.404-1024x576.png 1024w, https:\/\/revistaacropolis.com\/wp-content\/uploads\/2026\/04\/Portadas-Paginas-web-2026-04-30T125532.404-768x432.png 768w, https:\/\/revistaacropolis.com\/wp-content\/uploads\/2026\/04\/Portadas-Paginas-web-2026-04-30T125532.404-1536x864.png 1536w, https:\/\/revistaacropolis.com\/wp-content\/uploads\/2026\/04\/Portadas-Paginas-web-2026-04-30T125532.404-600x337.png 600w\" sizes=\"(max-width: 2049px) 100vw, 2049px\" \/><\/a><\/figure><\/div>\n\n\n\n<div class=\"wp-block-column is-vertically-aligned-center is-layout-flow wp-block-column-is-layout-flow\" style=\"flex-basis:75%\"><h2 class=\"wp-block-post-title\"><a href=\"https:\/\/revistaacropolis.com\/index.php\/redmuem-hidalgo-fortalece-su-comunidad-empresarial-en-desayuno-exclusivo\/sociedad\/\" target=\"_self\" >Redmuem Hidalgo fortalece su comunidad empresarial en desayuno exclusivo<\/a><\/h2><\/div>\n<\/div>\n\n<\/li><li class=\"wp-block-post post-23402 post type-post status-publish format-standard has-post-thumbnail hentry category-sociedad tag-cristhian-martinez tag-feria-del-helado-artesanal-2026 tag-hidalgo tag-tula-de-allende tag-turismo\">\n\n<div class=\"wp-block-columns are-vertically-aligned-center is-layout-flex wp-container-core-columns-is-layout-9d6595d7 wp-block-columns-is-layout-flex\">\n<div class=\"wp-block-column is-vertically-aligned-center is-layout-flow wp-block-column-is-layout-flow\" style=\"flex-basis:25%\"><figure class=\"wp-block-post-featured-image\"><a href=\"https:\/\/revistaacropolis.com\/index.php\/impulsa-cristhian-martinez-el-turismo-la-cultura-y-la-gastronomia-con-la-feria-del-helado-artesanal-2026\/sociedad\/\" target=\"_self\"  ><img decoding=\"async\" width=\"2049\" height=\"1152\" src=\"https:\/\/revistaacropolis.com\/wp-content\/uploads\/2026\/04\/Portadas-Paginas-web-2026-04-29T124657.299.png\" class=\"attachment-post-thumbnail size-post-thumbnail wp-post-image\" alt=\"Impulsa Cristhian Mart\u00ednez el turismo, la cultura y la gastronom\u00eda con la Feria del Helado Artesanal 2026\" style=\"object-fit:cover;\" srcset=\"https:\/\/revistaacropolis.com\/wp-content\/uploads\/2026\/04\/Portadas-Paginas-web-2026-04-29T124657.299.png 2049w, https:\/\/revistaacropolis.com\/wp-content\/uploads\/2026\/04\/Portadas-Paginas-web-2026-04-29T124657.299-300x169.png 300w, https:\/\/revistaacropolis.com\/wp-content\/uploads\/2026\/04\/Portadas-Paginas-web-2026-04-29T124657.299-1024x576.png 1024w, https:\/\/revistaacropolis.com\/wp-content\/uploads\/2026\/04\/Portadas-Paginas-web-2026-04-29T124657.299-768x432.png 768w, https:\/\/revistaacropolis.com\/wp-content\/uploads\/2026\/04\/Portadas-Paginas-web-2026-04-29T124657.299-1536x864.png 1536w, https:\/\/revistaacropolis.com\/wp-content\/uploads\/2026\/04\/Portadas-Paginas-web-2026-04-29T124657.299-600x337.png 600w\" sizes=\"(max-width: 2049px) 100vw, 2049px\" \/><\/a><\/figure><\/div>\n\n\n\n<div class=\"wp-block-column is-vertically-aligned-center is-layout-flow wp-block-column-is-layout-flow\" style=\"flex-basis:75%\"><h2 class=\"wp-block-post-title\"><a href=\"https:\/\/revistaacropolis.com\/index.php\/impulsa-cristhian-martinez-el-turismo-la-cultura-y-la-gastronomia-con-la-feria-del-helado-artesanal-2026\/sociedad\/\" target=\"_self\" >Impulsa Cristhian Mart\u00ednez el turismo, la cultura y la gastronom\u00eda con la Feria del Helado Artesanal 2026<\/a><\/h2><\/div>\n<\/div>\n\n<\/li><\/ul><\/div>\n\n\n\n<p>Iv\u00e1n Gonzaga tambi\u00e9n fue gerente de Producciones Autica, <strong>otra firma que recibi\u00f3 al menos 137 millones 578 mil 910 pesos en contratos durante los primeros 18 meses de la administraci\u00f3n estatal de Fayad Meneses.<\/strong><\/p>\n","protected":false},"excerpt":{"rendered":"<p>El pr\u00f3ximo 10 de marzo se resolver\u00e1 el juicio de amparo que promovi\u00f3 Iv\u00e1n Gonzaga Garay, contratista de la administraci\u00f3n del exgobernador Omar Fayad Meneses, en contra de una posible&hellip; <\/p>\n","protected":false},"author":4,"featured_media":798,"comment_status":"closed","ping_status":"closed","sticky":false,"template":"","format":"standard","meta":{"two_page_speed":[],"_joinchat":[],"footnotes":""},"categories":[1],"tags":[197,123,196],"class_list":["post-797","post","type-post","status-publish","format-standard","has-post-thumbnail","hentry","category-politica","tag-contratista","tag-fayad","tag-lavamanos"],"_links":{"self":[{"href":"https:\/\/revistaacropolis.com\/index.php\/wp-json\/wp\/v2\/posts\/797","targetHints":{"allow":["GET"]}}],"collection":[{"href":"https:\/\/revistaacropolis.com\/index.php\/wp-json\/wp\/v2\/posts"}],"about":[{"href":"https:\/\/revistaacropolis.com\/index.php\/wp-json\/wp\/v2\/types\/post"}],"author":[{"embeddable":true,"href":"https:\/\/revistaacropolis.com\/index.php\/wp-json\/wp\/v2\/users\/4"}],"replies":[{"embeddable":true,"href":"https:\/\/revistaacropolis.com\/index.php\/wp-json\/wp\/v2\/comments?post=797"}],"version-history":[{"count":1,"href":"https:\/\/revistaacropolis.com\/index.php\/wp-json\/wp\/v2\/posts\/797\/revisions"}],"predecessor-version":[{"id":799,"href":"https:\/\/revistaacropolis.com\/index.php\/wp-json\/wp\/v2\/posts\/797\/revisions\/799"}],"wp:featuredmedia":[{"embeddable":true,"href":"https:\/\/revistaacropolis.com\/index.php\/wp-json\/wp\/v2\/media\/798"}],"wp:attachment":[{"href":"https:\/\/revistaacropolis.com\/index.php\/wp-json\/wp\/v2\/media?parent=797"}],"wp:term":[{"taxonomy":"category","embeddable":true,"href":"https:\/\/revistaacropolis.com\/index.php\/wp-json\/wp\/v2\/categories?post=797"},{"taxonomy":"post_tag","embeddable":true,"href":"https:\/\/revistaacropolis.com\/index.php\/wp-json\/wp\/v2\/tags?post=797"}],"curies":[{"name":"wp","href":"https:\/\/api.w.org\/{rel}","templated":true}]}}