{"id":7974,"date":"2023-08-29T01:42:13","date_gmt":"2023-08-29T01:42:13","guid":{"rendered":"https:\/\/revistaacropolis.com\/?p=7974"},"modified":"2023-08-29T04:16:10","modified_gmt":"2023-08-29T04:16:10","slug":"por-perdida-de-11-estaciones-de-radio-restan-dos-ordenes-de-aprehension-por-cumplir-menchaca","status":"publish","type":"post","link":"https:\/\/revistaacropolis.com\/index.php\/por-perdida-de-11-estaciones-de-radio-restan-dos-ordenes-de-aprehension-por-cumplir-menchaca\/politica\/","title":{"rendered":"Por p\u00e9rdida de 11 estaciones de radio, restan dos \u00f3rdenes de aprehensi\u00f3n por cumplir: Menchaca"},"content":{"rendered":"\n<p>El gobernador Julio Menchaca Salazar se\u00f1al\u00f3 que <strong>hay dos \u00f3rdenes de aprehensi\u00f3n por cumplimentar contra dos exfuncionarios del Sistema de Radio y Televisi\u00f3n de Hidalgo (SRTH)<\/strong> por la p\u00e9rdida de 11 concesiones de radiodifusi\u00f3n en el sexenio pasado.<\/p>\n\n\n\n<p>\u201cHay una persona bajo proceso.Existen dos \u00f3rdenes de aprehensi\u00f3n pendientes tambi\u00e9n de personal&nbsp; que actu\u00f3 irresponsabilidad, con falta de seriedad, incluso faltas de car\u00e1cter penal\u201d, indic\u00f3 tras la inauguraci\u00f3n de dos estaciones frecuencia FM en Jacala y Huejutla de Reyes.<\/p>\n\n\n\n<figure class=\"wp-block-image size-large\"><img fetchpriority=\"high\" decoding=\"async\" width=\"1024\" height=\"683\" src=\"https:\/\/revistaacropolis.com\/wp-content\/uploads\/2023\/08\/image-122-1024x683.png\" alt=\"\" class=\"wp-image-7976\" srcset=\"https:\/\/revistaacropolis.com\/wp-content\/uploads\/2023\/08\/image-122-1024x683.png 1024w, https:\/\/revistaacropolis.com\/wp-content\/uploads\/2023\/08\/image-122-300x200.png 300w, https:\/\/revistaacropolis.com\/wp-content\/uploads\/2023\/08\/image-122-768x512.png 768w, https:\/\/revistaacropolis.com\/wp-content\/uploads\/2023\/08\/image-122-1536x1024.png 1536w, https:\/\/revistaacropolis.com\/wp-content\/uploads\/2023\/08\/image-122-600x400.png 600w, https:\/\/revistaacropolis.com\/wp-content\/uploads\/2023\/08\/image-122.png 1599w\" sizes=\"(max-width: 1024px) 100vw, 1024px\" \/><\/figure>\n\n\n\n<p>Por ese caso, actualmente se encuentra en prisi\u00f3n preventiva justificada el exdirector del SRTH Cristian Guerrero Barrag\u00e1n, imputado por el Procuradur\u00eda General de Justicia de Hidalgo (PGJH) por el delito de uso indebido del servicio p\u00fablico, cuyo da\u00f1o patrimonial calcula en aproximadamente 10 millones de pesos.<\/p>\n\n\n\n<blockquote class=\"wp-block-quote is-layout-flow wp-block-quote-is-layout-flow\">\n<p>Esa es una demostraci\u00f3n, la p\u00e9rdida, la indolencia, de la irresponsabilidad, de la falta de seriedad y compromiso de quienes toman los puestos p\u00fablicos como un privilegio, como algo totalmente fr\u00edvolo\u201d, expres\u00f3.<\/p>\n<\/blockquote>\n\n\n\n<p>El mandatario tambi\u00e9n <strong>presumi\u00f3 que \u201cno s\u00e9 archivo un tema pendiente de otra administraci\u00f3n\u201d del SRTH<\/strong>, \u201cen d\u00f3nde se caus\u00f3 da\u00f1os al erario, un da\u00f1o millonario\u201d, en relaci\u00f3n con la reaprehensi\u00f3n y encarcelamiento de Sergio Islas Olvera, director del organismo en el sexenio de exgobernador Francisco Olvera Ruiz, involucrado en la Estafa Maestra e imputado por su presunta responsabilidad en el delito de peculado.<\/p>\n\n\n\n<p>\u201cLo que quiere el Estado, aparte de la sanci\u00f3n que corresponde, es la recuperaci\u00f3n de los recursos. entonces estas son se\u00f1ales de y muestras muy claras del combate a la corrupci\u00f3n y del combate a la impunidad, porque con el puro transcurso del tiempo se legalizaban riquezas por la ausencia del ejercicio de la ley\u201d, expres\u00f3.<\/p>\n\n\n\n<blockquote class=\"wp-block-quote is-layout-flow wp-block-quote-is-layout-flow\">\n<p>Tenemos que estar haciendo un ejercicio de transparencia y un buen manejo de los recursos p\u00fablicos\u201d, dijo.<\/p>\n<\/blockquote>\n\n\n\n<h3 class=\"wp-block-heading\"> LIBERTAD A LICONA ESTUVO EN MANOS DE PODER JUDICIAL FEDERAL<\/h3>\n\n\n\n<p>Sobre el cambio de medida cautelar de prisi\u00f3n preventiva justificada a firma peri\u00f3dica que obtuvo el viernes V\u00edctor Licona Cervantes, extitular del Sindicato \u00danico de Trabajadores al Servicio del Poder Ejecutivo del Estado de Hidalgo (SUTSPEEH), vinculado a proceso por su probable responsabilidad en el delito de negociaciones indebidas, Menchaca Salazar dijo que <strong>fue por una decisi\u00f3n de un juez federal, que otorg\u00f3 un amparo al exdirigente.<\/strong><\/p>\n\n\n\n<blockquote class=\"wp-block-quote is-layout-flow wp-block-quote-is-layout-flow\">\n<p>Ya no estuvo en manos de las autoridades locales, ni siquiera del Poder Judicial local, es una decisi\u00f3n del Poder Judicial federal. El tema&nbsp; yo creo que, por el alcance que tiene, se puede resolver\u201d, expres\u00f3.<\/p>\n<\/blockquote>\n\n\n\n<p>El mandatario morenista dijo respetar de las decisiones de la justicia federal.<\/p>\n\n\n\n<p>\u00abSon criterios, las dos (medias cautelares) est\u00e1n soportadas por la ley, es en base (sic) a lo que cada una (de las instancias judiciales) determine. Son acciones que est\u00e1n alejadas de las desiciones del Poder Ejecutivo y yo soy respetuoso de ellas\u00bb, expres\u00f3.<\/p>\n","protected":false},"excerpt":{"rendered":"<p>El gobernador Julio Menchaca Salazar se\u00f1al\u00f3 que hay dos \u00f3rdenes de aprehensi\u00f3n por cumplimentar contra dos exfuncionarios del Sistema de Radio y Televisi\u00f3n de Hidalgo (SRTH) por la p\u00e9rdida de&hellip; <\/p>\n","protected":false},"author":4,"featured_media":7975,"comment_status":"closed","ping_status":"closed","sticky":false,"template":"","format":"standard","meta":{"two_page_speed":[],"_joinchat":[],"footnotes":""},"categories":[1],"tags":[1897,93],"class_list":["post-7974","post","type-post","status-publish","format-standard","has-post-thumbnail","hentry","category-politica","tag-aprehension","tag-menchaca"],"_links":{"self":[{"href":"https:\/\/revistaacropolis.com\/index.php\/wp-json\/wp\/v2\/posts\/7974","targetHints":{"allow":["GET"]}}],"collection":[{"href":"https:\/\/revistaacropolis.com\/index.php\/wp-json\/wp\/v2\/posts"}],"about":[{"href":"https:\/\/revistaacropolis.com\/index.php\/wp-json\/wp\/v2\/types\/post"}],"author":[{"embeddable":true,"href":"https:\/\/revistaacropolis.com\/index.php\/wp-json\/wp\/v2\/users\/4"}],"replies":[{"embeddable":true,"href":"https:\/\/revistaacropolis.com\/index.php\/wp-json\/wp\/v2\/comments?post=7974"}],"version-history":[{"count":2,"href":"https:\/\/revistaacropolis.com\/index.php\/wp-json\/wp\/v2\/posts\/7974\/revisions"}],"predecessor-version":[{"id":7984,"href":"https:\/\/revistaacropolis.com\/index.php\/wp-json\/wp\/v2\/posts\/7974\/revisions\/7984"}],"wp:featuredmedia":[{"embeddable":true,"href":"https:\/\/revistaacropolis.com\/index.php\/wp-json\/wp\/v2\/media\/7975"}],"wp:attachment":[{"href":"https:\/\/revistaacropolis.com\/index.php\/wp-json\/wp\/v2\/media?parent=7974"}],"wp:term":[{"taxonomy":"category","embeddable":true,"href":"https:\/\/revistaacropolis.com\/index.php\/wp-json\/wp\/v2\/categories?post=7974"},{"taxonomy":"post_tag","embeddable":true,"href":"https:\/\/revistaacropolis.com\/index.php\/wp-json\/wp\/v2\/tags?post=7974"}],"curies":[{"name":"wp","href":"https:\/\/api.w.org\/{rel}","templated":true}]}}