{"id":7978,"date":"2023-08-29T02:09:19","date_gmt":"2023-08-29T02:09:19","guid":{"rendered":"https:\/\/revistaacropolis.com\/?p=7978"},"modified":"2023-08-29T02:09:24","modified_gmt":"2023-08-29T02:09:24","slug":"arranca-ciclo-escolar-con-deficit-de-personal-de-apoyo-a-la-educacion-snte","status":"publish","type":"post","link":"https:\/\/revistaacropolis.com\/index.php\/arranca-ciclo-escolar-con-deficit-de-personal-de-apoyo-a-la-educacion-snte\/sociedad\/","title":{"rendered":"Arranca ciclo escolar con d\u00e9ficit de personal de apoyo a la educaci\u00f3n: SNTE"},"content":{"rendered":"\n<p>En el inicio del ciclo escolar 2023-2024, Said Vargas S\u00e1enz, secretario general de la Secci\u00f3n XV del Sindicato Nacional de Trabajadores de la Educaci\u00f3n (SNTE), dio a conocer que<strong> existe un d\u00e9ficit de personal de apoyo y asistencia a la educaci\u00f3n en la mayor parte de Hidalgo.<\/strong><\/p>\n\n\n\n<p>Tras acompa\u00f1ar al gobernador Julio Menchaca al arranque de clases en la secundaria 8 de Mineral de la Reforma, el l\u00edder sindical <strong>dIjo que hay entre 35 mil y 38 mil docentes frente a grupo,<\/strong> con los que se cubre en su mayor\u00eda la labor de ense\u00f1ar; sin embargo, la falta de trabajadores se concentra en el personal de apoyo y asistencia.<\/p>\n\n\n\n<p>Adem\u00e1s, <strong>respecto a las jubilaciones, inform\u00f3 que se han realizado alrededor de 100 procedimientos<\/strong> en lo que va del a\u00f1o, pero se reemplazan de inmediato a quienes se retiran del servicio p\u00fablico.<\/p>\n\n\n\n<figure class=\"wp-block-embed is-type-wp-embed is-provider-acropolis wp-block-embed-acropolis\"><div class=\"wp-block-embed__wrapper\">\n<blockquote class=\"wp-embedded-content\" data-secret=\"LimPVAFmkO\"><a href=\"https:\/\/revistaacropolis.com\/index.php\/en-hidalgo-rechazo-a-libros-de-texto-no-esta-en-la-agenda-no-hay-un-solo-reporte-seph\/politica\/\">En Hidalgo rechazo a libros de texto &#8220;no est\u00e1 en la agenda&#8221;; &#8220;no hay un solo reporte&#8221;:  SEPH<\/a><\/blockquote><iframe class=\"wp-embedded-content\" sandbox=\"allow-scripts\" security=\"restricted\" style=\"position: absolute; clip: rect(1px, 1px, 1px, 1px);\" title=\"\u00abEn Hidalgo rechazo a libros de texto &#8220;no est\u00e1 en la agenda&#8221;; &#8220;no hay un solo reporte&#8221;:  SEPH\u00bb \u2014 ACR\u00d3POLIS\" src=\"https:\/\/revistaacropolis.com\/index.php\/en-hidalgo-rechazo-a-libros-de-texto-no-esta-en-la-agenda-no-hay-un-solo-reporte-seph\/politica\/embed\/#?secret=5MxHceOU5Y#?secret=LimPVAFmkO\" data-secret=\"LimPVAFmkO\" width=\"600\" height=\"338\" frameborder=\"0\" marginwidth=\"0\" marginheight=\"0\" scrolling=\"no\"><\/iframe>\n<\/div><\/figure>\n\n\n\n<blockquote class=\"wp-block-quote is-layout-flow wp-block-quote-is-layout-flow\">\n<p>Las claves se van a la federaci\u00f3n, hacen su examen de prelaci\u00f3n los compa\u00f1eros que solicitan como nuevo ingreso y se adjudica de inmediato, por esa parte no tenemos ninguna complicaci\u00f3n\u201d, puntualiz\u00f3.<\/p>\n<\/blockquote>\n\n\n\n<h3 class=\"wp-block-heading\"><strong>DOCENTES, CON UNA SEMANA PARA REVISAR NUEVOS LIBROS<\/strong><\/h3>\n\n\n\n<p>Ante la pol\u00e9mica que existe en torno a los nuevos libros de texto gratuitos, Vargas S\u00e1enz<strong> refiri\u00f3 que el magisterio hidalguense tuvo una semana para revisar los materiales<\/strong>, y asever\u00f3 que se continuar\u00e1n analizando para presentar las modificaciones que se tengan que hacer a trav\u00e9s de las instancias correspondientes.<\/p>\n\n\n\n<p><strong>\u201cSon errores de dedo\u201d,<\/strong> dijo sobre las observaciones a los libros, los cuales -sostuvo- fueron elaborados contemplando la participaci\u00f3n del SNTE.<\/p>\n\n\n\n<p>Por ello, el dirigente magisterial manifest\u00f3 su respaldo a la entrega de los ejemplares en las escuelas hidalguenses y, a su consideraci\u00f3n, <strong>no habr\u00e1 acciones en contra como la quema de libros<\/strong>, como sucedi\u00f3 en otras entidades.<\/p>\n","protected":false},"excerpt":{"rendered":"<p>En el inicio del ciclo escolar 2023-2024, Said Vargas S\u00e1enz, secretario general de la Secci\u00f3n XV del Sindicato Nacional de Trabajadores de la Educaci\u00f3n (SNTE), dio a conocer que existe&hellip; <\/p>\n","protected":false},"author":4,"featured_media":7979,"comment_status":"closed","ping_status":"closed","sticky":false,"template":"","format":"standard","meta":{"two_page_speed":[],"_joinchat":[],"footnotes":""},"categories":[57],"tags":[1898,1899,103],"class_list":["post-7978","post","type-post","status-publish","format-standard","has-post-thumbnail","hentry","category-sociedad","tag-deficit","tag-personal-de-apoyo","tag-snte"],"_links":{"self":[{"href":"https:\/\/revistaacropolis.com\/index.php\/wp-json\/wp\/v2\/posts\/7978","targetHints":{"allow":["GET"]}}],"collection":[{"href":"https:\/\/revistaacropolis.com\/index.php\/wp-json\/wp\/v2\/posts"}],"about":[{"href":"https:\/\/revistaacropolis.com\/index.php\/wp-json\/wp\/v2\/types\/post"}],"author":[{"embeddable":true,"href":"https:\/\/revistaacropolis.com\/index.php\/wp-json\/wp\/v2\/users\/4"}],"replies":[{"embeddable":true,"href":"https:\/\/revistaacropolis.com\/index.php\/wp-json\/wp\/v2\/comments?post=7978"}],"version-history":[{"count":1,"href":"https:\/\/revistaacropolis.com\/index.php\/wp-json\/wp\/v2\/posts\/7978\/revisions"}],"predecessor-version":[{"id":7980,"href":"https:\/\/revistaacropolis.com\/index.php\/wp-json\/wp\/v2\/posts\/7978\/revisions\/7980"}],"wp:featuredmedia":[{"embeddable":true,"href":"https:\/\/revistaacropolis.com\/index.php\/wp-json\/wp\/v2\/media\/7979"}],"wp:attachment":[{"href":"https:\/\/revistaacropolis.com\/index.php\/wp-json\/wp\/v2\/media?parent=7978"}],"wp:term":[{"taxonomy":"category","embeddable":true,"href":"https:\/\/revistaacropolis.com\/index.php\/wp-json\/wp\/v2\/categories?post=7978"},{"taxonomy":"post_tag","embeddable":true,"href":"https:\/\/revistaacropolis.com\/index.php\/wp-json\/wp\/v2\/tags?post=7978"}],"curies":[{"name":"wp","href":"https:\/\/api.w.org\/{rel}","templated":true}]}}