{"id":7996,"date":"2023-08-29T17:15:54","date_gmt":"2023-08-29T17:15:54","guid":{"rendered":"https:\/\/revistaacropolis.com\/?p=7996"},"modified":"2023-08-29T17:16:24","modified_gmt":"2023-08-29T17:16:24","slug":"7996","status":"publish","type":"post","link":"https:\/\/revistaacropolis.com\/index.php\/7996\/seguridadyjusticia\/","title":{"rendered":"Explota camioneta con combustible cerca de presidencia de Mineral de la Reforma"},"content":{"rendered":"\n<p>Esta madrugada <strong>una camioneta con un tambo de combustible presuntamente de procedencia i\u00edcita explot\u00f3 <\/strong>a un costado del centro de salud de Mineral de la Reforma, cerca de la presidencia municipal.<\/p>\n\n\n\n<p>Los hechos ocurrieron alrededor de las 3:00 horas de este martes, por lo que al lugar acudieron polic\u00edas municipales y elementos del cuerpo de Bomberos de distintas corporaciones, quienes sofocaron las llamas.<\/p>\n\n\n\n<p>De acuerdo con el reporte preliminar, <strong>al interior de la camioneta no se encontraban tripulantes,<\/strong> por lo que no se encontraron personas heridas en el lugar por la explosi\u00f3n de la unidad motora.<\/p>\n\n\n\n<p>Para sofocar las llamas de la camioneta,<strong> los cuerpos de emergencias utilizaron la tierra de las jardineras que se encontraba a un costado<\/strong>, donde se encuentran juegos infantiles.<\/p>\n\n\n\n<p>Por los hechos ocurridos en Pachuquilla tom\u00f3 conocimiento e intervenci\u00f3n la delegaci\u00f3n en Hidalgo de la Fiscal\u00eda General de la Rep\u00fablica (FGR).<\/p>\n","protected":false},"excerpt":{"rendered":"<p>Esta madrugada una camioneta con un tambo de combustible presuntamente de procedencia i\u00edcita explot\u00f3 a un costado del centro de salud de Mineral de la Reforma, cerca de la presidencia&hellip; <\/p>\n","protected":false},"author":4,"featured_media":7997,"comment_status":"closed","ping_status":"closed","sticky":false,"template":"","format":"standard","meta":{"two_page_speed":[],"_joinchat":[],"footnotes":""},"categories":[1078],"tags":[233,410],"class_list":["post-7996","post","type-post","status-publish","format-standard","has-post-thumbnail","hentry","category-seguridadyjusticia","tag-huachicol","tag-mineral-de-la-reforma"],"_links":{"self":[{"href":"https:\/\/revistaacropolis.com\/index.php\/wp-json\/wp\/v2\/posts\/7996","targetHints":{"allow":["GET"]}}],"collection":[{"href":"https:\/\/revistaacropolis.com\/index.php\/wp-json\/wp\/v2\/posts"}],"about":[{"href":"https:\/\/revistaacropolis.com\/index.php\/wp-json\/wp\/v2\/types\/post"}],"author":[{"embeddable":true,"href":"https:\/\/revistaacropolis.com\/index.php\/wp-json\/wp\/v2\/users\/4"}],"replies":[{"embeddable":true,"href":"https:\/\/revistaacropolis.com\/index.php\/wp-json\/wp\/v2\/comments?post=7996"}],"version-history":[{"count":3,"href":"https:\/\/revistaacropolis.com\/index.php\/wp-json\/wp\/v2\/posts\/7996\/revisions"}],"predecessor-version":[{"id":8001,"href":"https:\/\/revistaacropolis.com\/index.php\/wp-json\/wp\/v2\/posts\/7996\/revisions\/8001"}],"wp:featuredmedia":[{"embeddable":true,"href":"https:\/\/revistaacropolis.com\/index.php\/wp-json\/wp\/v2\/media\/7997"}],"wp:attachment":[{"href":"https:\/\/revistaacropolis.com\/index.php\/wp-json\/wp\/v2\/media?parent=7996"}],"wp:term":[{"taxonomy":"category","embeddable":true,"href":"https:\/\/revistaacropolis.com\/index.php\/wp-json\/wp\/v2\/categories?post=7996"},{"taxonomy":"post_tag","embeddable":true,"href":"https:\/\/revistaacropolis.com\/index.php\/wp-json\/wp\/v2\/tags?post=7996"}],"curies":[{"name":"wp","href":"https:\/\/api.w.org\/{rel}","templated":true}]}}