{"id":8010,"date":"2023-08-29T22:36:09","date_gmt":"2023-08-29T22:36:09","guid":{"rendered":"https:\/\/revistaacropolis.com\/?p=8010"},"modified":"2023-08-29T22:36:21","modified_gmt":"2023-08-29T22:36:21","slug":"anuncia-mario-francisco-guzman-nuevos-directores-en-la-administracion-de-tula","status":"publish","type":"post","link":"https:\/\/revistaacropolis.com\/index.php\/anuncia-mario-francisco-guzman-nuevos-directores-en-la-administracion-de-tula\/sociedad\/","title":{"rendered":"Anuncia Mario Francisco Guzm\u00e1n Nuevos Directores en la Administraci\u00f3n de Tula"},"content":{"rendered":"\n<p>En el marco de la transici\u00f3n de administraci\u00f3n municipal, el presidente de Tula, Mario Francisco Guzm\u00e1n, present\u00f3 a los nuevos directores que se unir\u00e1n a su equipo de trabajo. Estos cambios, enfocados en \u00e1reas clave para el desarrollo y funcionamiento del municipio, reflejan la visi\u00f3n de impulsar la profesionalidad y la transparencia en la gesti\u00f3n p\u00fablica.<\/p>\n\n\n\n<p>En sus declaraciones, el presidente municipal, Mario Francisco Guzm\u00e1n Badillo, resalt\u00f3 la importancia de una transici\u00f3n gradual y planificada. Haciendo hincapi\u00e9 en la relevancia de ciertas \u00e1reas, como las recaudadoras, en esta etapa inicial de cambios. <\/p>\n\n\n\n<p>\u00abCada uno de los nuevos directores ha sido seleccionado no solo por la confianza que deposito en ellos, sino tambi\u00e9n por su profesionalismo demostrado\u201d afirm\u00f3 Guzm\u00e1n. Adem\u00e1s, asegur\u00f3 que se han analizado cuidadosamente para evitar cualquier situaci\u00f3n que pueda perjudicar posteriormente. <\/p>\n\n\n\n<p>La confianza en su profesionalismo y en la transparencia de su gesti\u00f3n se mantuvo como punto central en su mensaje. El proceso de cambio se llevar\u00e1 a cabo en presencia de auditores, garantizando la claridad en todos los procedimientos.<\/p>\n\n\n\n<p>La nueva estructura directiva incluye a profesionales que asumen roles clave en la administraci\u00f3n municipal. El Arquitecto Luis Lorenzo Rosas Avil\u00e9s, con una experiencia de 30 a\u00f1os en la administraci\u00f3n privada y un destacado historial en la regi\u00f3n, liderar\u00e1 la direcci\u00f3n de Obras P\u00fablicas, supervisando el ordenamiento territorial y la ejecuci\u00f3n de proyectos fundamentales. <\/p>\n\n\n\n<p>Por su parte, el Licenciado en Contadur\u00eda Marco Antonio Luna, con una trayectoria de 24 a\u00f1os en administraciones anteriores, asumir\u00e1 la direcci\u00f3n de Tesorer\u00eda, comprometi\u00e9ndose a garantizar una gesti\u00f3n financiera eficaz y transparente. <\/p>\n\n\n\n<p>El Ingeniero Gabriel Rica\u00f1o Tapia, con 25 a\u00f1os de experiencia en construcci\u00f3n y una formaci\u00f3n en ingenier\u00eda civil, dirigir\u00e1 Capyat, aportando su pericia en el desarrollo de infraestructura. Asimismo, el Licenciado Roberto Santill\u00e1n Res\u00e9ndiz, con una vasta experiencia de 25 a\u00f1os en el sector bancario y financiero, as\u00ed como en su rol como abogado postulante, liderar\u00e1 la Direcci\u00f3n de Predial, contribuyendo a una recaudaci\u00f3n justa y eficiente.<\/p>\n\n\n\n<p>El Licenciado Juan Felipe Torres Cruz, con 24 a\u00f1os de experiencia como abogado y catedr\u00e1tico universitario, asumir\u00e1 la Contralor\u00eda Interna, donde garantizar\u00e1 la legalidad y la rendici\u00f3n de cuentas en la administraci\u00f3n. <\/p>\n\n\n\n<p>El Licenciado Ignacio Arroyo Paredes, quien previamente se desempe\u00f1\u00f3 en Servicios P\u00fablicos, se integrar\u00e1 al equipo de Adquisiciones, asegurando una obtenci\u00f3n eficiente de recursos y servicios para el municipio. Finalmente, el Licenciado Israel Malqueda, estar\u00e1 al frente de la Secretar\u00eda Municipal en calidad de Encargado de Despacho, contribuyendo a la coordinaci\u00f3n efectiva de los esfuerzos administrativos.<\/p>\n\n\n\n<p>La nueva alineaci\u00f3n de directores refleja el compromiso de la administraci\u00f3n de Mario Francisco Guzm\u00e1n Badillo, de avanzar hacia una gesti\u00f3n transparente, profesional y eficaz para el beneficio de la comunidad de Tula.<\/p>\n","protected":false},"excerpt":{"rendered":"<p>En el marco de la transici\u00f3n de administraci\u00f3n municipal, el presidente de Tula, Mario Francisco Guzm\u00e1n, present\u00f3 a los nuevos directores que se unir\u00e1n a su equipo de trabajo. Estos&hellip; <\/p>\n","protected":false},"author":4,"featured_media":8011,"comment_status":"closed","ping_status":"closed","sticky":false,"template":"","format":"standard","meta":{"two_page_speed":[],"_joinchat":[],"footnotes":""},"categories":[86,57],"tags":[],"class_list":["post-8010","post","type-post","status-publish","format-standard","has-post-thumbnail","hentry","category-comunicados","category-sociedad"],"_links":{"self":[{"href":"https:\/\/revistaacropolis.com\/index.php\/wp-json\/wp\/v2\/posts\/8010","targetHints":{"allow":["GET"]}}],"collection":[{"href":"https:\/\/revistaacropolis.com\/index.php\/wp-json\/wp\/v2\/posts"}],"about":[{"href":"https:\/\/revistaacropolis.com\/index.php\/wp-json\/wp\/v2\/types\/post"}],"author":[{"embeddable":true,"href":"https:\/\/revistaacropolis.com\/index.php\/wp-json\/wp\/v2\/users\/4"}],"replies":[{"embeddable":true,"href":"https:\/\/revistaacropolis.com\/index.php\/wp-json\/wp\/v2\/comments?post=8010"}],"version-history":[{"count":1,"href":"https:\/\/revistaacropolis.com\/index.php\/wp-json\/wp\/v2\/posts\/8010\/revisions"}],"predecessor-version":[{"id":8012,"href":"https:\/\/revistaacropolis.com\/index.php\/wp-json\/wp\/v2\/posts\/8010\/revisions\/8012"}],"wp:featuredmedia":[{"embeddable":true,"href":"https:\/\/revistaacropolis.com\/index.php\/wp-json\/wp\/v2\/media\/8011"}],"wp:attachment":[{"href":"https:\/\/revistaacropolis.com\/index.php\/wp-json\/wp\/v2\/media?parent=8010"}],"wp:term":[{"taxonomy":"category","embeddable":true,"href":"https:\/\/revistaacropolis.com\/index.php\/wp-json\/wp\/v2\/categories?post=8010"},{"taxonomy":"post_tag","embeddable":true,"href":"https:\/\/revistaacropolis.com\/index.php\/wp-json\/wp\/v2\/tags?post=8010"}],"curies":[{"name":"wp","href":"https:\/\/api.w.org\/{rel}","templated":true}]}}