{"id":8016,"date":"2023-08-29T23:07:00","date_gmt":"2023-08-29T23:07:00","guid":{"rendered":"https:\/\/revistaacropolis.com\/?p=8016"},"modified":"2023-08-29T23:09:03","modified_gmt":"2023-08-29T23:09:03","slug":"curso-de-manejo-2023-formando-conductores-conscientes-y-responsables","status":"publish","type":"post","link":"https:\/\/revistaacropolis.com\/index.php\/curso-de-manejo-2023-formando-conductores-conscientes-y-responsables\/sociedad\/","title":{"rendered":"Curso de Manejo 2023: Formando Conductores Conscientes y Responsables"},"content":{"rendered":"\n<p>La Secretar\u00eda de Seguridad P\u00fablica y Tr\u00e1nsito Municipal de Tula de Allende, bajo la direcci\u00f3n del Licenciado Alejandro Filomeno S\u00e1nchez \u00c1lvarez, en colaboraci\u00f3n con la Direcci\u00f3n de Prevenci\u00f3n del Delito, a cargo de la titular Comandante Ang\u00e9lica Jazm\u00edn Cer\u00f3n Barrera, dio arranque al Segundo Curso de Manejo 2023. Este programa, dise\u00f1ado con el objetivo de formar conductores conscientes y responsables, tiene como misi\u00f3n promover la seguridad y confianza en la conducci\u00f3n de veh\u00edculos, contribuyendo as\u00ed a una mejora significativa de la seguridad vial en nuestro municipio.<\/p>\n\n\n\n<p>Conscientes de la importancia de una ense\u00f1anza integral, el curso abarcar\u00e1 diversos aspectos cruciales para una conducci\u00f3n segura. Los participantes tendr\u00e1n la oportunidad de adquirir conocimientos sobre el funcionamiento b\u00e1sico de un veh\u00edculo, principios de mec\u00e1nica elemental, comprensi\u00f3n de se\u00f1alamientos viales y una detallada instrucci\u00f3n en el Reglamento de Tr\u00e1nsito local. Esto garantizar\u00e1 que los conductores est\u00e9n equipados con el saber necesario para transitar de manera segura y eficaz por las v\u00edas municipales.<\/p>\n\n\n\n<p>Un total de 66 personas han sido admitidas en el curso, el cual ser\u00e1 dividido en dos grupos de 33 participantes cada uno. Este enfoque permitir\u00e1 una atenci\u00f3n m\u00e1s personalizada y un ambiente propicio para el aprendizaje interactivo. Las clases, tanto te\u00f3ricas como pr\u00e1cticas, se llevar\u00e1n a cabo a lo largo de dos meses, con una duraci\u00f3n desde aproximadamente el 28 de agosto hasta el 28 de octubre.<\/p>\n\n\n\n<p>Este esfuerzo conjunto entre la Secretar\u00eda de Seguridad P\u00fablica y Tr\u00e1nsito Municipal y la Direcci\u00f3n de Prevenci\u00f3n del Delito, refleja el compromiso de la administraci\u00f3n municipal con la seguridad y el bienestar de los ciudadanos de Tula de Allende. Invitamos a todos los participantes a aprovechar al m\u00e1ximo esta oportunidad de crecimiento y aprendizaje, y a aplicar los conocimientos adquiridos para contribuir a un entorno vial m\u00e1s seguro y armonioso en nuestra comunidad.<\/p>\n\n\n\n<p>Para m\u00e1s informaci\u00f3n, los interesados pueden comunicarse con la Secretar\u00eda de Seguridad P\u00fablica y Tr\u00e1nsito Municipal.<\/p>\n\n\n\n<figure class=\"wp-block-gallery has-nested-images columns-default is-cropped wp-block-gallery-1 is-layout-flex wp-block-gallery-is-layout-flex\"><\/figure>\n","protected":false},"excerpt":{"rendered":"<p>La Secretar\u00eda de Seguridad P\u00fablica y Tr\u00e1nsito Municipal de Tula de Allende, bajo la direcci\u00f3n del Licenciado Alejandro Filomeno S\u00e1nchez \u00c1lvarez, en colaboraci\u00f3n con la Direcci\u00f3n de Prevenci\u00f3n del Delito,&hellip; <\/p>\n","protected":false},"author":4,"featured_media":8018,"comment_status":"closed","ping_status":"closed","sticky":false,"template":"","format":"standard","meta":{"two_page_speed":[],"_joinchat":[],"footnotes":""},"categories":[86,57],"tags":[89],"class_list":["post-8016","post","type-post","status-publish","format-standard","has-post-thumbnail","hentry","category-comunicados","category-sociedad","tag-hidalgo"],"_links":{"self":[{"href":"https:\/\/revistaacropolis.com\/index.php\/wp-json\/wp\/v2\/posts\/8016","targetHints":{"allow":["GET"]}}],"collection":[{"href":"https:\/\/revistaacropolis.com\/index.php\/wp-json\/wp\/v2\/posts"}],"about":[{"href":"https:\/\/revistaacropolis.com\/index.php\/wp-json\/wp\/v2\/types\/post"}],"author":[{"embeddable":true,"href":"https:\/\/revistaacropolis.com\/index.php\/wp-json\/wp\/v2\/users\/4"}],"replies":[{"embeddable":true,"href":"https:\/\/revistaacropolis.com\/index.php\/wp-json\/wp\/v2\/comments?post=8016"}],"version-history":[{"count":2,"href":"https:\/\/revistaacropolis.com\/index.php\/wp-json\/wp\/v2\/posts\/8016\/revisions"}],"predecessor-version":[{"id":8019,"href":"https:\/\/revistaacropolis.com\/index.php\/wp-json\/wp\/v2\/posts\/8016\/revisions\/8019"}],"wp:featuredmedia":[{"embeddable":true,"href":"https:\/\/revistaacropolis.com\/index.php\/wp-json\/wp\/v2\/media\/8018"}],"wp:attachment":[{"href":"https:\/\/revistaacropolis.com\/index.php\/wp-json\/wp\/v2\/media?parent=8016"}],"wp:term":[{"taxonomy":"category","embeddable":true,"href":"https:\/\/revistaacropolis.com\/index.php\/wp-json\/wp\/v2\/categories?post=8016"},{"taxonomy":"post_tag","embeddable":true,"href":"https:\/\/revistaacropolis.com\/index.php\/wp-json\/wp\/v2\/tags?post=8016"}],"curies":[{"name":"wp","href":"https:\/\/api.w.org\/{rel}","templated":true}]}}