{"id":802,"date":"2023-02-17T02:40:17","date_gmt":"2023-02-17T02:40:17","guid":{"rendered":"https:\/\/revistaacropolis.com\/?p=802"},"modified":"2023-02-17T15:46:53","modified_gmt":"2023-02-17T15:46:53","slug":"dice-procuradora-que-no-presiono-para-forzar-adopcion-hay-investigacion-en-su-contra","status":"publish","type":"post","link":"https:\/\/revistaacropolis.com\/index.php\/dice-procuradora-que-no-presiono-para-forzar-adopcion-hay-investigacion-en-su-contra\/politica\/","title":{"rendered":"Dice procuradora que no presion\u00f3 para forzar adopci\u00f3n; hay investigaci\u00f3n en su contra"},"content":{"rendered":"\n<p>La procuradora de Protecci\u00f3n a Ni\u00f1as, Ni\u00f1os, Adolescentes y de la Familia del DIF, L<strong>aura Karina Ram\u00edrez Jim\u00e9nez, denunciada por Aurelia P\u00e9rez por presuntamente presionarla para dar en adopci\u00f3n a su nieto, asegur\u00f3<\/strong> que el procedimiento para ceder al infante, producto de una violaci\u00f3n, <strong>tuvo consentimiento de la familia. &nbsp;<\/strong>Adem\u00e1s, <strong>confirm\u00f3 que es investigada por el caso.<\/strong><\/p>\n\n\n\n<blockquote class=\"wp-block-quote is-layout-flow wp-block-quote-is-layout-flow\">\n<p>En este caso hab\u00eda una v\u00edctima menor de edad de 11 a\u00f1os en un trabajo de parto, en donde el trabajo de la instituci\u00f3n es representar la decisi\u00f3n de la v\u00edctima, y su familia en su momento estuvo de acuerdo en este acto\u201d, asever\u00f3 tras un encuentro sobre protecci\u00f3n menores.<\/p>\n<\/blockquote>\n\n\n\n<p>De acuerdo con el testimonio de la madre de la v\u00edctima, una estudiante de primaria de Zempoala que fue violada por una persona cercana a la familia, <strong>la entrega del beb\u00e9, nacido el 4 de febrero de 2022 en el Hospital Obst\u00e9trico de Pachuca, fue bajo amenaza y presiones; adem\u00e1s, el documento de cesi\u00f3n tiene una fecha distinta al nacimiento: data del 11 de julio de 2018.<\/strong><\/p>\n\n\n<p><iframe style=\"border: none; overflow: hidden;\" src=\"https:\/\/www.facebook.com\/plugins\/post.php?href=https%3A%2F%2Fwww.facebook.com%2FRevistaAcro%2Fposts%2Fpfbid02SLXKGqK9c7zaKLNMXpMKWWxVhR79prnfCUEsJ9YwkfbK3FaoThDVaqTD7PCJMhYZl&amp;show_text=true&amp;width=500\" width=\"500\" height=\"558\" frameborder=\"0\" scrolling=\"no\" allowfullscreen=\"allowfullscreen\"><\/iframe><\/p>\n\n\n<p>La funcionaria afirm\u00f3 que, de acuerdo con la Ley de la Familia del Estado de Hidalgo, en su art\u00edculo 212, l<strong>a cesi\u00f3n es un acto de car\u00e1cter irrevocable.<\/strong> Sin embargo, no respondi\u00f3 al ser cuestionada sobre la presunta ilegalidad del documento que lleva su firma.<\/p>\n\n\n\n<p>Cuestionada sobre las presiones que la madre de la v\u00edctima -asegura- sufri\u00f3 por parte de funcionarias del DIF Hidalgo para consentir el tr\u00e1mite, como el hecho de que culpar\u00edan a su esposo de la violaci\u00f3n o que le quitar\u00edan a su hija, afirm\u00f3 que ha comparecido para aclarar el caso.<\/p>\n\n\n\n<p><\/p>\n\n\n\n<p><strong>Indic\u00f3 que hay procedimiento en contra de ella y otras funcionarias en los cuales son investigadas por la Procuradur\u00eda General de Justicia de Hidalgo (PGJH).<\/strong><\/p>\n\n\n\n<figure class=\"wp-block-pullquote\"><blockquote><p>Afortunadamente hay procedimientos ya penales y administrativos&nbsp; iniciados en donde las autoridades y las funcionarias y funcionarios estamos aqu\u00ed dando la cara, seguimos trabajando y estamos compareciendo ante las autoridades necesarias para aclarar\u201d,dijo.<\/p><\/blockquote><\/figure>\n\n\n\n<p>Respecto de la pretensi\u00f3n de la abuela de recuperar a su nieto, la funcionaria insisti\u00f3 en que el consentimiento para otorgar a un menor en adopci\u00f3n es \u201cde car\u00e1cter irrevocable\u201d.<\/p>\n\n\n\n<h3 class=\"wp-block-heading\">ORDEN DE APREHESI\u00d3N VS VIOLADOR; NO EST\u00c1 DETENIDO<\/h3>\n\n\n\n<p>Al respecto, el encargado de la PGJH, <strong>Santiago Nieto Castillo, afirm\u00f3 que la dependencia obtuvo una orden de aprehensi\u00f3n contra el presunto responsable de la violaci\u00f3n,<\/strong> Erick, de 26 a\u00f1os.<\/p>\n\n\n\n<p>Sin embargo, dijo que en este momento <strong>se encuentra pendiente de cumplimentarse <\/strong>la detenci\u00f3n.<\/p>\n\n\n\n<figure class=\"wp-block-pullquote\"><blockquote><p>Pero el hecho central, el origen de todo este caso tiene que ver con una violaci\u00f3n (\u2026) Debemos de partir de la premisa que de que se trata de un caso de violaci\u00f3n de una ni\u00f1a\u201d, dijo sobre el hecho que -consider\u00f3- no debe quedar impune.<\/p><\/blockquote><\/figure>\n\n\n\n<p>Indic\u00f3 que la carpeta de investigaci\u00f3n iniciada por los familiares de la menor contra las funcionarias del DIF Hidalgo se encuentran en la Fiscal\u00eda Anticorrupci\u00f3n, donde se determinar\u00e1 \u201clo que conforme a derecho\u201d.<\/p>\n\n\n\n<p><strong>DatoAcro<\/strong><\/p>\n\n\n\n<p>-La abuela del menor dado en adopci\u00f3n afirm\u00f3 que expres\u00f3 a las funcionar\u00edas del DIF que no deseaban dar en adopci\u00f3n al menor.<\/p>\n\n\n\n<p>-Por los hechos, dijo en entrevista,&nbsp;<strong>iniciaron dos carpetas de investigaci\u00f3n por amenazas<\/strong>&nbsp;y la otra por tortura psicol\u00f3gica contras las funcionarias del DIF que, acus\u00f3, forzaron la entrega del menor.<\/p>\n\n\n\n<p>-Adem\u00e1s de la procuradora, los familiares de la menor acusan a Eunice Quiroz Melgarejo, titular del \u00e1rea de adopciones, y Yoko Andersi Madrigal Capito y Mar\u00eda Soledad Ch\u00e1vez V\u00e1zquez, psic\u00f3logas.<\/p>\n","protected":false},"excerpt":{"rendered":"<p>La procuradora de Protecci\u00f3n a Ni\u00f1as, Ni\u00f1os, Adolescentes y de la Familia del DIF, Laura Karina Ram\u00edrez Jim\u00e9nez, denunciada por Aurelia P\u00e9rez por presuntamente presionarla para dar en adopci\u00f3n a&hellip; <\/p>\n","protected":false},"author":4,"featured_media":829,"comment_status":"closed","ping_status":"closed","sticky":false,"template":"","format":"standard","meta":{"two_page_speed":[],"_joinchat":[],"footnotes":""},"categories":[1],"tags":[145,175,198],"class_list":["post-802","post","type-post","status-publish","format-standard","has-post-thumbnail","hentry","category-politica","tag-adopcion","tag-pgjh","tag-procuradaria-del-menor"],"_links":{"self":[{"href":"https:\/\/revistaacropolis.com\/index.php\/wp-json\/wp\/v2\/posts\/802","targetHints":{"allow":["GET"]}}],"collection":[{"href":"https:\/\/revistaacropolis.com\/index.php\/wp-json\/wp\/v2\/posts"}],"about":[{"href":"https:\/\/revistaacropolis.com\/index.php\/wp-json\/wp\/v2\/types\/post"}],"author":[{"embeddable":true,"href":"https:\/\/revistaacropolis.com\/index.php\/wp-json\/wp\/v2\/users\/4"}],"replies":[{"embeddable":true,"href":"https:\/\/revistaacropolis.com\/index.php\/wp-json\/wp\/v2\/comments?post=802"}],"version-history":[{"count":8,"href":"https:\/\/revistaacropolis.com\/index.php\/wp-json\/wp\/v2\/posts\/802\/revisions"}],"predecessor-version":[{"id":830,"href":"https:\/\/revistaacropolis.com\/index.php\/wp-json\/wp\/v2\/posts\/802\/revisions\/830"}],"wp:featuredmedia":[{"embeddable":true,"href":"https:\/\/revistaacropolis.com\/index.php\/wp-json\/wp\/v2\/media\/829"}],"wp:attachment":[{"href":"https:\/\/revistaacropolis.com\/index.php\/wp-json\/wp\/v2\/media?parent=802"}],"wp:term":[{"taxonomy":"category","embeddable":true,"href":"https:\/\/revistaacropolis.com\/index.php\/wp-json\/wp\/v2\/categories?post=802"},{"taxonomy":"post_tag","embeddable":true,"href":"https:\/\/revistaacropolis.com\/index.php\/wp-json\/wp\/v2\/tags?post=802"}],"curies":[{"name":"wp","href":"https:\/\/api.w.org\/{rel}","templated":true}]}}