{"id":8384,"date":"2023-09-06T21:21:09","date_gmt":"2023-09-06T21:21:09","guid":{"rendered":"https:\/\/revistaacropolis.com\/?p=8384"},"modified":"2023-09-06T21:21:12","modified_gmt":"2023-09-06T21:21:12","slug":"vigesima-sexta-sesion-extraordinaria-del-h-ayuntamiento-municipal-de-tula-de-allende","status":"publish","type":"post","link":"https:\/\/revistaacropolis.com\/index.php\/vigesima-sexta-sesion-extraordinaria-del-h-ayuntamiento-municipal-de-tula-de-allende\/sociedad\/","title":{"rendered":"Vig\u00e9sima Sexta Sesi\u00f3n Extraordinaria del H. Ayuntamiento Municipal de Tula de Allende"},"content":{"rendered":"\n<p>Este 5 de septiembre, en la Sala de Sesiones del Honorable Ayuntamiento Municipal de Tula de Allende, se llev\u00f3 a cabo la Vig\u00e9sima Sexta Sesi\u00f3n Extraordinaria, en la cual se abordaron temas de gran relevancia para la comunidad. Durante esta sesi\u00f3n, se tomaron decisiones significativas que tendr\u00e1n un impacto directo en el funcionamiento y desarrollo del municipio.<\/p>\n\n\n\n<p>En el punto 6 de la agenda, se propuso y aprob\u00f3 por mayor\u00eda calificada la remoci\u00f3n del titular actual del \u00d3rgano Interno de Control. Esta decisi\u00f3n se fundamenta en la necesidad de garantizar la transparencia y la eficiencia en la administraci\u00f3n p\u00fablica municipal. Simult\u00e1neamente, se propuso a Juan Felipe Torres Cruz, como el nuevo Titular del \u00d3rgano Interno de Control de Tula de Allende, Hidalgo, siendo esta propuesta aprobada.<\/p>\n\n\n\n<p>En el s\u00e9ptimo punto, se realiz\u00f3 la modificaci\u00f3n de la fecha y hora de una Sesi\u00f3n Ordinaria programada inicialmente para el mi\u00e9rcoles 06 de septiembre. La nueva fecha establecida ser\u00e1 el mi\u00e9rcoles 13 de septiembre a las 16:00 hrs.<\/p>\n\n\n\n<p>Los puntos del 8 al 10 se enfocaron en la aprobaci\u00f3n de contratos de prestaci\u00f3n de servicios art\u00edsticos para las Fiestas Patrias Tula 2023, involucrando a los grupos \u00abGRUPO PALOMO,\u201d \u00abANGELES NEGROS,\u00bb y \u00abVALEDORES DE LA SIERRA.\u00bb Estos contratos fueron aprobados de manera un\u00e1nime, contribuyendo al \u00e9xito de las festividades.<\/p>\n\n\n\n<p>En el punto 11, se aprob\u00f3 por unanimidad el contrato de renta de sonorizaci\u00f3n y equipo de audio, en consideraci\u00f3n de su importancia como asunto de inter\u00e9s p\u00fablico y en cumplimiento con lo establecido en la Ley Org\u00e1nica Municipal.<\/p>\n\n\n\n<p>El \u00faltimo punto, n\u00famero 12, consisti\u00f3 en la aprobaci\u00f3n de un contrato para la realizaci\u00f3n de un espect\u00e1culo de fuegos pirot\u00e9cnicos, con el prop\u00f3sito de llevar a cabo las \u00abFiestas Patrias Tula 2023.\u00bb Esta decisi\u00f3n tambi\u00e9n se bas\u00f3 en el inter\u00e9s p\u00fablico y fue respaldada por unanimidad.<\/p>\n\n\n\n<p>Los acuerdos tomados en esta sesi\u00f3n representan un paso importante en la gesti\u00f3n y organizaci\u00f3n de eventos y servicios en beneficio de la comunidad. El Gobierno de Tula de Allende, encabezado por Mario Francisco Guzm\u00e1n, reafirma su compromiso de trabajar en pro del bienestar y la satisfacci\u00f3n de sus ciudadanos, buscando siempre la transparencia y la eficiencia en su labor.<\/p>\n\n\n\n<p>Se espera que las decisiones tomadas en esta sesi\u00f3n contribuyan de manera significativa al \u00e9xito de las Fiestas Patrias Tula 2023 y al desarrollo del municipio en su conjunto.<\/p>\n","protected":false},"excerpt":{"rendered":"<p>Este 5 de septiembre, en la Sala de Sesiones del Honorable Ayuntamiento Municipal de Tula de Allende, se llev\u00f3 a cabo la Vig\u00e9sima Sexta Sesi\u00f3n Extraordinaria, en la cual se&hellip; <\/p>\n","protected":false},"author":4,"featured_media":8385,"comment_status":"closed","ping_status":"closed","sticky":false,"template":"","format":"standard","meta":{"two_page_speed":[],"_joinchat":[],"footnotes":""},"categories":[86,57],"tags":[],"class_list":["post-8384","post","type-post","status-publish","format-standard","has-post-thumbnail","hentry","category-comunicados","category-sociedad"],"_links":{"self":[{"href":"https:\/\/revistaacropolis.com\/index.php\/wp-json\/wp\/v2\/posts\/8384","targetHints":{"allow":["GET"]}}],"collection":[{"href":"https:\/\/revistaacropolis.com\/index.php\/wp-json\/wp\/v2\/posts"}],"about":[{"href":"https:\/\/revistaacropolis.com\/index.php\/wp-json\/wp\/v2\/types\/post"}],"author":[{"embeddable":true,"href":"https:\/\/revistaacropolis.com\/index.php\/wp-json\/wp\/v2\/users\/4"}],"replies":[{"embeddable":true,"href":"https:\/\/revistaacropolis.com\/index.php\/wp-json\/wp\/v2\/comments?post=8384"}],"version-history":[{"count":1,"href":"https:\/\/revistaacropolis.com\/index.php\/wp-json\/wp\/v2\/posts\/8384\/revisions"}],"predecessor-version":[{"id":8386,"href":"https:\/\/revistaacropolis.com\/index.php\/wp-json\/wp\/v2\/posts\/8384\/revisions\/8386"}],"wp:featuredmedia":[{"embeddable":true,"href":"https:\/\/revistaacropolis.com\/index.php\/wp-json\/wp\/v2\/media\/8385"}],"wp:attachment":[{"href":"https:\/\/revistaacropolis.com\/index.php\/wp-json\/wp\/v2\/media?parent=8384"}],"wp:term":[{"taxonomy":"category","embeddable":true,"href":"https:\/\/revistaacropolis.com\/index.php\/wp-json\/wp\/v2\/categories?post=8384"},{"taxonomy":"post_tag","embeddable":true,"href":"https:\/\/revistaacropolis.com\/index.php\/wp-json\/wp\/v2\/tags?post=8384"}],"curies":[{"name":"wp","href":"https:\/\/api.w.org\/{rel}","templated":true}]}}