{"id":8545,"date":"2023-09-12T03:08:09","date_gmt":"2023-09-12T03:08:09","guid":{"rendered":"https:\/\/revistaacropolis.com\/?p=8545"},"modified":"2023-09-12T03:08:20","modified_gmt":"2023-09-12T03:08:20","slug":"la-idea-es-finalizar-transicion-a-fiscalia-antes-de-marcharse-por-aspiracion-politica-santiago-nieto","status":"publish","type":"post","link":"https:\/\/revistaacropolis.com\/index.php\/la-idea-es-finalizar-transicion-a-fiscalia-antes-de-marcharse-por-aspiracion-politica-santiago-nieto\/politica\/","title":{"rendered":"\u00abLa idea\u00bb es finalizar transici\u00f3n a fiscal\u00eda antes de marcharse por aspiraci\u00f3n pol\u00edtica: Santiago Nieto"},"content":{"rendered":"\n<p>Tras hacer p\u00fablica su intenci\u00f3n de contender en 2024 por una senadur\u00eda por Quer\u00e9taro, <strong>Santiago Nieto Castillo, encargado de la Procuradur\u00eda General de Justicia de Hidalgo (PGJH), afirm\u00f3 que \u201cla idea\u201d es finalizar con el proceso de transici\u00f3n hacia la Fiscal\u00eda<\/strong> General de Justicia del estado.<\/p>\n\n\n\n<p>Dijo que <strong>esperar\u00e1 a que Morena emita la convocatoria para competir en la contienda del pr\u00f3ximo a\u00f1o<\/strong> y dejar el cargo en la entidad, el cual asumi\u00f3 hace un a\u00f1o, d\u00edas antes del inicio del sexenio de Julio Menchaca Salazar. <\/p>\n\n\n\n<p>Reiter\u00f3 que ya inform\u00f3 de su intenci\u00f3n pol\u00edtica al gobernador Julio Menchaca Salazar y que \u201cla izquierda se fortalezca\u201d en su estado natal.<\/p>\n\n\n\n<p>Sobre el avance para que Hidalgo concrete la transici\u00f3n, el exfuncionario federal afirm\u00f3 que han trabajado en el combate a la impunidad, el abatimiento de \u00f3rdenes de aprehensi\u00f3n pendientes y el avance en las carpetas de investigaci\u00f3n y averiguaciones previas y la creaci\u00f3n de la Unidad de Imputado Desconocido. Adem\u00e1s, dijo, echaron a andar el sistema centenario (que ten\u00eda m\u00e1s de dos a\u00f1os de su adquisici\u00f3n) y trabajan en una Unidad de Tramitaci\u00f3n Masiva de Casos.<\/p>\n\n\n\n<blockquote class=\"wp-block-quote is-layout-flow wp-block-quote-is-layout-flow\">\n<p>La idea es generar esto que se ha visto en la Estafa Siniestra, una academia de canto en los temas de corrupci\u00f3n, ir sobre las personas que cometieron una conducta delictiva, pero con el objetivo de\u00a0llegar a las personas que fueron los autores intelectuales\u201d, expuso.<\/p>\n<\/blockquote>\n\n\n\n<p>Asever\u00f3 que<strong> no se quedar\u00e1 trunca la transici\u00f3n <\/strong>y previ\u00f3 que la PGJH y Comisi\u00f3n de Transici\u00f3n presenten al Congreso local la iniciativa para concretar la fiscal\u00eda en el actual periodo ordinario de sesiones o en el primero de 2024, pues a\u00fan se encuentran en su elaboraci\u00f3n.\u00a0<\/p>\n\n\n\n<p>\u201cQueremos dejar ya operando los sistemas, un cambio en la dimensi\u00f3n gerencial, en la dimensi\u00f3n presupuestal (\u2026) en la dimensi\u00f3n legislativa -que est\u00e1 por el momento pendiente-, un servicio civil de carrera que se encuentre ya funcionando. Estamos compactando las plazas para tener mejores sueldos y as\u00ed reducir las brechas de corrupci\u00f3n interna y, por supuesto, que la Visitadur\u00eda de forma aut\u00f3noma funcione, la contralor\u00eda y la Fiscal\u00eda Electoral como la Fiscal\u00eda Anticorrupci\u00f3n\u201d, expuso.<\/p>\n\n\n\n<p>Dijo que con ello buscan no cometer \u201cel mismo error\u201d que en otra entidad: \u00fanicamente cambiar el nombre de procuradur\u00eda a fiscal\u00eda.<\/p>\n\n\n\n<h3 class=\"wp-block-heading\"><strong>MARCELO, SU AMIGO, PERO NO SE VA DE MORENA&nbsp;<\/strong><\/h3>\n\n\n\n<p>Nieto Castillo afirm\u00f3 que el aspirante presidencial Marcelo Ebrard Casaub\u00f3n es su \u201camigo\u201d y quien lo invit\u00f3 al denominado movimiento de la Cuarta Transformaci\u00f3n, <strong>pero descart\u00f3 seguirlo si sale de Morena, <\/strong>tras su descontento con los resultados que dieron como ganadora de la encuesta a Claudia Sheinbaum Pardo.<\/p>\n\n\n\n<figure class=\"wp-block-pullquote\"><blockquote><p>Yo tengo un compromiso muy claro con el gobernador Julio Menchaca, con el estado de Hidalgo, esa es mi prioridad n\u00famero uno, y he manifestado mi intenci\u00f3n de competir por Morena en mi estado natal\u201d, expuso\u201d, expres\u00f3.<\/p><\/blockquote><\/figure>\n\n\n\n<p>Asimismo, afirm\u00f3 que presentar\u00e1 una demanda en la Ciudad de M\u00e9xico contra el panista Francisco Xavier Garc\u00eda Cabeza de Vaca, quien lo acusa de haber usado la Unidad de Inteligencia Financiera (UIF) para perseguirlo pol\u00edticamente por sus aspiraciones presidenciales.<\/p>\n\n\n\n<p>Asegur\u00f3 que<strong> es un conflicto a\u00f1ejo personal <\/strong>en lo que refiere a uno de los abogados de Cabeza de Vaca, <strong>en relaci\u00f3n a Roberto Gil Zuarth,<\/strong> expajera de su esposa Carla <strong>Humphrey Jord\u00e1n, <\/strong>y<strong> pol\u00edtico en lo que corresponde al exgobernador de Tamaulipas.<\/strong><\/p>\n\n\n\n<figure class=\"wp-block-pullquote\"><blockquote><p>Si ellos me ven d\u00e9bil porque piensan que Marcelo Ebrard no gan\u00f3 la encuesta de Morena, se est\u00e1n equivocando, no entienden qui\u00e9n es Julio Menchaca y qui\u00e9n es Santiago Nieto\u201d, afirm\u00f3.<br><\/p><\/blockquote><\/figure>\n\n\n\n<h3 class=\"wp-block-heading\">DATO ACRO<\/h3>\n\n\n\n<p><em>-El gobernador Julio Menchaca Salazar respald\u00f3 a Nieto Santiago Nieto y dijo tenerle \u00abtoda la confianza\u00bb tras las acusaciones de Cabeza de Vaca y su grupo de abogados.<\/em> Tambi\u00e9n consider\u00f3 que se desprende de un \u00abviejo conflicto\u00bb personal entre Gil <strong>Zuarth<\/strong> y el encargado de la PGJH.<\/p>\n","protected":false},"excerpt":{"rendered":"<p>Tras hacer p\u00fablica su intenci\u00f3n de contender en 2024 por una senadur\u00eda por Quer\u00e9taro, Santiago Nieto Castillo, encargado de la Procuradur\u00eda General de Justicia de Hidalgo (PGJH), afirm\u00f3 que \u201cla&hellip; <\/p>\n","protected":false},"author":4,"featured_media":8546,"comment_status":"closed","ping_status":"closed","sticky":false,"template":"","format":"standard","meta":{"two_page_speed":[],"_joinchat":[],"footnotes":""},"categories":[1],"tags":[1999,388,236],"class_list":["post-8545","post","type-post","status-publish","format-standard","has-post-thumbnail","hentry","category-politica","tag-fiscalia","tag-queretaro","tag-santiago-nieto"],"_links":{"self":[{"href":"https:\/\/revistaacropolis.com\/index.php\/wp-json\/wp\/v2\/posts\/8545","targetHints":{"allow":["GET"]}}],"collection":[{"href":"https:\/\/revistaacropolis.com\/index.php\/wp-json\/wp\/v2\/posts"}],"about":[{"href":"https:\/\/revistaacropolis.com\/index.php\/wp-json\/wp\/v2\/types\/post"}],"author":[{"embeddable":true,"href":"https:\/\/revistaacropolis.com\/index.php\/wp-json\/wp\/v2\/users\/4"}],"replies":[{"embeddable":true,"href":"https:\/\/revistaacropolis.com\/index.php\/wp-json\/wp\/v2\/comments?post=8545"}],"version-history":[{"count":1,"href":"https:\/\/revistaacropolis.com\/index.php\/wp-json\/wp\/v2\/posts\/8545\/revisions"}],"predecessor-version":[{"id":8547,"href":"https:\/\/revistaacropolis.com\/index.php\/wp-json\/wp\/v2\/posts\/8545\/revisions\/8547"}],"wp:featuredmedia":[{"embeddable":true,"href":"https:\/\/revistaacropolis.com\/index.php\/wp-json\/wp\/v2\/media\/8546"}],"wp:attachment":[{"href":"https:\/\/revistaacropolis.com\/index.php\/wp-json\/wp\/v2\/media?parent=8545"}],"wp:term":[{"taxonomy":"category","embeddable":true,"href":"https:\/\/revistaacropolis.com\/index.php\/wp-json\/wp\/v2\/categories?post=8545"},{"taxonomy":"post_tag","embeddable":true,"href":"https:\/\/revistaacropolis.com\/index.php\/wp-json\/wp\/v2\/tags?post=8545"}],"curies":[{"name":"wp","href":"https:\/\/api.w.org\/{rel}","templated":true}]}}