{"id":856,"date":"2023-02-18T02:40:35","date_gmt":"2023-02-18T02:40:35","guid":{"rendered":"https:\/\/revistaacropolis.com\/?p=856"},"modified":"2023-02-18T05:05:47","modified_gmt":"2023-02-18T05:05:47","slug":"hidalgo-lento-para-abrir-rutas-de-transporte-al-aifa-director","status":"publish","type":"post","link":"https:\/\/revistaacropolis.com\/index.php\/hidalgo-lento-para-abrir-rutas-de-transporte-al-aifa-director\/politica\/","title":{"rendered":"Hidalgo, \u201clento\u201d para abrir rutas de transporte al AIFA: director"},"content":{"rendered":"\n<p>Isidro Pastor\u00a0Medrano, <strong>director general del Aeropuerto Internacional Felipe \u00c1ngeles (AIFA)<\/strong>, afirm\u00f3 que ha <strong>tenido comunicaci\u00f3n con las autoridades de Hidalgo y transportistas para que generen rutas de comunicaci\u00f3n <\/strong>al inmueble ubicado en Santa Luc\u00eda, Estado de M\u00e9xico; sin embargo, afirm\u00f3 que en la entidad <strong>\u201cse est\u00e1n viendo muy lentos\u201d.<\/strong><\/p>\n\n\n\n<blockquote class=\"wp-block-quote is-layout-flow wp-block-quote-is-layout-flow\">\n<p>Hemos tenido una comunicaci\u00f3n muy estrecha, he convocado a los transportistas locales, porque tenemos un problema de transportaci\u00f3n local\u201d, dijo el general previo a un recorrido por el inmueble aeron\u00e1utico.<\/p>\n<\/blockquote>\n\n\n\n<p>Indic\u00f3 que trabajadores de empresas y del AIFA <strong>terminan su turno a la medianoche o entran a a labor, las 5:00 horas, pero no tienen una conectividad de transportaci\u00f3n local.<\/strong><\/p>\n\n\n\n<figure class=\"wp-block-pullquote\"><blockquote><p>Ahorita hemos tratado de organizar tanto al estado de Hidalgo como al Estado de M\u00e9xico y alrededor, para que hagan esas rutas\u201d, expuso.<\/p><\/blockquote><\/figure>\n\n\n\n<p>El mando militar sostuvo que <strong>ha gestionado ante diferentes autoridades para que los transportistas consigan las placas federales,<\/strong> pero insisti\u00f3 que el proceso ha sido \u00abun poco lento\u201d.<\/p>\n\n\n\n<p>Para enfrentar el problema, dijo, han puesto veh\u00edculos del aeropuerto y de las empresas de autobuses que salen a 15 puntos para que lleven a los trabajadores \u201cal menos a la salida\u201d, pues dijo que&nbsp; \u201cel taxi es caro\u201d.<\/p>\n\n\n\n<p><\/p>\n\n\n<p><iframe style=\"border: none; overflow: hidden;\" src=\"https:\/\/www.facebook.com\/plugins\/video.php?height=314&amp;href=https%3A%2F%2Fwww.facebook.com%2FRevistaAcro%2Fvideos%2F1379168279503556%2F&amp;show_text=false&amp;width=560&amp;t=0\" width=\"560\" height=\"314\" frameborder=\"0\" scrolling=\"no\" allowfullscreen=\"allowfullscreen\"><\/iframe><\/p>\n\n\n<p>Sostuvo qua <strong>una empresa de Tizayuca acudi\u00f3 \u201cmuy animada\u201d, pero reiter\u00f3 que se han tardando en abrir ruta al AIFA.<\/strong><\/p>\n\n\n\n<p>Pastor&nbsp;Medrano dijo que la investigaci\u00f3n para saber cu\u00e1ntas unidades se requieres, conforme a la demanda, la debe hacer la empresa que d\u00e9 el servicio.<\/p>\n\n\n\n<h3 class=\"wp-block-heading\">ACTUAR SE QUEDA CORTO<\/h3>\n\n\n\n<p>El general indic\u00f3 que <strong>no solo se reuni\u00f3 la semana pasada con la secretaria de Movilidad de Hidalgo, Lyzbeth Robles Guti\u00e9rrez, sino en ocasiones previas<\/strong>, con quien ha abordado el tema.<\/p>\n\n\n\n<blockquote class=\"wp-block-quote is-layout-flow wp-block-quote-is-layout-flow\">\n<p>Pero de pronto en el discurso somos muy extensos y a la hora de actuar nos quedamos cortos, y esa es la realidad, porque tambi\u00e9n hay una serie de tr\u00e1mites que cumplir, licencias de los conductores y especialmente el tr\u00e1mite para que tengan las placas federales\u201d, expres\u00f3.<\/p>\n<\/blockquote>\n\n\n\n<p>Indic\u00f3 que cualquier empresa que quiera ingresar la AIFA, \u201cincluyendo vender tlayudas\u201d, tiene que contar con una relaci\u00f3n contractual y pagar una contraprestaci\u00f3n.&nbsp;<\/p>\n\n\n\n<p>\u201cEs un tr\u00e1mite que tiene que hacer ante la autoridad federal, porque es un espacio federal, y ah\u00ed es donde seguramente se est\u00e1n atorando Porque luego no cumplen con los requisitos de que sus veh\u00edculos est\u00e9n regularizados, que tengan los permisos correspondientes, que tengan las licencias los conductores correspondientes\u201d, expuso.<\/p>\n\n\n\n<p><strong>Desafortunadamente, dijo, es el com\u00fan denominador que han encontrado y por eso no se avanzado.<\/strong><\/p>\n\n\n\n<p>De acuerdo con el militar, la mayor\u00eda de los pasajeros llegan al AIFA en su veh\u00edculo particular, le siguen el taxi y plataformas como Uber y Didi. Sostuvo que \u201cmuy pocos\u201d usan el servicio p\u00fablico.<\/p>\n\n\n\n<p><strong>DatoAcro<\/strong><\/p>\n\n\n\n<pre class=\"wp-block-preformatted\">El director dijo que en el AIFA trabaja ocho empresas de taxis y otras ocho de autobuses y veh\u00edculos. A Pachuca actualmente existe una ruta.<\/pre>\n\n\n\n<pre class=\"wp-block-preformatted\">Sostuvo que el aeropuerto tiene un estudio en desarrollo sobre de d\u00f3nde provienen los trabajadores, alrededor de 5 mil.<\/pre>\n\n\n\n<pre class=\"wp-block-preformatted\">Principalmente son de Nextlalpan, Jaltenco, Zumpango y Tecamac, Estado de M\u00e9xico; Tizayuca, Hidalgo, y un segmento considerable de 30 por ciento de la Ciudad de M\u00e9xico.<\/pre>\n\n\n<div class=\"sabox-plus-item\"><div class=\"saboxplugin-wrap\" itemtype=\"http:\/\/schema.org\/Person\" itemscope itemprop=\"author\"><div class=\"saboxplugin-tab\"><div class=\"saboxplugin-gravatar\"><img alt='Gerardo \u00c1vila' src='https:\/\/revistaacropolis.com\/wp-content\/litespeed\/avatar\/e81f1bcdd3a94e62cb873aa6313818fc.jpg?ver=1777583959' srcset='https:\/\/revistaacropolis.com\/wp-content\/litespeed\/avatar\/0524445a833f0350e81c0e5d19ef33ad.jpg?ver=1777583959 2x' class='avatar avatar-100 photo' height='100' width='100' itemprop=\"image\"\/><\/div><div class=\"saboxplugin-authorname\"><a href=\"https:\/\/revistaacropolis.com\/index.php\/author\/gerardo-avila\/\" class=\"vcard author\" rel=\"author\"><span class=\"fn\">Gerardo \u00c1vila<\/span><\/a><\/div><div class=\"saboxplugin-desc\"><div itemprop=\"description\"><p>Editor general, reportero<\/p>\n<\/div><\/div><div class=\"clearfix\"><\/div><\/div><\/div><\/div>","protected":false},"excerpt":{"rendered":"<p>sidro Pastor\u00a0Medrano, director general del l Aeropuerto Internacional Felipe \u00c1ngeles (AIFA), afirm\u00f3 que ha tenido comunicaci\u00f3n con las autoridades de Hidalgo y transportistas para que generen rutas de comunicaci\u00f3n <\/p>\n","protected":false},"author":4,"featured_media":859,"comment_status":"closed","ping_status":"closed","sticky":false,"template":"","format":"standard","meta":{"two_page_speed":[],"_joinchat":[],"footnotes":""},"categories":[39,1],"tags":[107,89,210],"class_list":["post-856","post","type-post","status-publish","format-standard","has-post-thumbnail","hentry","category-empresarial","category-politica","tag-aifa","tag-hidalgo","tag-transporte"],"_links":{"self":[{"href":"https:\/\/revistaacropolis.com\/index.php\/wp-json\/wp\/v2\/posts\/856","targetHints":{"allow":["GET"]}}],"collection":[{"href":"https:\/\/revistaacropolis.com\/index.php\/wp-json\/wp\/v2\/posts"}],"about":[{"href":"https:\/\/revistaacropolis.com\/index.php\/wp-json\/wp\/v2\/types\/post"}],"author":[{"embeddable":true,"href":"https:\/\/revistaacropolis.com\/index.php\/wp-json\/wp\/v2\/users\/4"}],"replies":[{"embeddable":true,"href":"https:\/\/revistaacropolis.com\/index.php\/wp-json\/wp\/v2\/comments?post=856"}],"version-history":[{"count":5,"href":"https:\/\/revistaacropolis.com\/index.php\/wp-json\/wp\/v2\/posts\/856\/revisions"}],"predecessor-version":[{"id":869,"href":"https:\/\/revistaacropolis.com\/index.php\/wp-json\/wp\/v2\/posts\/856\/revisions\/869"}],"wp:featuredmedia":[{"embeddable":true,"href":"https:\/\/revistaacropolis.com\/index.php\/wp-json\/wp\/v2\/media\/859"}],"wp:attachment":[{"href":"https:\/\/revistaacropolis.com\/index.php\/wp-json\/wp\/v2\/media?parent=856"}],"wp:term":[{"taxonomy":"category","embeddable":true,"href":"https:\/\/revistaacropolis.com\/index.php\/wp-json\/wp\/v2\/categories?post=856"},{"taxonomy":"post_tag","embeddable":true,"href":"https:\/\/revistaacropolis.com\/index.php\/wp-json\/wp\/v2\/tags?post=856"}],"curies":[{"name":"wp","href":"https:\/\/api.w.org\/{rel}","templated":true}]}}