{"id":8661,"date":"2023-09-16T02:03:21","date_gmt":"2023-09-16T02:03:21","guid":{"rendered":"https:\/\/revistaacropolis.com\/?p=8661"},"modified":"2023-09-16T02:03:24","modified_gmt":"2023-09-16T02:03:24","slug":"pese-a-protesta-de-policias-habra-grito-en-tizayuca-menchaca","status":"publish","type":"post","link":"https:\/\/revistaacropolis.com\/index.php\/pese-a-protesta-de-policias-habra-grito-en-tizayuca-menchaca\/politica\/","title":{"rendered":"Pese a protesta de polic\u00edas, habr\u00e1 Grito en Tizayuca: Menchaca\u00a0"},"content":{"rendered":"\n<p>El gobernador Julio Menchaca Salazar <strong>que la protesta que por la ma\u00f1ana realizaron polic\u00edas de Tizayuca no dej\u00f3 al municipio sin elementos, por lo cual esta noche se llevar\u00e1 a cabo la ceremonia del Grito<\/strong> de Independencia.<\/p>\n\n\n\n<p>\u201cEsta desplegada toda el \u00e1rea de seguridad p\u00fablica y es un grupo de polic\u00eda en Tizayuca, pero la mayor\u00eda est\u00e1 trabajando y yo espero que asuma su responsabilidad\u201d, expuso previo a la ceremonia que encantar\u00e1\u00a0\u00a0en plaza Ju\u00e1rez.<\/p>\n\n\n\n<p>Asever\u00f3 que en materia de seguridad ese municipio <strong>es una zona \u201cparticularmente con atenci\u00f3n del estado\u201d,<\/strong> pues es una de las entrada a Hidalgo, donde se registra la extorsi\u00f3n de transportistas.<\/p>\n\n\n\n<blockquote class=\"wp-block-quote is-layout-flow wp-block-quote-is-layout-flow\">\n<p>Va a estar todo un dispositivo\u201d, asegur\u00f3 el senador con licencia.<\/p>\n<\/blockquote>\n\n\n\n<p>El secretario de Seguridad P\u00fablica de la entidad, <strong>Salvador Cruz Neri, afirm\u00f3 que todos los elementos ya retomaron sus actividades.\u00a0<\/strong><\/p>\n\n\n\n<p>Asegur\u00f3 que el estado de fuerza con que cuenta Tizayuca <strong>es de 183 uniformados,<\/strong> quienes el lunes tendr\u00e1n una reuni\u00f3n con la alcaldesa morenista Susana \u00c1ngeles Quezada para retomar sus demandas.<\/p>\n\n\n\n<p><\/p>\n\n\n\n<p>Por la ma\u00f1ana, <strong>un grupo de polic\u00edas se manifest\u00f3 para exigir la destituci\u00f3n del secretario de Seguridad P\u00fablica local, Marcos Manuel S\u00e1nchez Garay<\/strong>, as\u00ed como el respeto de sus derechos laborales.<\/p>\n\n\n\n<figure class=\"wp-block-image size-large\"><img fetchpriority=\"high\" decoding=\"async\" width=\"1024\" height=\"587\" src=\"https:\/\/revistaacropolis.com\/wp-content\/uploads\/2023\/09\/IMG_8138-1024x587.jpeg\" alt=\"\" class=\"wp-image-8662\" srcset=\"https:\/\/revistaacropolis.com\/wp-content\/uploads\/2023\/09\/IMG_8138-1024x587.jpeg 1024w, https:\/\/revistaacropolis.com\/wp-content\/uploads\/2023\/09\/IMG_8138-300x172.jpeg 300w, https:\/\/revistaacropolis.com\/wp-content\/uploads\/2023\/09\/IMG_8138-768x440.jpeg 768w, https:\/\/revistaacropolis.com\/wp-content\/uploads\/2023\/09\/IMG_8138-600x344.jpeg 600w, https:\/\/revistaacropolis.com\/wp-content\/uploads\/2023\/09\/IMG_8138.jpeg 1179w\" sizes=\"(max-width: 1024px) 100vw, 1024px\" \/><\/figure>\n\n\n\n<p>Horas m\u00e1s tarde, la edil dialog\u00f3 con los uniformados, <strong>quienes le reclamaron que deben el Impuesto sobre la Renta (ISR) del a\u00f1o pasado y de este y que las autoridades municipales no les han dado explicaciones.<\/strong><\/p>\n\n\n\n<p>Asimismo, le recriminaron que <strong>llevan tres\u00a0\u00a0a\u00f1os sin el aumento salarial <\/strong>prometido ni su respectivo retroactivo.<\/p>\n\n\n\n<figure class=\"wp-block-image size-large\"><img decoding=\"async\" width=\"1024\" height=\"577\" src=\"https:\/\/revistaacropolis.com\/wp-content\/uploads\/2023\/09\/IMG_8137-1024x577.jpeg\" alt=\"\" class=\"wp-image-8663\" srcset=\"https:\/\/revistaacropolis.com\/wp-content\/uploads\/2023\/09\/IMG_8137-1024x577.jpeg 1024w, https:\/\/revistaacropolis.com\/wp-content\/uploads\/2023\/09\/IMG_8137-300x169.jpeg 300w, https:\/\/revistaacropolis.com\/wp-content\/uploads\/2023\/09\/IMG_8137-768x433.jpeg 768w, https:\/\/revistaacropolis.com\/wp-content\/uploads\/2023\/09\/IMG_8137-600x338.jpeg 600w, https:\/\/revistaacropolis.com\/wp-content\/uploads\/2023\/09\/IMG_8137.jpeg 1179w\" sizes=\"(max-width: 1024px) 100vw, 1024px\" \/><\/figure>\n\n\n\n<blockquote class=\"wp-block-quote is-layout-flow wp-block-quote-is-layout-flow\">\n<p>Nosotros queremos tener una certeza, se\u00f1ora presidenta, pues que nos cumpla esas palabras, que no nada m\u00e1s quede aqu\u00ed frente a los medios. Ese es nuestro temor, nuestra incertidumbre\u201d, expuso uno de los uniformados.<\/p>\n<\/blockquote>\n\n\n\n<p>ESPERAN PLAZA LLENA<\/p>\n\n\n\n<p>Menchaca Salazar consider\u00f3 que esta noche se llenar\u00e1 la plaza Ju\u00e1rez, donde dar\u00e1 el Grito y se presentar\u00e1n R\u00edo Roma y Los \u00c1ngeles Azules.<\/p>\n\n\n\n<blockquote class=\"wp-block-quote is-layout-flow wp-block-quote-is-layout-flow\">\n<p>Es un d\u00eda de festejo y de prudencia tambi\u00e9n, hay un dispositivo de seguridad y yo estoy convencido de que ser\u00e1 una celebraci\u00f3n muy creativa en todos los municipios del estado\u201d, dijo.<\/p>\n<\/blockquote>\n\n\n\n<p>Agreg\u00f3 que \u00fanicamente no habr\u00e1 ceremonia patria en en Zacualtip\u00e1n.<\/p>\n","protected":false},"excerpt":{"rendered":"<p>El gobernador Julio Menchaca Salazar que la protesta que por la ma\u00f1ana realizaron polic\u00edas de Tizayuca no dej\u00f3 al municipio sin elementos, por lo cual esta noche se llevar\u00e1 a&hellip; <\/p>\n","protected":false},"author":4,"featured_media":0,"comment_status":"closed","ping_status":"closed","sticky":false,"template":"","format":"standard","meta":{"two_page_speed":[],"_joinchat":[],"footnotes":""},"categories":[1],"tags":[],"class_list":["post-8661","post","type-post","status-publish","format-standard","hentry","category-politica"],"_links":{"self":[{"href":"https:\/\/revistaacropolis.com\/index.php\/wp-json\/wp\/v2\/posts\/8661","targetHints":{"allow":["GET"]}}],"collection":[{"href":"https:\/\/revistaacropolis.com\/index.php\/wp-json\/wp\/v2\/posts"}],"about":[{"href":"https:\/\/revistaacropolis.com\/index.php\/wp-json\/wp\/v2\/types\/post"}],"author":[{"embeddable":true,"href":"https:\/\/revistaacropolis.com\/index.php\/wp-json\/wp\/v2\/users\/4"}],"replies":[{"embeddable":true,"href":"https:\/\/revistaacropolis.com\/index.php\/wp-json\/wp\/v2\/comments?post=8661"}],"version-history":[{"count":1,"href":"https:\/\/revistaacropolis.com\/index.php\/wp-json\/wp\/v2\/posts\/8661\/revisions"}],"predecessor-version":[{"id":8664,"href":"https:\/\/revistaacropolis.com\/index.php\/wp-json\/wp\/v2\/posts\/8661\/revisions\/8664"}],"wp:attachment":[{"href":"https:\/\/revistaacropolis.com\/index.php\/wp-json\/wp\/v2\/media?parent=8661"}],"wp:term":[{"taxonomy":"category","embeddable":true,"href":"https:\/\/revistaacropolis.com\/index.php\/wp-json\/wp\/v2\/categories?post=8661"},{"taxonomy":"post_tag","embeddable":true,"href":"https:\/\/revistaacropolis.com\/index.php\/wp-json\/wp\/v2\/tags?post=8661"}],"curies":[{"name":"wp","href":"https:\/\/api.w.org\/{rel}","templated":true}]}}