{"id":8687,"date":"2023-09-17T20:53:13","date_gmt":"2023-09-17T20:53:13","guid":{"rendered":"https:\/\/revistaacropolis.com\/?p=8687"},"modified":"2023-09-17T21:40:51","modified_gmt":"2023-09-17T21:40:51","slug":"vinculan-a-proceso-a-edil-de-nopala-por-caso-de-estafa-siniestra","status":"publish","type":"post","link":"https:\/\/revistaacropolis.com\/index.php\/vinculan-a-proceso-a-edil-de-nopala-por-caso-de-estafa-siniestra\/politica\/","title":{"rendered":"Vinculan a proceso a edil de Nopala por caso de Estafa Siniestra"},"content":{"rendered":"\n<p><br>La juez de control Karina V\u00e9rtiz Mar\u00edn <strong>vincul\u00f3 a proceso al alcalde suspendido de Nopala, Luis Enrique Cadena Garc\u00eda, imputado por el delito de uso il\u00edcito de atribuciones y facultades<\/strong> agravado, en la llamada Estafa Siniestro.<\/p>\n\n\n\n<p>En continuaci\u00f3n de audiencia inicial, la juzgadora <strong>mantuvo la medida cautelar la prisi\u00f3n preventiva y estableci\u00f3 un plazo de tres meses para el cierre de la investigaci\u00f3n complementaria,<\/strong> inform\u00f3 el encargado de la Procuradur\u00eda General de Justicia de Hidalgo (PGJH), Santiago Nieto Castillo, en sus redes sociales.<\/p>\n\n\n\n<p>El morenista es investigado por presuntamente <strong>firmar de manera ilegal dos contratos por 71 millones 960 mil 890 pesos, <\/strong>por adjudicaci\u00f3n directa, el 22 de marzo de 2022.<\/p>\n\n\n\n<p>El primero de ellos fue por arrendamiento de maquinaria y equipo para rehabilitar caminos rurales, ganaderos, calles y carreteras, por un monto de 22 millones 610 mil 890 pesos; mientras que el segundo fue para adquirir servicios de mantenimiento y limpieza, fumigaci\u00f3n domiciliaria, as\u00ed como para el control del mosco&nbsp;<em>culex<\/em>, por un monto de 49 millones 350 mil pesos.<\/p>\n\n\n\n<p>Cadena Garc\u00eda <strong>fue detenido por agentes de la PGJH un domicilio en el centro de Nopala el pasado 12 de septiembre <\/strong>y presentado ante la juez de control. <strong>Desde ese d\u00eda se encuentran preso en el Centro de Reinserci\u00f3n Social (Cereso).<\/strong><\/p>\n","protected":false},"excerpt":{"rendered":"<p>La juez de control Karina V\u00e9rtiz Mar\u00edn vincul\u00f3 a proceso al alcalde suspendido de Nopala, Luis Enrique Cadena Garc\u00eda, imputado por el delito de uso il\u00edcito de atribuciones y facultades&hellip; <\/p>\n","protected":false},"author":4,"featured_media":8688,"comment_status":"closed","ping_status":"closed","sticky":false,"template":"","format":"standard","meta":{"two_page_speed":[],"_joinchat":[],"footnotes":""},"categories":[1,1078],"tags":[2000,50,2001],"class_list":["post-8687","post","type-post","status-publish","format-standard","has-post-thumbnail","hentry","category-politica","category-seguridadyjusticia","tag-cadena","tag-morena","tag-nopala"],"_links":{"self":[{"href":"https:\/\/revistaacropolis.com\/index.php\/wp-json\/wp\/v2\/posts\/8687","targetHints":{"allow":["GET"]}}],"collection":[{"href":"https:\/\/revistaacropolis.com\/index.php\/wp-json\/wp\/v2\/posts"}],"about":[{"href":"https:\/\/revistaacropolis.com\/index.php\/wp-json\/wp\/v2\/types\/post"}],"author":[{"embeddable":true,"href":"https:\/\/revistaacropolis.com\/index.php\/wp-json\/wp\/v2\/users\/4"}],"replies":[{"embeddable":true,"href":"https:\/\/revistaacropolis.com\/index.php\/wp-json\/wp\/v2\/comments?post=8687"}],"version-history":[{"count":3,"href":"https:\/\/revistaacropolis.com\/index.php\/wp-json\/wp\/v2\/posts\/8687\/revisions"}],"predecessor-version":[{"id":8691,"href":"https:\/\/revistaacropolis.com\/index.php\/wp-json\/wp\/v2\/posts\/8687\/revisions\/8691"}],"wp:featuredmedia":[{"embeddable":true,"href":"https:\/\/revistaacropolis.com\/index.php\/wp-json\/wp\/v2\/media\/8688"}],"wp:attachment":[{"href":"https:\/\/revistaacropolis.com\/index.php\/wp-json\/wp\/v2\/media?parent=8687"}],"wp:term":[{"taxonomy":"category","embeddable":true,"href":"https:\/\/revistaacropolis.com\/index.php\/wp-json\/wp\/v2\/categories?post=8687"},{"taxonomy":"post_tag","embeddable":true,"href":"https:\/\/revistaacropolis.com\/index.php\/wp-json\/wp\/v2\/tags?post=8687"}],"curies":[{"name":"wp","href":"https:\/\/api.w.org\/{rel}","templated":true}]}}