{"id":8729,"date":"2023-09-19T04:40:40","date_gmt":"2023-09-19T04:40:40","guid":{"rendered":"https:\/\/revistaacropolis.com\/?p=8729"},"modified":"2023-09-19T04:53:48","modified_gmt":"2023-09-19T04:53:48","slug":"no-sudo-calenturas-ajenas-natividad-sobre-audio-de-su-supuesta-salida-y-fragoso-sucesor","status":"publish","type":"post","link":"https:\/\/revistaacropolis.com\/index.php\/no-sudo-calenturas-ajenas-natividad-sobre-audio-de-su-supuesta-salida-y-fragoso-sucesor\/politica\/","title":{"rendered":"\u201cNo sudo calenturas ajenas\u201d, Natividad sobre audio de su supuesta salida y Fragoso sucesor"},"content":{"rendered":"\n<p>Tras la publicaci\u00f3n de un audio en el que presuntamente el subsecretario de Educaci\u00f3n Superior de Hidalgo, <strong>Daniel Fragoso Torres, afirma que \u00e9l ser\u00e1 el titular de la Secretar\u00eda de Educaci\u00f3n P\u00fablica de Hidalgo (SEPH) una vez que Natividad Castrej\u00f3n Valdez \u201csalga de candidato\u201d<\/strong>, este afirm\u00f3 que nunca ha tocado el tema de su salida con el gobernador Julio Menchaca Salazar y no se distrae en \u00abtonter\u00edas\u00bb.&nbsp;<\/p>\n\n\n\n<p>\u201cCada qui\u00e9n es responsable de lo que dice, yo estoy trabajando en el proyecto que me encarg\u00f3 el gobernador del estado, no estoy distra\u00eddo en ninguna otra tonter\u00eda\u201d, dijo el funcionario.<\/p>\n\n\n\n<p>El titular de la SEPH sostuvo que, antes de pensar en candidatas, <strong>habr\u00e1 que esperar las alianzas, el g\u00e9nero de postulaci\u00f3n y la decisi\u00f3n&nbsp; de \u201clo que el partido quiera\u201d.<\/strong><\/p>\n\n\n\n<figure class=\"wp-block-pullquote\"><blockquote><p>Yo no estoy en ese tema\u201d, expres\u00f3 el funcionario.<\/p><\/blockquote><\/figure>\n\n\n\n<p>En el audio de 16 segundos difundido en redes sociales, se escucha decir: <strong>\u201cYa est\u00e1 todo amarrado, voy a ser yo cuando el se\u00f1or salga de candidato, me va a dejar su lugar, y esa instrucci\u00f3n est\u00e1 desde hace tres meses, y vas a ver como me las van a pelar, pero \u00e9chame la mano\u201d.<\/strong><\/p>\n\n\n\n<p>Castrej\u00f3n Valdez indic\u00f3 que cuando se enter\u00f3 le mand\u00f3 el audio a Fragoso Torres, a lo que el subsecretario le dijo que \u201cno es su voz, que est\u00e1 editado\u201d.<\/p>\n\n\n\n<blockquote class=\"wp-block-quote is-layout-flow wp-block-quote-is-layout-flow\">\n<p>Lo que yo lamento es que, algo que es ilegal, nadie tiene porque meterse en las conversaciones de otro, ignoro c\u00f3mo es que lo tomaron o si deberas est\u00e1 hecho en computadora o si de verdad es suyo, pero eso no debe pasar en ning\u00fan estado civilizado\u201d, expuso.<\/p>\n<\/blockquote>\n\n\n\n<figure class=\"wp-block-video\"><video height=\"720\" style=\"aspect-ratio: 1280 \/ 720;\" width=\"1280\" controls src=\"https:\/\/revistaacropolis.com\/wp-content\/uploads\/2023\/09\/380724633_602083875473524_5255509076177485442_n.mp4\"><\/video><\/figure>\n\n\n\n<p>Asever\u00f3 que en los pr\u00f3ximos meses \u201cva a subir una guerra sucia\u201d en su contra por ser un acto pol\u00edtico.<\/p>\n\n\n\n<p>\u201cHay <strong>algunos que andan desesperados,<\/strong> yo tengo trabajo (&#8230;) entonces lo hago con responsabilidad, lo disfruto cada d\u00eda y <strong>no ando sudando calenturas ajenas<\/strong>\u201d, sostuvo.<\/p>\n\n\n\n<h3 class=\"wp-block-heading\">SOSTIENE FRAGOSO QUE AUDIO ES \u00abFABRICADO\u00bb<\/h3>\n\n\n\n<p>Al respecto, Fragoso Torres afirm\u00f3 estar \u00abmuy enojado\u00bb y asever\u00f3 que el audio<strong> es una pieza \u00abfabricada\u00bb.<\/strong><\/p>\n\n\n\n<p>\u201cNo soy, yo no ando pensando en esas cosas, tengo mucho trabajo, estoy muy agradecido con el secretario y con el gobernador por la confianza que me brindaron y que me siguen brindando todos los d\u00edas, yo no estoy pensando en ese tipo de cosas, yo m\u00e1s bien creo que tengo otras cosas m\u00e1s interesantes y much\u00edsimo m\u00e1s compleja en qu\u00e9 trabajar todos los d\u00edas que andar pensando en algo que no me corresponde\u201d, afirm\u00f3.<\/p>\n\n\n\n<p>Atribuy\u00f3 el audio a \u201calguien que tiene demasiado mucho tiempo libre\u201d y que lo ve \u201cde esa manera\u201d, como secretario.<\/p>\n\n\n\n<p>Insisti\u00f3 en que <strong>en una parte del audio \u201cse escucha la voz como de un chavito\u201d<\/strong> y afirm\u00f3 que no tendr\u00eda para qu\u00e9 decirle a alguien que le \u201cechara la mano\u201d.<\/p>\n\n\n\n<blockquote class=\"wp-block-quote is-layout-flow wp-block-quote-is-layout-flow\">\n<p>No tiene sentido, a parte hablar de ese tipo de cosas ser\u00eda yo tonto en hacerlo o pensarlo, yo solito me dar\u00eda una patada. La verdad es que no s\u00e9 qui\u00e9n tenga tanta tirria contra mi. No soy yo\u201d, afirm\u00f3 el subsecretario, quien dijo que lo buscan desprestigiar o enemistarlos como equipo de trabajo.<\/p>\n<\/blockquote>\n","protected":false},"excerpt":{"rendered":"<p>Tras la publicaci\u00f3n de un audio en el que presuntamente el subsecretario de Educaci\u00f3n Superior de Hidalgo, Daniel Fragoso Torres, afirma que \u00e9l ser\u00e1 el titular de la Secretar\u00eda de&hellip; <\/p>\n","protected":false},"author":4,"featured_media":8731,"comment_status":"closed","ping_status":"closed","sticky":false,"template":"","format":"standard","meta":{"two_page_speed":[],"_joinchat":[],"footnotes":""},"categories":[1,57],"tags":[2013,185,119],"class_list":["post-8729","post","type-post","status-publish","format-standard","has-post-thumbnail","hentry","category-politica","category-sociedad","tag-fragoso","tag-natividad-castrejon","tag-seph"],"_links":{"self":[{"href":"https:\/\/revistaacropolis.com\/index.php\/wp-json\/wp\/v2\/posts\/8729","targetHints":{"allow":["GET"]}}],"collection":[{"href":"https:\/\/revistaacropolis.com\/index.php\/wp-json\/wp\/v2\/posts"}],"about":[{"href":"https:\/\/revistaacropolis.com\/index.php\/wp-json\/wp\/v2\/types\/post"}],"author":[{"embeddable":true,"href":"https:\/\/revistaacropolis.com\/index.php\/wp-json\/wp\/v2\/users\/4"}],"replies":[{"embeddable":true,"href":"https:\/\/revistaacropolis.com\/index.php\/wp-json\/wp\/v2\/comments?post=8729"}],"version-history":[{"count":2,"href":"https:\/\/revistaacropolis.com\/index.php\/wp-json\/wp\/v2\/posts\/8729\/revisions"}],"predecessor-version":[{"id":8734,"href":"https:\/\/revistaacropolis.com\/index.php\/wp-json\/wp\/v2\/posts\/8729\/revisions\/8734"}],"wp:featuredmedia":[{"embeddable":true,"href":"https:\/\/revistaacropolis.com\/index.php\/wp-json\/wp\/v2\/media\/8731"}],"wp:attachment":[{"href":"https:\/\/revistaacropolis.com\/index.php\/wp-json\/wp\/v2\/media?parent=8729"}],"wp:term":[{"taxonomy":"category","embeddable":true,"href":"https:\/\/revistaacropolis.com\/index.php\/wp-json\/wp\/v2\/categories?post=8729"},{"taxonomy":"post_tag","embeddable":true,"href":"https:\/\/revistaacropolis.com\/index.php\/wp-json\/wp\/v2\/tags?post=8729"}],"curies":[{"name":"wp","href":"https:\/\/api.w.org\/{rel}","templated":true}]}}