{"id":8906,"date":"2023-09-26T20:42:00","date_gmt":"2023-09-26T20:42:00","guid":{"rendered":"https:\/\/revistaacropolis.com\/?p=8906"},"modified":"2023-09-26T20:48:16","modified_gmt":"2023-09-26T20:48:16","slug":"martha-gabriela-garcia-guerrero-nueva-presidenta-y-directora-del-dif-de-tula-de-allende","status":"publish","type":"post","link":"https:\/\/revistaacropolis.com\/index.php\/martha-gabriela-garcia-guerrero-nueva-presidenta-y-directora-del-dif-de-tula-de-allende\/sociedad\/","title":{"rendered":"Martha Gabriela Garc\u00eda Guerrero, nueva Presidenta y Directora del DIF de Tula de Allende"},"content":{"rendered":"\n<p>La Junta de Gobierno de Tula de Allende, ratific\u00f3 el nombramiento de la Maestra Martha Gabriela Garc\u00eda Guerrero como Presidenta y Directora del Sistema Municipal para el Desarrollo Integral de la Familia (DIF). Este nombramiento representa un fortalecimiento significativo de la direcci\u00f3n, visi\u00f3n y gesti\u00f3n de esta instituci\u00f3n, cuya misi\u00f3n primordial es velar por el desarrollo y bienestar de las y los tulenses, as\u00ed como de los grupos m\u00e1s vulnerables de la sociedad.<\/p>\n\n\n\n<p>La formalizaci\u00f3n del nombramiento de la Maestra Garc\u00eda Guerrero, tuvo lugar durante la 3\u00aa Sesi\u00f3n Ordinaria de la Junta de Gobierno, un acto en el que se destac\u00f3 su compromiso con los valores de solidaridad, igualdad y justicia social que caracterizan al municipio. Los nuevos miembros de la Junta expresaron su confianza en su liderazgo y capacidad para guiar al Sistema Municipal para el Desarrollo Integral de la Familia hacia un futuro m\u00e1s prometedor.<\/p>\n\n\n\n<p>En esta misma sesi\u00f3n, se procedi\u00f3 a la aprobaci\u00f3n del organigrama del Sistema Municipal para el Desarrollo Integral de la Familia de Tula de Allende, con el objetivo de garantizar una estructura eficiente y efectiva que respalde los esfuerzos de la instituci\u00f3n.<\/p>\n\n\n\n<p>El Sistema Municipal para el Desarrollo Integral de la Familia desempe\u00f1a un papel crucial en la promoci\u00f3n de la igualdad, la atenci\u00f3n a grupos vulnerables y la promoci\u00f3n de pol\u00edticas inclusivas en nuestra comunidad. Con la Maestra Martha Gabriela Garc\u00eda Guerrero, al frente, esta instituci\u00f3n continuar\u00e1 siendo un motor de progreso y bienestar para todas las familias de Tula de Allende.<\/p>\n\n\n\n<p>Dentro de los servicios que ofrece el Sistema Municipal se incluyen atenci\u00f3n m\u00e9dica, orientaci\u00f3n psicol\u00f3gica, consultas odontol\u00f3gicas, apoyo a v\u00edctimas de violencia, alimentaci\u00f3n balanceada y apoyos para adultos mayores, entre otros. Estos servicios son esenciales para mejorar la calidad de vida de nuestras familias y fortalecer la cohesi\u00f3n social en Tula de Allende.<\/p>\n\n\n\n<p>El Gobierno Municipal de Tula de Allende, celebra este nombramiento y reafirma su compromiso de trabajar en conjunto con la Maestra Martha Gabriela Garc\u00eda Guerrero y el DIF para garantizar un municipio m\u00e1s inclusivo y pr\u00f3spero.<\/p>\n\n\n\n<figure class=\"wp-block-image size-large is-resized\"><img fetchpriority=\"high\" decoding=\"async\" src=\"https:\/\/revistaacropolis.com\/wp-content\/uploads\/2023\/09\/WhatsApp-Image-2023-09-25-at-5.16.22-PM-684x1024.jpeg\" alt=\"\" class=\"wp-image-8907\" width=\"321\" height=\"480\" srcset=\"https:\/\/revistaacropolis.com\/wp-content\/uploads\/2023\/09\/WhatsApp-Image-2023-09-25-at-5.16.22-PM-684x1024.jpeg 684w, https:\/\/revistaacropolis.com\/wp-content\/uploads\/2023\/09\/WhatsApp-Image-2023-09-25-at-5.16.22-PM-200x300.jpeg 200w, https:\/\/revistaacropolis.com\/wp-content\/uploads\/2023\/09\/WhatsApp-Image-2023-09-25-at-5.16.22-PM-768x1151.jpeg 768w, https:\/\/revistaacropolis.com\/wp-content\/uploads\/2023\/09\/WhatsApp-Image-2023-09-25-at-5.16.22-PM-1025x1536.jpeg 1025w, https:\/\/revistaacropolis.com\/wp-content\/uploads\/2023\/09\/WhatsApp-Image-2023-09-25-at-5.16.22-PM-401x600.jpeg 401w, https:\/\/revistaacropolis.com\/wp-content\/uploads\/2023\/09\/WhatsApp-Image-2023-09-25-at-5.16.22-PM.jpeg 1068w\" sizes=\"(max-width: 321px) 100vw, 321px\" \/><\/figure>\n","protected":false},"excerpt":{"rendered":"<p>La Junta de Gobierno de Tula de Allende, ratific\u00f3 el nombramiento de la Maestra Martha Gabriela Garc\u00eda Guerrero como Presidenta y Directora del Sistema Municipal para el Desarrollo Integral de&hellip; <\/p>\n","protected":false},"author":4,"featured_media":8908,"comment_status":"closed","ping_status":"closed","sticky":false,"template":"","format":"standard","meta":{"two_page_speed":[],"_joinchat":[],"footnotes":""},"categories":[86,57],"tags":[],"class_list":["post-8906","post","type-post","status-publish","format-standard","has-post-thumbnail","hentry","category-comunicados","category-sociedad"],"_links":{"self":[{"href":"https:\/\/revistaacropolis.com\/index.php\/wp-json\/wp\/v2\/posts\/8906","targetHints":{"allow":["GET"]}}],"collection":[{"href":"https:\/\/revistaacropolis.com\/index.php\/wp-json\/wp\/v2\/posts"}],"about":[{"href":"https:\/\/revistaacropolis.com\/index.php\/wp-json\/wp\/v2\/types\/post"}],"author":[{"embeddable":true,"href":"https:\/\/revistaacropolis.com\/index.php\/wp-json\/wp\/v2\/users\/4"}],"replies":[{"embeddable":true,"href":"https:\/\/revistaacropolis.com\/index.php\/wp-json\/wp\/v2\/comments?post=8906"}],"version-history":[{"count":2,"href":"https:\/\/revistaacropolis.com\/index.php\/wp-json\/wp\/v2\/posts\/8906\/revisions"}],"predecessor-version":[{"id":8913,"href":"https:\/\/revistaacropolis.com\/index.php\/wp-json\/wp\/v2\/posts\/8906\/revisions\/8913"}],"wp:featuredmedia":[{"embeddable":true,"href":"https:\/\/revistaacropolis.com\/index.php\/wp-json\/wp\/v2\/media\/8908"}],"wp:attachment":[{"href":"https:\/\/revistaacropolis.com\/index.php\/wp-json\/wp\/v2\/media?parent=8906"}],"wp:term":[{"taxonomy":"category","embeddable":true,"href":"https:\/\/revistaacropolis.com\/index.php\/wp-json\/wp\/v2\/categories?post=8906"},{"taxonomy":"post_tag","embeddable":true,"href":"https:\/\/revistaacropolis.com\/index.php\/wp-json\/wp\/v2\/tags?post=8906"}],"curies":[{"name":"wp","href":"https:\/\/api.w.org\/{rel}","templated":true}]}}