{"id":9031,"date":"2023-10-02T18:38:33","date_gmt":"2023-10-02T18:38:33","guid":{"rendered":"https:\/\/revistaacropolis.com\/?p=9031"},"modified":"2023-10-02T18:38:36","modified_gmt":"2023-10-02T18:38:36","slug":"tras-dias-de-trabajo-el-ayuntamiento-de-tula-anuncio-la-apertura-del-puente-5-de-mayo","status":"publish","type":"post","link":"https:\/\/revistaacropolis.com\/index.php\/tras-dias-de-trabajo-el-ayuntamiento-de-tula-anuncio-la-apertura-del-puente-5-de-mayo\/sociedad\/comunicados\/","title":{"rendered":"Tras d\u00edas de trabajo, El ayuntamiento de Tula, anunci\u00f3 la apertura del Puente 5 de mayo"},"content":{"rendered":"\n<p>El Gobierno Municipal de Tula, bajo el liderazgo del presidente Mario Francisco Guzm\u00e1n, en coordinaci\u00f3n con la Comisi\u00f3n Nacional del Agua (CONAGUA), informa a la poblaci\u00f3n sobre la apertura del Puente 5 de Mayo, que se llev\u00f3 a cabo este fin de semana.<\/p>\n\n\n\n<p>Este logro representa el resultado de un arduo trabajo conjunto entre ambas entidades, con el objetivo de garantizar la seguridad y la funcionalidad de esta vital infraestructura vial.<\/p>\n\n\n\n<p>Destacando la importancia de este puente para la poblaci\u00f3n, se llevaron a cabo las siguientes acciones:<\/p>\n\n\n\n<ul class=\"wp-block-list\">\n<li>Trabajos de reforzamiento y colado de muros de contenci\u00f3n para prevenir deslizamientos y posibles fallas estructurales.<\/li>\n\n\n\n<li>Apuntalamiento ejecutado en ambos m\u00e1rgenes del puente para asegurar la contenci\u00f3n adecuada de estas estructuras, fortaleciendo la seguridad y estabilidad del mismo.<\/li>\n<\/ul>\n\n\n\n<p>El Gobierno Municipal de Tula, agradece la colaboraci\u00f3n de CONAGUA y el compromiso de todos los involucrados en este proyecto, que beneficia directamente a la poblaci\u00f3n.<\/p>\n","protected":false},"excerpt":{"rendered":"<p>El Gobierno Municipal de Tula, bajo el liderazgo del presidente Mario Francisco Guzm\u00e1n, en coordinaci\u00f3n con la Comisi\u00f3n Nacional del Agua (CONAGUA), informa a la poblaci\u00f3n sobre la apertura del&hellip; <\/p>\n","protected":false},"author":4,"featured_media":9032,"comment_status":"closed","ping_status":"closed","sticky":false,"template":"","format":"standard","meta":{"two_page_speed":[],"_joinchat":[],"footnotes":""},"categories":[86,1078],"tags":[],"class_list":["post-9031","post","type-post","status-publish","format-standard","has-post-thumbnail","hentry","category-comunicados","category-seguridadyjusticia"],"_links":{"self":[{"href":"https:\/\/revistaacropolis.com\/index.php\/wp-json\/wp\/v2\/posts\/9031","targetHints":{"allow":["GET"]}}],"collection":[{"href":"https:\/\/revistaacropolis.com\/index.php\/wp-json\/wp\/v2\/posts"}],"about":[{"href":"https:\/\/revistaacropolis.com\/index.php\/wp-json\/wp\/v2\/types\/post"}],"author":[{"embeddable":true,"href":"https:\/\/revistaacropolis.com\/index.php\/wp-json\/wp\/v2\/users\/4"}],"replies":[{"embeddable":true,"href":"https:\/\/revistaacropolis.com\/index.php\/wp-json\/wp\/v2\/comments?post=9031"}],"version-history":[{"count":1,"href":"https:\/\/revistaacropolis.com\/index.php\/wp-json\/wp\/v2\/posts\/9031\/revisions"}],"predecessor-version":[{"id":9033,"href":"https:\/\/revistaacropolis.com\/index.php\/wp-json\/wp\/v2\/posts\/9031\/revisions\/9033"}],"wp:featuredmedia":[{"embeddable":true,"href":"https:\/\/revistaacropolis.com\/index.php\/wp-json\/wp\/v2\/media\/9032"}],"wp:attachment":[{"href":"https:\/\/revistaacropolis.com\/index.php\/wp-json\/wp\/v2\/media?parent=9031"}],"wp:term":[{"taxonomy":"category","embeddable":true,"href":"https:\/\/revistaacropolis.com\/index.php\/wp-json\/wp\/v2\/categories?post=9031"},{"taxonomy":"post_tag","embeddable":true,"href":"https:\/\/revistaacropolis.com\/index.php\/wp-json\/wp\/v2\/tags?post=9031"}],"curies":[{"name":"wp","href":"https:\/\/api.w.org\/{rel}","templated":true}]}}