{"id":9228,"date":"2023-10-10T17:59:38","date_gmt":"2023-10-10T17:59:38","guid":{"rendered":"https:\/\/revistaacropolis.com\/?p=9228"},"modified":"2023-10-10T17:59:51","modified_gmt":"2023-10-10T17:59:51","slug":"la-doceava-caravana-rosa-ado-contra-el-cancer-de-mama","status":"publish","type":"post","link":"https:\/\/revistaacropolis.com\/index.php\/la-doceava-caravana-rosa-ado-contra-el-cancer-de-mama\/sociedad\/","title":{"rendered":"La doceava Caravana Rosa ADO contra el c\u00e1ncer de mama"},"content":{"rendered":"\n<p>En el marco de la conmemoraci\u00f3n del mes de octubre, dedicado a concientizar sobre el c\u00e1ncer de mama,<strong> ADO<\/strong>, la empresa socialmente responsable l\u00edder en transporte y movilidad integral, inici\u00f3 la doceava edici\u00f3n de su <strong>\u201cCaravana Rosa ADO\u201d<\/strong>; una iniciativa que comenz\u00f3 en alianza con <strong>FUCAM<\/strong>, y que este a\u00f1o, crece de la mano de nuevos aliados como <strong>SCANIA<\/strong> para acercar m\u00e1s mastograf\u00edas a nuevas sedes.<\/p>\n\n\n\n<p>A trav\u00e9s de su marca ADO, facilitara el diagn\u00f3stico y tratamiento del c\u00e1ncer de mama en M\u00e9xico, promueve la importancia de su detecci\u00f3n temprana, a trav\u00e9s de mastograf\u00edas gratuitas y estudios complementarios para todas aquellas mujeres de 40 a\u00f1os en adelante, del centro, golfo, sur y sureste de M\u00e9xico.<\/p>\n\n\n\n<p>De acuerdo con la Organizaci\u00f3n Mundial de la Salud (OMS), el c\u00e1ncer de mama representa la primera causa de muerte por c\u00e1ncer en las mujeres y, en los \u00faltimos a\u00f1os el n\u00famero de muertes causadas por esta enfermedad ha aumentado de forma alarmante. Cifras de la Organizaci\u00f3n Panamericana de la Salud (OPS), arrojan que anualmente m\u00e1s de 400,000 mujeres son diagnosticadas con c\u00e1ncer de mama, de las cuales cerca del 25% mueren a causa de ello.<\/p>\n\n\n\n<p>Ante este escenario, y con el compromiso de facilitar el diagn\u00f3stico, tratamiento y seguimiento especializado, durante los meses de octubre y noviembre, la Caravana Rosa recorrer\u00e1 las distintas terminales del pa\u00eds para iniciar su campa\u00f1a e impulsar el mensaje de concientizaci\u00f3n <strong>\u201cMi fortaleza est\u00e1 en la detecci\u00f3n\u201d.<\/strong><\/p>\n\n\n\n<p>Este 2023, m\u00e1s de 1500 mastograf\u00edas gratuitas se pondr\u00e1n a disposici\u00f3n en varias ciudades del pa\u00eds, a trav\u00e9s de dos din\u00e1micas, la primera con de atenci\u00f3n de unidades m\u00e9dicas de <strong>FUCAM<\/strong> llegando a las terminales de San Crist\u00f3bal de las Casas, Chiapas, Chilpancingo, Guerrero, y Xalapa, Veracruz, adem\u00e1s de Oaxaca, Oaxaca en donde la atenci\u00f3n ser\u00e1 directamente en las instalaciones de FUCAM, por lo que previamente las interesadas tendr\u00e1n que solicitar su pase rosa en la terminal ADO Oaxaca.<\/p>\n\n\n\n<p>La segunda din\u00e1mica, consiste en solicitar los \u201cPases rosas\u201d en las terminales correspondientes, para recibir atenci\u00f3n en laboratorios afiliados a <strong>ASISTENCIA TOTAL<\/strong>, los cuales estar\u00e1n disponibles en las terminales de la ciudades de Puebla, <strong>Pachuca,<\/strong> Tampico, Veracruz, Villahermosa, M\u00e9rida, Coatzacoalcos y Canc\u00fan.<\/p>\n\n\n\n<p>Cabe resaltar, que como todos los a\u00f1os, se otorgar\u00e1n traslados de forma gratuita a la Ciudad de M\u00e9xico para aquellas pacientes que requieran una segunda evaluaci\u00f3n y tratamiento con <strong>FUCAM.<\/strong><\/p>\n\n\n\n<p>Tras 12 a\u00f1os, <strong>Caravana Rosa ADO<\/strong>, ha realizado m\u00e1s de 12,000 mastograf\u00edas a nivel nacional y ha brindado m\u00e1s de 3,000 cortes\u00edas de viaje para el seguimiento de los respectivos tratamientos.<\/p>\n\n\n\n<p>Caravana Rosa ADO, ha sido anteriormente premiada con un <strong>EFFIE<\/strong> en la categor\u00eda de Impacto Social, certamen que reconoce las estrategias de comunicaci\u00f3n m\u00e1s efectivas: ideas que han arrojado resultados superiores en el cumplimiento de los objetivos para los que fueron dise\u00f1adas y, por lo tanto, se convierten en referentes para informar y educar sobre comunicaci\u00f3n efectiva.<\/p>\n\n\n\n<p><em>\u201cSon las mujeres integrantes de Caravana Rosa ADO, el verdadero motor que impulsa iniciativas como estas. Cuenten con que, en ADO, continuaremos dando nuestro mayor esfuerzo y dedicaci\u00f3n, as\u00ed como lo hacen ellas; para tratar de seguir llegando hasta cada uno de los diferentes rincones de nuestro pa\u00eds y poder apoyar a la mayor cantidad de personas con nuestra campa\u00f1a. Gracias a ellas demostramos que aquella iniciativa que comenz\u00f3 como una idea, ha valido totalmente la pena y hoy, son nuestra inspiraci\u00f3n para seguir recorriendo este camino juntas, permeando la importancia de la realizaci\u00f3n de estudios y autoexploraci\u00f3n mamaria, acercando y promoviendo la cultura de la detecci\u00f3n oportuna a m\u00e1s lugares donde es complicado tener acceso al estudio\u201d, afirm\u00f3 Jorge V\u00e1zquez V\u00e1zquez, Gerente Comercial Hidalgo en MOBILITY ADO y vocero Caravana Rosa Pachuca 2023.<\/em><\/p>\n\n\n\n<p>Es muy importante que como hasta ahora, m\u00e1s y m\u00e1s empresas sumen esfuerzos para movimientos tan importantes como es el llevar a m\u00e1s lugares el mensaje de la detecci\u00f3n a tiempo del c\u00e1ncer de mama, por lo que ADO agradece la colaboraci\u00f3n de aliados tan importantes como <strong>FUCAM, ASISTENCIA TOTAL, SCANIA Y GRISI<\/strong>, quienes se sumaron para hacer posible que las mastograf\u00edas lleguen a m\u00e1s ciudades.<\/p>\n\n\n\n<p>El Lanzamiento Oficial de la Caravana Rosa ADO 2023 que identifica el inicio de esta campa\u00f1a contra el c\u00e1ncer de mama, se llev\u00f3 a cabo el viernes 6 de octubre y tuvo lugar en la Terminal de Villas de Pachuca, donde directivos de ADO, gobierno, medios e invitados se dieron cita refrendando su compromiso en pro de la salud y bienestar de las mujeres de M\u00e9xico.<\/p>\n\n\n\n<p><strong>Para m\u00e1s informaci\u00f3n acerca de la Caravana Rosa 2023, visita: <\/strong><a href=\"http:\/\/www.adocontraelcancer.com.mx\/\"><strong>www.adocontraelcancer.com.mx<\/strong><\/a><strong><\/strong><\/p>\n","protected":false},"excerpt":{"rendered":"<p>En el marco de la conmemoraci\u00f3n del mes de octubre, dedicado a concientizar sobre el c\u00e1ncer de mama, ADO, la empresa socialmente responsable l\u00edder en transporte y movilidad integral, inici\u00f3&hellip; <\/p>\n","protected":false},"author":4,"featured_media":9229,"comment_status":"closed","ping_status":"closed","sticky":false,"template":"","format":"standard","meta":{"two_page_speed":[],"_joinchat":[],"footnotes":""},"categories":[86,57],"tags":[],"class_list":["post-9228","post","type-post","status-publish","format-standard","has-post-thumbnail","hentry","category-comunicados","category-sociedad"],"_links":{"self":[{"href":"https:\/\/revistaacropolis.com\/index.php\/wp-json\/wp\/v2\/posts\/9228","targetHints":{"allow":["GET"]}}],"collection":[{"href":"https:\/\/revistaacropolis.com\/index.php\/wp-json\/wp\/v2\/posts"}],"about":[{"href":"https:\/\/revistaacropolis.com\/index.php\/wp-json\/wp\/v2\/types\/post"}],"author":[{"embeddable":true,"href":"https:\/\/revistaacropolis.com\/index.php\/wp-json\/wp\/v2\/users\/4"}],"replies":[{"embeddable":true,"href":"https:\/\/revistaacropolis.com\/index.php\/wp-json\/wp\/v2\/comments?post=9228"}],"version-history":[{"count":1,"href":"https:\/\/revistaacropolis.com\/index.php\/wp-json\/wp\/v2\/posts\/9228\/revisions"}],"predecessor-version":[{"id":9230,"href":"https:\/\/revistaacropolis.com\/index.php\/wp-json\/wp\/v2\/posts\/9228\/revisions\/9230"}],"wp:featuredmedia":[{"embeddable":true,"href":"https:\/\/revistaacropolis.com\/index.php\/wp-json\/wp\/v2\/media\/9229"}],"wp:attachment":[{"href":"https:\/\/revistaacropolis.com\/index.php\/wp-json\/wp\/v2\/media?parent=9228"}],"wp:term":[{"taxonomy":"category","embeddable":true,"href":"https:\/\/revistaacropolis.com\/index.php\/wp-json\/wp\/v2\/categories?post=9228"},{"taxonomy":"post_tag","embeddable":true,"href":"https:\/\/revistaacropolis.com\/index.php\/wp-json\/wp\/v2\/tags?post=9228"}],"curies":[{"name":"wp","href":"https:\/\/api.w.org\/{rel}","templated":true}]}}