{"id":9460,"date":"2023-10-17T21:29:44","date_gmt":"2023-10-17T21:29:44","guid":{"rendered":"https:\/\/revistaacropolis.com\/?p=9460"},"modified":"2023-10-17T21:29:56","modified_gmt":"2023-10-17T21:29:56","slug":"caminata-rosa-por-omitlan","status":"publish","type":"post","link":"https:\/\/revistaacropolis.com\/index.php\/caminata-rosa-por-omitlan\/sociedad\/","title":{"rendered":"Caminata Rosa por Omitl\u00e1n"},"content":{"rendered":"\n<p>El Centro de Salud de Omitl\u00e1n, la IMDM y el Ayuntamiento Omitl\u00e1n de Ju\u00e1rez 2020 &#8211; 2024 invitan a la poblaci\u00f3n en General a participar en la Caminata Rosa Por Omitl\u00e1n este pr\u00f3ximo jueves 26 de Octubre.<\/p>\n\n\n\n<p><br>Esta caminata se realiza con la finalidad de reafirmar la importancia de la concienciaci\u00f3n sobre la prevenci\u00f3n y detecci\u00f3n oportuna del C\u00e1ncer de Mama en nuestro Municipio.<br><\/p>\n\n\n\n<p>La carrera iniciar\u00e1 en Centro de Salud de Omitl\u00e1n y terminar\u00e1 en la Explanada Principal Omitl\u00e1n y dar\u00e1 inicio a las 9:00 de la ma\u00f1ana.<br><br>Al t\u00e9rmino de la caminata, personal de la IMDM dar\u00e1 una platica dirigida a mujeres acerca de la Autoestima.<\/p>\n\n\n\n<p><br>El ayuntamiento para una mejor organizaci\u00f3n, solicita portar una prenda color rosa Pedimos portar una M\u00e1sFuerteM\u00e1sUnidoM\u00e1sBeneficiosContigo<\/p>\n","protected":false},"excerpt":{"rendered":"<p>El Centro de Salud de Omitl\u00e1n, la IMDM y el Ayuntamiento Omitl\u00e1n de Ju\u00e1rez 2020 &#8211; 2024 invitan a la poblaci\u00f3n en General a participar en la Caminata Rosa Por&hellip; <\/p>\n","protected":false},"author":4,"featured_media":9463,"comment_status":"closed","ping_status":"closed","sticky":false,"template":"","format":"standard","meta":{"two_page_speed":[],"_joinchat":[],"footnotes":""},"categories":[86,57],"tags":[],"class_list":["post-9460","post","type-post","status-publish","format-standard","has-post-thumbnail","hentry","category-comunicados","category-sociedad"],"_links":{"self":[{"href":"https:\/\/revistaacropolis.com\/index.php\/wp-json\/wp\/v2\/posts\/9460","targetHints":{"allow":["GET"]}}],"collection":[{"href":"https:\/\/revistaacropolis.com\/index.php\/wp-json\/wp\/v2\/posts"}],"about":[{"href":"https:\/\/revistaacropolis.com\/index.php\/wp-json\/wp\/v2\/types\/post"}],"author":[{"embeddable":true,"href":"https:\/\/revistaacropolis.com\/index.php\/wp-json\/wp\/v2\/users\/4"}],"replies":[{"embeddable":true,"href":"https:\/\/revistaacropolis.com\/index.php\/wp-json\/wp\/v2\/comments?post=9460"}],"version-history":[{"count":1,"href":"https:\/\/revistaacropolis.com\/index.php\/wp-json\/wp\/v2\/posts\/9460\/revisions"}],"predecessor-version":[{"id":9464,"href":"https:\/\/revistaacropolis.com\/index.php\/wp-json\/wp\/v2\/posts\/9460\/revisions\/9464"}],"wp:featuredmedia":[{"embeddable":true,"href":"https:\/\/revistaacropolis.com\/index.php\/wp-json\/wp\/v2\/media\/9463"}],"wp:attachment":[{"href":"https:\/\/revistaacropolis.com\/index.php\/wp-json\/wp\/v2\/media?parent=9460"}],"wp:term":[{"taxonomy":"category","embeddable":true,"href":"https:\/\/revistaacropolis.com\/index.php\/wp-json\/wp\/v2\/categories?post=9460"},{"taxonomy":"post_tag","embeddable":true,"href":"https:\/\/revistaacropolis.com\/index.php\/wp-json\/wp\/v2\/tags?post=9460"}],"curies":[{"name":"wp","href":"https:\/\/api.w.org\/{rel}","templated":true}]}}