{"id":9619,"date":"2023-10-22T20:45:49","date_gmt":"2023-10-22T20:45:49","guid":{"rendered":"https:\/\/revistaacropolis.com\/?p=9619"},"modified":"2023-10-22T21:01:00","modified_gmt":"2023-10-22T21:01:00","slug":"marchan-trabajadores-del-pjf-en-hidalgo-por-eliminacion-de-13-fidecomisos-se-meten-panistas","status":"publish","type":"post","link":"https:\/\/revistaacropolis.com\/index.php\/marchan-trabajadores-del-pjf-en-hidalgo-por-eliminacion-de-13-fidecomisos-se-meten-panistas\/politica\/","title":{"rendered":"Marchan trabajadores del PJF en Hidalgo por eliminaci\u00f3n de 13 fidecomisos: se meten panistas\u00a0"},"content":{"rendered":"\n<p>Trabajadores del <strong>Poder Judicial de la Federaci\u00f3n (PJF) y sus familiares, abogados\u00a0\u00a0y miembros del Partido Acci\u00f3n Nacional (PAN) marcharon del Reloj a la plaza Ju\u00e1rez y de vuelta en protesta contra la eliminaci\u00f3n de 13 de 14 fideicomisos,<\/strong> pues afirman que los recorte los afectar\u00e1n a ellos y no solo impactar\u00e1n a la Suprema Corte de Justicia (SCJN).\u00a0<\/p>\n\n\n\n<p>\u201cNo somos acarreados, somos abogados\u201d, \u201cPoder Judicial te defiende\u201d, \u201cDe los tres poderes, este no se vende\u201d y \u201cM\u00e9xico, escucha, esta es tu defensa\u201d, entre otras otras consignas, lanzaron los manifestantes.<\/p>\n\n\n\n<p>Entre el continente de apoyo al PJF, de entre 300 y 400 personas, <strong>se encontraban simpatizantes de la aspirante presidencial panista, X\u00f3chitl G\u00e1lvez Ruiz: los denominados \u201cXochilovers\u201d, el exalcalde Erick Marte Villanueva y la consejera nacional albiazul Irma Beatriz Ch\u00e1vez R\u00edos.<\/strong><\/p>\n\n\n\n<figure class=\"wp-block-image size-large is-resized\"><img fetchpriority=\"high\" decoding=\"async\" src=\"https:\/\/revistaacropolis.com\/wp-content\/uploads\/2023\/10\/7f5206f9-0cff-47b6-8228-54c212cd64ae-1024x576.jpeg\" alt=\"\" class=\"wp-image-9623\" width=\"377\" height=\"212\" srcset=\"https:\/\/revistaacropolis.com\/wp-content\/uploads\/2023\/10\/7f5206f9-0cff-47b6-8228-54c212cd64ae-1024x576.jpeg 1024w, https:\/\/revistaacropolis.com\/wp-content\/uploads\/2023\/10\/7f5206f9-0cff-47b6-8228-54c212cd64ae-300x169.jpeg 300w, https:\/\/revistaacropolis.com\/wp-content\/uploads\/2023\/10\/7f5206f9-0cff-47b6-8228-54c212cd64ae-768x432.jpeg 768w, https:\/\/revistaacropolis.com\/wp-content\/uploads\/2023\/10\/7f5206f9-0cff-47b6-8228-54c212cd64ae-1536x864.jpeg 1536w, https:\/\/revistaacropolis.com\/wp-content\/uploads\/2023\/10\/7f5206f9-0cff-47b6-8228-54c212cd64ae-600x338.jpeg 600w, https:\/\/revistaacropolis.com\/wp-content\/uploads\/2023\/10\/7f5206f9-0cff-47b6-8228-54c212cd64ae.jpeg 1600w\" sizes=\"(max-width: 377px) 100vw, 377px\" \/><\/figure>\n\n\n\n<p>Francisco Moreno L\u00f3pez, secretario general del sindicato del Poder Judicial Federal en Hidalgo, afirm\u00f3 en entrevista que <strong>los integrantes de ese poder levanta \u201cla voz\u201d al verse \u201cen un ataque latente\u201d a las prestaciones que est\u00e1n fijadas en la Constituci\u00f3n federal,<\/strong> en las condiciones general de trabajo y en la Ley General de los Trabajadores al Servicio del Estado, que -asever\u00f3- se ver\u00e1n afectada de concretar la eliminaci\u00f3n de las bolsas de econ\u00f3micas por 15 mil millones de pesos.<\/p>\n\n\n\n<figure class=\"wp-block-image size-large\"><img decoding=\"async\" width=\"1024\" height=\"576\" src=\"https:\/\/revistaacropolis.com\/wp-content\/uploads\/2023\/10\/327f6f52-d5d7-4731-abee-27e7e92a423f-1024x576.jpeg\" alt=\"\" class=\"wp-image-9624\" srcset=\"https:\/\/revistaacropolis.com\/wp-content\/uploads\/2023\/10\/327f6f52-d5d7-4731-abee-27e7e92a423f-1024x576.jpeg 1024w, https:\/\/revistaacropolis.com\/wp-content\/uploads\/2023\/10\/327f6f52-d5d7-4731-abee-27e7e92a423f-300x169.jpeg 300w, https:\/\/revistaacropolis.com\/wp-content\/uploads\/2023\/10\/327f6f52-d5d7-4731-abee-27e7e92a423f-768x432.jpeg 768w, https:\/\/revistaacropolis.com\/wp-content\/uploads\/2023\/10\/327f6f52-d5d7-4731-abee-27e7e92a423f-1536x864.jpeg 1536w, https:\/\/revistaacropolis.com\/wp-content\/uploads\/2023\/10\/327f6f52-d5d7-4731-abee-27e7e92a423f-600x338.jpeg 600w, https:\/\/revistaacropolis.com\/wp-content\/uploads\/2023\/10\/327f6f52-d5d7-4731-abee-27e7e92a423f.jpeg 1600w\" sizes=\"(max-width: 1024px) 100vw, 1024px\" \/><\/figure>\n\n\n\n<p>Adem\u00e1s, acus\u00f3 una ofensiva y \u201cembates\u201d a la instituci\u00f3n judicial por parte del Poder Ejecutivo federal.<\/p>\n\n\n\n<p>Afirm\u00f3 que cuando se rebasa el seguro de gastos medios mayores, que es \u201cb\u00e1sico el monto\u201d, entra el fideicomiso para gastos complementario. Seg\u00fan el representante sindical, al quitarlos <strong>tambi\u00e9n se afectan las pensiones, la seguridad social y el apoyo a vivienda.<\/strong><\/p>\n\n\n\n<figure class=\"wp-block-image size-large\"><img decoding=\"async\" width=\"1024\" height=\"683\" src=\"https:\/\/revistaacropolis.com\/wp-content\/uploads\/2023\/10\/IMG_9221-1024x683.jpeg\" alt=\"\" class=\"wp-image-9621\" srcset=\"https:\/\/revistaacropolis.com\/wp-content\/uploads\/2023\/10\/IMG_9221-1024x683.jpeg 1024w, https:\/\/revistaacropolis.com\/wp-content\/uploads\/2023\/10\/IMG_9221-300x200.jpeg 300w, https:\/\/revistaacropolis.com\/wp-content\/uploads\/2023\/10\/IMG_9221-768x512.jpeg 768w, https:\/\/revistaacropolis.com\/wp-content\/uploads\/2023\/10\/IMG_9221-1536x1024.jpeg 1536w, https:\/\/revistaacropolis.com\/wp-content\/uploads\/2023\/10\/IMG_9221-600x400.jpeg 600w, https:\/\/revistaacropolis.com\/wp-content\/uploads\/2023\/10\/IMG_9221.jpeg 1920w\" sizes=\"(max-width: 1024px) 100vw, 1024px\" \/><\/figure>\n\n\n\n<p>El pr\u00f3ximo martes <strong>el Senado de la rep\u00fablica votar\u00e1 el dictamen <\/strong>aprobado por la C\u00e1mara de Diputados para la eliminaci\u00f3n de los fidecomisos judiciales.<\/p>\n\n\n\n<p>De avalarse, afirm\u00f3, <strong>promover\u00e1n \u201calgunas acciones legales\u201d como la de inconstitucionalidad<\/strong> o la interposici\u00f3n de un amparo colectivo.<\/p>\n\n\n\n<figure class=\"wp-block-image size-large\"><img loading=\"lazy\" decoding=\"async\" width=\"1024\" height=\"683\" src=\"https:\/\/revistaacropolis.com\/wp-content\/uploads\/2023\/10\/IMG_9211-1024x683.jpeg\" alt=\"\" class=\"wp-image-9622\" srcset=\"https:\/\/revistaacropolis.com\/wp-content\/uploads\/2023\/10\/IMG_9211-1024x683.jpeg 1024w, https:\/\/revistaacropolis.com\/wp-content\/uploads\/2023\/10\/IMG_9211-300x200.jpeg 300w, https:\/\/revistaacropolis.com\/wp-content\/uploads\/2023\/10\/IMG_9211-768x512.jpeg 768w, https:\/\/revistaacropolis.com\/wp-content\/uploads\/2023\/10\/IMG_9211-1536x1024.jpeg 1536w, https:\/\/revistaacropolis.com\/wp-content\/uploads\/2023\/10\/IMG_9211-600x400.jpeg 600w, https:\/\/revistaacropolis.com\/wp-content\/uploads\/2023\/10\/IMG_9211.jpeg 1920w\" sizes=\"(max-width: 1024px) 100vw, 1024px\" \/><\/figure>\n\n\n\n<p>El dirigente sindical agreg\u00f3 que en Hidalgo ente 720 y 730 sindicalizados y personal de confianza se ver\u00edan afectados con la ca\u00edda de las subvenciones.<\/p>\n\n\n\n<blockquote class=\"wp-block-quote is-layout-flow wp-block-quote-is-layout-flow\">\n<p>Mermar\u00eda mucho la calidad y el servicio que se le brinda a la sociedad, que es muy importante, realizamos trabajos arduos y las cargas de trabajo son largas horas de trabajo. Los compa\u00f1eros no solamente trabajan las ocho horas, como marca la ley general del trabajo, algunos trabajan hasta 20 horas diarias porque, aparte de que salen del trabajo, se llevan trabajo a desempe\u00f1ar en sus hogares, entonces el servicio para el justiciable se ver\u00eda afectado, porque se tardar\u00eda m\u00e1s una atenci\u00f3n debida, como marca la Constituci\u00f3n, una justicia pronta, completa e imparcial y sobre todo gratuita\u201d, expres\u00f3.<\/p>\n<\/blockquote>\n\n\n\n<h3 class=\"wp-block-heading\"><br>DatoAcro<\/h3>\n\n\n\n<p><em>-El l\u00edder sindical dijo que su l\u00edder nacional tendr\u00e1 una intervenci\u00f3n en el parlamento abierto, el pr\u00f3ximo martes, d\u00eda en el que todos los secretarios estatales sindicales del PJF asistir\u00e1n para apoyarlo<\/em>.<\/p>\n","protected":false},"excerpt":{"rendered":"<p>Trabajadores del Poder Judicial de la Federaci\u00f3n (PJF) y sus familiares, abogados\u00a0\u00a0y miembros del Partido Acci\u00f3n Nacional (PAN) marcharon del Reloj a la plaza Ju\u00e1rez y de vuelta en protesta&hellip; <\/p>\n","protected":false},"author":4,"featured_media":9626,"comment_status":"closed","ping_status":"closed","sticky":false,"template":"","format":"standard","meta":{"two_page_speed":[],"_joinchat":[],"footnotes":""},"categories":[1],"tags":[2121,404,867],"class_list":["post-9619","post","type-post","status-publish","format-standard","has-post-thumbnail","hentry","category-politica","tag-fideicomisos","tag-marcha","tag-poder-judicial"],"_links":{"self":[{"href":"https:\/\/revistaacropolis.com\/index.php\/wp-json\/wp\/v2\/posts\/9619","targetHints":{"allow":["GET"]}}],"collection":[{"href":"https:\/\/revistaacropolis.com\/index.php\/wp-json\/wp\/v2\/posts"}],"about":[{"href":"https:\/\/revistaacropolis.com\/index.php\/wp-json\/wp\/v2\/types\/post"}],"author":[{"embeddable":true,"href":"https:\/\/revistaacropolis.com\/index.php\/wp-json\/wp\/v2\/users\/4"}],"replies":[{"embeddable":true,"href":"https:\/\/revistaacropolis.com\/index.php\/wp-json\/wp\/v2\/comments?post=9619"}],"version-history":[{"count":1,"href":"https:\/\/revistaacropolis.com\/index.php\/wp-json\/wp\/v2\/posts\/9619\/revisions"}],"predecessor-version":[{"id":9625,"href":"https:\/\/revistaacropolis.com\/index.php\/wp-json\/wp\/v2\/posts\/9619\/revisions\/9625"}],"wp:featuredmedia":[{"embeddable":true,"href":"https:\/\/revistaacropolis.com\/index.php\/wp-json\/wp\/v2\/media\/9626"}],"wp:attachment":[{"href":"https:\/\/revistaacropolis.com\/index.php\/wp-json\/wp\/v2\/media?parent=9619"}],"wp:term":[{"taxonomy":"category","embeddable":true,"href":"https:\/\/revistaacropolis.com\/index.php\/wp-json\/wp\/v2\/categories?post=9619"},{"taxonomy":"post_tag","embeddable":true,"href":"https:\/\/revistaacropolis.com\/index.php\/wp-json\/wp\/v2\/tags?post=9619"}],"curies":[{"name":"wp","href":"https:\/\/api.w.org\/{rel}","templated":true}]}}